{"id":12186,"date":"2020-11-04T20:23:00","date_gmt":"2020-11-04T19:23:00","guid":{"rendered":"https:\/\/wncri.org\/fr\/?p=12186"},"modified":"2020-11-05T20:28:36","modified_gmt":"2020-11-05T19:28:36","slug":"prisonnieres-politiques-en-iran","status":"publish","type":"post","link":"https:\/\/wncri.org\/fr\/2020\/11\/04\/prisonnieres-politiques-en-iran\/","title":{"rendered":"Rapport Mensuel Octobre 2020 : Violation des droits fondamentaux des prisonni\u00e8res politiques en Iran"},"content":{"rendered":"\n<div class=\"wp-block-file\"><a href=\"https:\/\/wncri.org\/fr\/wp-content\/uploads\/2020\/11\/Monthly-October-2020_FR.pdf\">Rapport Mensuel Octobre 2020<\/a><a href=\"https:\/\/wncri.org\/fr\/wp-content\/uploads\/2020\/11\/Monthly-October-2020_FR.pdf\" class=\"wp-block-file__button\" download>Download<\/a><\/div>\n\n\n\n<h2 class=\"wp-block-heading\"><strong>Violation des droits fondamentaux des prisonni\u00e8res politiques en Iran<\/strong><\/h2>\n\n\n\n<h3 class=\"wp-block-heading\"><em>Elles sont les principales cibles de la vindicte du r\u00e9gime cl\u00e9rical<\/em><\/h3>\n\n\n\n<p>En octobre, les droits les plus fondamentaux des prisonni\u00e8res politiques en Iran ont \u00e9t\u00e9 viol\u00e9s. Le r\u00e9gime cl\u00e9rical a adopt\u00e9 diverses mesures inhumaines, notamment \u00e0 l&#8217;encontre des prisonni\u00e8res politiques.<\/p>\n\n\n\n<p>Assi\u00e9g\u00e9 par diverses crises politiques, sociales et \u00e9conomiques, et face au m\u00e9contentement croissant de la population, la dictature religieuse n&#8217;a d&#8217;autre r\u00e9ponse que d&#8217;intensifier la r\u00e9pression. &nbsp;<\/p>\n\n\n\n<p>Elle a multipli\u00e9 les ex\u00e9cutions, les arrestations, les peines humiliantes et les condamnations plus lourdes que les d\u00e9lits pr\u00e9sum\u00e9s.<\/p>\n\n\n\n<p>Ainsi, le r\u00e9gime cl\u00e9rical tente des d\u00e9monstrations de force pour dissimuler sa formidable instabilit\u00e9. Pour ce faire, il a utilis\u00e9 toutes les ressources du pays non pas pour lutter contre le coronavirus mais intensifier la r\u00e9pression.<\/p>\n\n\n\n<h3 class=\"wp-block-heading\"><strong> Captives menott\u00e9es, victimes imm\u00e9diates<\/strong><\/h3>\n\n\n\n<p>Les prisonniers politiques sont les plus opprim\u00e9s de tous les secteurs et groupes sociaux. Ce sont des captifs menott\u00e9s qui portent le poids de la vengeance du r\u00e9gime en toutes circonstances.<\/p>\n\n\n\n<p>Ils ont \u00e9t\u00e9 incarc\u00e9r\u00e9s simplement pour avoir exprim\u00e9 une opinion politique diff\u00e9rente ou pour leurs activit\u00e9s de d\u00e9fense des droits humains. En premier lieu, ils ne devraient pas \u00eatre en prison.<\/p>\n\n\n\n<p>Le r\u00e9gime des mollahs non seulement ne lib\u00e8re pas les prisonniers politiques, m\u00eame temporairement, mais il envoie chaque jour de plus en plus de dissidents en prison.<\/p>\n\n\n\n<p>Les mollahs ont profit\u00e9 du coronavirus pour \u00e9liminer leurs captifs.<\/p>\n\n\n\n<p>Les prisons ne re\u00e7oivent pas de ressources ni d&#8217;\u00e9quipements hygi\u00e9niques pour prot\u00e9ger les d\u00e9tenus contre le virus. La p\u00e9nurie d&#8217;eau, de d\u00e9tergents et de d\u00e9sinfectants, la p\u00e9nurie d&#8217;\u00e9quipements de protection comme les masques et les gants, le manque d&#8217;espace de quarantaine et des soins m\u00e9dicaux inad\u00e9quats ont tous acc\u00e9l\u00e9r\u00e9 la propagation du coronavirus dans les prisons iraniennes.<\/p>\n\n\n\n<p>Non seulement il n\u2019y a pas de s\u00e9paration des cat\u00e9gories de d\u00e9tenus dans les prisons pour femmes, mais m\u00eame des d\u00e9tenues malades atteints de maladies contagieuses sont m\u00eal\u00e9es aux autres.<\/p>\n\n\n\n<p>Voici un bref aper\u00e7u des mesures inhumaines prises par le r\u00e9gime cl\u00e9rical dans les prisons contre les prisonni\u00e8res politiques en Iran au mois d\u2019octobre:<\/p>\n\n\n\n<h3 class=\"wp-block-heading\"><strong> Refus de traitement et de soins m\u00e9dicaux<\/strong><\/h3>\n\n\n\n<p>L&#8217;une des m\u00e9thodes couramment utilis\u00e9es par le r\u00e9gime cl\u00e9rical pour torturer \u00e0 mort les prisonniers politiques est de les priver de soins m\u00e9dicaux. Il y a eu plusieurs cas dans le quartier des femmes de la prison d\u2019Evine le mois dernier. Les d\u00e9tenues atteintes de maladies graves ont \u00e9t\u00e9 soit priv\u00e9es de tout traitement, soit envoy\u00e9es \u00e0 l&#8217;h\u00f4pital mais renvoy\u00e9es avant d&#8217;\u00eatre soign\u00e9es.<\/p>\n\n\n\n<ul class=\"wp-block-list\"><li>Fatemeh Mosanna souffre d&#8217;une infection intestinale. Elle souffrait <a href=\"https:\/\/wncri.org\/fr\/2020\/10\/29\/fatemeh-mosanna-renvoyee-en-p\/\" target=\"_blank\" rel=\"noreferrer noopener\">d&#8217;h\u00e9morragie interne<\/a> depuis un mois. La clinique d\u2019Evin a annonc\u00e9 qu\u2019elle ne pouvait rien faire pour son traitement. Elle est tomb\u00e9e gravement malade deux fois au cours du mois dernier. La deuxi\u00e8me fois, c&#8217;\u00e9tait le 17 octobre, lorsque les autorit\u00e9s p\u00e9nitentiaires ont refus\u00e9 de l&#8217;envoyer \u00e0 l&#8217;h\u00f4pital ou m\u00eame de lui accorder un cong\u00e9 de maladie.<\/li><\/ul>\n\n\n\n<p>Enfin, le 27 octobre, lorsque Fatemeh Mosanna a subi un autre saignement intestinal abondant, les autorit\u00e9s ont accept\u00e9 de l&#8217;envoyer \u00e0 l&#8217;h\u00f4pital de Taleghani.<\/p>\n\n\n\n<p>L\u00e0, le m\u00e9decin a dit qu&#8217;elle devait \u00eatre trait\u00e9e sous sa supervision. Mais si le traitement ne s&#8217;est pas av\u00e9r\u00e9 efficace, il a d\u00fb l&#8217;op\u00e9rer.<\/p>\n\n\n\n<p>Malgr\u00e9 ses conditions critiques, les gardiens de prison l&#8217;ont renvoy\u00e9e en prison. L&#8217;ordre est venu du minist\u00e8re des Renseignements et du procureur charg\u00e9 de la surveillance des prisonniers politiques.<\/p>\n\n\n\n<ul class=\"wp-block-list\"><li><a href=\"https:\/\/wncri.org\/fr\/2020\/10\/14\/la-prisonniere-politique-saba-kord\/\" target=\"_blank\" rel=\"noreferrer noopener\">Saba Kord Afshari<\/a>, qui s&#8217;\u00e9tait bless\u00e9e \u00e0 la cheville, devait se faire enlever son pl\u00e2tre. Sa cheville \u00e9tait contusionn\u00e9e et enfl\u00e9e. Les autorit\u00e9s p\u00e9nitentiaires ne lui ont pas fourni le service m\u00e9dical dont elle avait besoin. Alors, elle a d\u00fb enlever le pl\u00e2tre d&#8217;elle-m\u00eame.<\/li><li>L&#8217;\u00e9crivaine kurde <a href=\"https:\/\/wncri.org\/fr\/2020\/09\/03\/deux-femmes-kurdes-entament-une-greve-de-la-faim-a-la-prison-devine-en-iran\/\" target=\"_blank\" rel=\"noreferrer noopener\">Mojgan Kavousi<\/a> doit \u00e9galement \u00eatre op\u00e9r\u00e9e. Mais les autorit\u00e9s de la prison d&#8217;Evine ne lui ont pas permis de se faire op\u00e9rer dans l&#8217;h\u00f4pital de son choix. Ils insistent pour qu&#8217;elle soit op\u00e9r\u00e9e \u00e0 l&#8217;h\u00f4pital Taleghani. Or cet h\u00f4pital est rempli de patients COVID-19, et Mojgan Kavousi n&#8217;accepte pas d&#8217;y aller.<\/li><li>Dans le quartier des femmes de la prison de Tabriz, la prisonni\u00e8re politique <a href=\"https:\/\/wncri.org\/fr\/2020\/10\/03\/prisonniere-politique-massoumeh-senobari\/\" target=\"_blank\" rel=\"noreferrer noopener\">Massoumeh Senobari<\/a> purge huit ans de prison pour avoir soutenu l\u2019Organisation des Moudjahidine du peuple d\u2019Iran (OMPI \/ MEK). Elle est d\u00e9tenue parmi des prisonniers ordinaires et subit de fortes pressions. Elle a contract\u00e9 le COVID-19.<\/li><\/ul>\n\n\n\n<p>Mme Senobari souffre d&#8217;une vision floue, d&#8217;une jambe droite cass\u00e9e et d&#8217;autres maladies dues \u00e0 la torture pendant son interrogatoire. Mais les autorit\u00e9s p\u00e9nitentiaires ont refus\u00e9 de lui accorder un cong\u00e9 m\u00e9dical pour se faire soigner.<\/p>\n\n\n\n<ul class=\"wp-block-list\"><li>Dans le quartier des femmes de la prison Sepidar d&#8217;Ahvaz, la prisonni\u00e8re politique <a href=\"https:\/\/wncri.org\/fr\/2020\/10\/17\/prisonniere-politique-nejat\/\" target=\"_blank\" rel=\"noreferrer noopener\">Nejat Anvar Hamidi<\/a> souffre d&#8217;une mauvaise vue, de complications thyro\u00efdiennes et de maux de t\u00eate chroniques. De plus, elle a contract\u00e9 le coronavirus. Cette prisonni\u00e8re de 62 ans a \u00e9t\u00e9 arr\u00eat\u00e9e en mars 2019 et d\u00e9tenue \u00e0 la prison de Sepidar pour y purger sa peine de 5 ans. Elle est accus\u00e9e d&#8217;\u00eatre membre de l&#8217;Organisation des Moudjahidine du peuple d&#8217;Iran (OMPI\/MEK). Les autorit\u00e9s de la prison de Sepidar l&#8217;ont jusqu&#8217;\u00e0 pr\u00e9sent emp\u00each\u00e9e de recevoir des soins m\u00e9dicaux.<\/li><\/ul>\n\n\n\n<h3 class=\"wp-block-heading\"><strong> Relocalisation des prisonni\u00e8res politiques d&#8217;Evine<\/strong><\/h3>\n\n\n\n<p>Une autre m\u00e9thode du r\u00e9gime cl\u00e9rical pour augmenter la pression sur les prisonni\u00e8res politiques en Iran consiste \u00e0 les envoyer dans des prisons o\u00f9 elles sont d\u00e9tenues parmi les prisonni\u00e8res de droit commun et les criminelles dangereuses.<\/p>\n\n\n\n<p>\u00c0 cette fin, au moins 7 prisonni\u00e8res politiques ont \u00e9t\u00e9 transf\u00e9r\u00e9es du quartier des femmes d&#8217;Evine vers d&#8217;autres prisons o\u00f9 la s\u00e9paration des cat\u00e9gories n&#8217;est pas respect\u00e9e.<\/p>\n\n\n\n<ul class=\"wp-block-list\"><li>La prisonni\u00e8re de conscience baha\u00efe Elham Barmaki, qui devait \u00eatre lib\u00e9r\u00e9e sous condition, a \u00e9t\u00e9 transf\u00e9r\u00e9e du quartier des femmes d&#8217;Evine \u00e0 la prison de Qarchak le 5 octobre 2020.<\/li><li>L&#8217;avocate <a href=\"https:\/\/wncri.org\/fr\/2020\/10\/22\/les-autorites-devine\/\" target=\"_blank\" rel=\"noreferrer noopener\">Nasrin Sotoudeh<\/a> a \u00e9t\u00e9 transf\u00e9r\u00e9e \u00e0 la prison de Qarchak le 20 octobre 2020. Les autorit\u00e9s de la prison d&#8217;Evine l&#8217;ont faite sortir du service sous pr\u00e9texte de l&#8217;envoyer \u00e0 l&#8217;h\u00f4pital, mais l&#8217;ont envoy\u00e9e \u00e0 la place \u00e0 la prison de Qarchak.<\/li><li>Yasaman Ariyani et sa m\u00e8re, Monireh Arabshahi, ont \u00e9t\u00e9 envoy\u00e9es de la prison d&#8217;Evine \u00e0 la prison de Kachoui \u00e0 Karaj le 21 octobre 2020. Elles sont emprisonn\u00e9es pour avoir manifest\u00e9 leur opposition au voile obligatoire. Elles sont condamn\u00e9es \u00e0 9 ans et 7 mois de prison, chacune.<\/li><li><a href=\"https:\/\/wncri.org\/fr\/2020\/10\/27\/la-prisonniere-politique-maryam-banou-nassiri\/\" target=\"_blank\" rel=\"noreferrer noopener\">Maryam Nassiri<\/a> a \u00e9t\u00e9 transf\u00e9r\u00e9e \u00e0 la prison de Qarchak le 22 octobre 2020, \u00e0 la fin de ses interrogatoires. Elle \u00e9tait auparavant d\u00e9tenue sous la torture en isolement dans le quartier 209 de la prison d&#8217;Evine.<\/li><\/ul>\n\n\n\n<p>Cette prisonni\u00e8re politique de 62 ans est avocate et m\u00e8re de quatre enfants. Elle a \u00e9t\u00e9 emprisonn\u00e9e pendant trois ans dans les ann\u00e9es 1980 pour avoir soutenu l&#8217;Organisation des Moudjahidine du peuple d&#8217;Iran (OMPI\/MEK).<\/p>\n\n\n\n<ul class=\"wp-block-list\"><li>La prisonni\u00e8re politique kurde Sakineh Parvaneh a \u00e9t\u00e9 retir\u00e9e du quartier des femmes de la prison d&#8217;Evine et envoy\u00e9e \u00e0 la prison de Qouchan le 27 octobre 2020. Elle avait \u00e9t\u00e9 pr\u00e9c\u00e9demment d\u00e9tenue dans la prison de Qarchak mais avait \u00e9t\u00e9 renvoy\u00e9e \u00e0 Evine apr\u00e8s avoir entam\u00e9 une gr\u00e8ve de la faim<\/li><li>Quelque <a href=\"https:\/\/wncri.org\/fr\/2020\/10\/28\/300-prisonnieres\/\" target=\"_blank\" rel=\"noreferrer noopener\">300 prisonni\u00e8res<\/a> ordinaires et politiques de toute la province de l&#8217;Azerba\u00efdjan occidentale ont \u00e9t\u00e9 transf\u00e9r\u00e9es \u00e0 la prison centrale d\u2019Oroumieh le 23 octobre 2020. Le transfert a eu lieu sur ordre du pouvoir judiciaire. Plus de 200 prisonni\u00e8res \u00e9taient d\u00e9j\u00e0 d\u00e9tenues dans le quartier des femmes de cette prison.<\/li><\/ul>\n\n\n\n<p>La prison de Qarchak \u00e0 Varamine et la prison centrale d\u2019Oroumieh sont parmi les pires prisons touch\u00e9es par le coronavirus en Iran.<\/p>\n\n\n\n<p>De nombreux manifestantes arr\u00eat\u00e9es lors du soul\u00e8vement de novembre 2019 sont d\u00e9tenues dans la prison de Qarchak. Il s&#8217;agit notamment de Raha Ahmadi, Zeinab Alipour, Leila Akbari, Samira Hadian, Guita Horr, Parizad Hamidi Shafaq et Zohreh Sarv.<\/p>\n\n\n\n<p>Les informations en provenance du quartier des femmes d&#8217;Evine indiquent qu&#8217;apr\u00e8s les transf\u00e8rements, le climat de r\u00e9pression dans le quartier s&#8217;est intensifi\u00e9. Les autorit\u00e9s p\u00e9nitentiaires ont r\u00e9duit la dur\u00e9e des appels t\u00e9l\u00e9phoniques, affirmant qu&#8217;il y a des probl\u00e8mes concernant les lignes t\u00e9l\u00e9phoniques.<\/p>\n\n\n\n<p>Les rapports indiquent \u00e9galement que les prisonni\u00e8res relocalis\u00e9es n&#8217;ont pas eu la possibilit\u00e9 d&#8217;emporter leurs articles d&#8217;hygi\u00e8ne et autres articles essentiels.<\/p>\n\n\n\n<p>En plus d&#8217;augmenter la pression sur les prisonni\u00e8res politiques en Iran, les transferts visent \u00e0 ouvrir un espace pour de nouvelles d\u00e9tenues dans les prochains jours.<\/p>\n\n\n\n<p>Il est \u00e9galement largement admis que les autorit\u00e9s p\u00e9nitentiaires pr\u00e9voient de fermer le quartier des femmes d&#8217;Evine. Il s&#8217;agit du seul quartier pour femmes dans le pays o\u00f9 les prisonni\u00e8res politiques sont s\u00e9par\u00e9es des d\u00e9tenues de droit commun.<\/p>\n\n\n\n<h3 class=\"wp-block-heading\"><strong> Harc\u00e8lement et intimidation des prisonni\u00e8res politiques \u00e0 Qarchak<\/strong><\/h3>\n\n\n\n<p>Les autorit\u00e9s de la sinistre prison de Qarchak ont recueilli des signatures sur une lettre contre les d\u00e9tenues politiques afin de les emp\u00eacher de se rendre \u00e0 l&#8217;atelier et de parler \u00e0 d&#8217;autres prisonni\u00e8res.<\/p>\n\n\n\n<p>La derni\u00e8re semaine d&#8217;octobre, des informations ont \u00e9t\u00e9 re\u00e7ues indiquant que Mirza\u00ef, le directeur adjoint de Qarchak, et Asgari, le responsable de l&#8217;atelier de la prison, avaient fait circuler une lettre parmi les prisonni\u00e8res de droit commun. La lettre disait que les d\u00e9tenues politiques, en particulier Zahra Safa\u2019i, contestait le r\u00e9gime et discutaient de questions politiques en se rendant \u00e0 l&#8217;atelier.<\/p>\n\n\n\n<p>Sur la base de cette lettre, le directeur de la prison a interdit \u00e0 ces d\u00e9tenues se rendre \u00e0 l&#8217;atelier.<\/p>\n\n\n\n<p>Les prisonni\u00e8res politiques, dont Zahra Safa\u2019i, Parastou Mo\u00efni, Forough Taghipour, Maryam Nassiri et Golrokh Iraee, ont protest\u00e9 contre ces nouvelles restrictions en tambourinant \u00e0 la porte et en scandant &#8220;A bas le dictateur&#8221;.<\/p>\n\n\n\n<p>Apr\u00e8s cet incident, les prisonni\u00e8res politiques se sont adress\u00e9s aux signataires de la lettre. Il est apparu clairement que 10 signataires \u00e9taient de nouvelles arrivantes et ne savaient rien du contenu de la lettre. Trois autres se sont excus\u00e9s aupr\u00e8s de Zahra Safa\u2019i et d&#8217;autres prisonni\u00e8res politiques. Elles ont d\u00e9clar\u00e9 l&#8217;avoir fait sous la pression des autorit\u00e9s.<\/p>\n\n\n\n<p>Le lendemain, Zahra Safa\u2019i a eu une attaque cardiaque apr\u00e8s avoir \u00e9t\u00e9 harcel\u00e9e et intimid\u00e9e par les responsables de la prison. Mais on ne lui a donn\u00e9 que quelques comprim\u00e9s et elle a \u00e9t\u00e9 renvoy\u00e9e en cellule.<\/p>\n\n\n\n<p>Zahra Safa\u2019i, sa fille Parastou Mo\u00efni et Forough Taghipour sont emprisonn\u00e9es \u00e0 Qarchak pour avoir soutenu l&#8217;Organisation des Moudjahidine du peuple d&#8217;Iran (OMPI\/MEK) et pour avoir diffus\u00e9 de la propagande contre la dictature.<\/p>\n\n\n\n<p>Elles ont \u00e9t\u00e9 agress\u00e9es \u00e0 plusieurs reprises dans cette prison par des d\u00e9tenues ordinaires engag\u00e9es et provoqu\u00e9es par le directeur de Qarchak. La vie de ces prisonni\u00e8res est en grave danger.<\/p>\n\n\n\n<h3 class=\"wp-block-heading\"><strong> Nouvelles arrestations et d\u00e9tentions<\/strong><\/h3>\n\n\n\n<p>Comme les mois pr\u00e9c\u00e9dents, le r\u00e9gime cl\u00e9rical a proc\u00e9d\u00e9 \u00e0 de nouvelles arrestations parmi les militantes des droits civils et humains.<\/p>\n\n\n\n<ul class=\"wp-block-list\"><li>Les services de renseignement des pasdarans \u00e0 Ilam-e Gharb ont arr\u00eat\u00e9 Khadijeh Mehdipour le 5 octobre 2020, pour ses postes sur Instagram.<\/li><li>Les services de renseignement ont arr\u00eat\u00e9 Shabnam Ashouri \u00e0 son domicile le 6 octobre 2020. Mme Ashouri est mari\u00e9e et vit \u00e0 T\u00e9h\u00e9ran. Elle est r\u00e9dactrice en chef et productrice d&#8217;Agahnameh, une publication sur le travail.<\/li><li>Les forces de s\u00e9curit\u00e9 ont arr\u00eat\u00e9 l&#8217;activiste sociale Neda Pirkhezranian \u00e0 T\u00e9h\u00e9ran le 6 octobre 2020.<\/li><li>Aliyeh Motallebzadeh et Ashraf Nafariyeh ont \u00e9t\u00e9 transf\u00e9r\u00e9es \u00e0 la prison d&#8217;Evine le 11 octobre 2020. Motallebzadeh est photographe de profession et militante des droits des femmes. Elle pr\u00e9side l&#8217;Association pour la d\u00e9fense de la libert\u00e9 de la presse. Ashraf Nafariyeh est une \u00e9tudiante militante.<\/li><li>Elham Samimi, \u00e9tudiante en anthropologie \u00e0 l&#8217;universit\u00e9 de T\u00e9h\u00e9ran, et la militante civile kurde Somayyeh Kargar, dipl\u00f4m\u00e9e en philosophie de l&#8217;universit\u00e9 de Tabriz, ont toutes deux \u00e9t\u00e9 arr\u00eat\u00e9es le 16 octobre \u00e0 T\u00e9h\u00e9ran.<\/li><li>Bahareh Soleimani, une travailleuse de la sant\u00e9 \u00e0 Karaj, a \u00e9t\u00e9 arr\u00eat\u00e9e le 16 octobre. Elle est actuellement d\u00e9tenue dans un service de s\u00e9curit\u00e9 et en isolement.<\/li><li>Les agents de renseignement ont arr\u00eat\u00e9 Nahid Taghavi, 66 ans, \u00e0 son domicile. Elle est actuellement d\u00e9tenue \u00e0 l&#8217;isolement \u00e0 Evine. Mme Taghavi a r\u00e9cemment subi une op\u00e9ration chirurgicale et souffre d&#8217;hypertension art\u00e9rielle. Elle est priv\u00e9e d&#8217;acc\u00e8s \u00e0 ses m\u00e9dicaments depuis son arrestation.<\/li><\/ul>\n\n\n\n<h3 class=\"wp-block-heading\"><strong> Nouvelles peines de prison<\/strong><\/h3>\n\n\n\n<p>Le r\u00e9gime cl\u00e9rical a prononc\u00e9 de nouvelles peines de prison pour un plus grand nombre d&#8217;activistes civils et politiques en octobre :<\/p>\n\n\n\n<ul class=\"wp-block-list\"><li>Le tribunal r\u00e9volutionnaire de T\u00e9h\u00e9ran a condamn\u00e9 Mme Faranguisse Mazloum, militante civile et m\u00e8re du prisonnier politique Soheil Arabi, \u00e0 18 mois de prison.<\/li><li>Le tribunal r\u00e9volutionnaire de Behbahan, dans la province de Khouzistan, a condamn\u00e9 Maryam Payab \u00e0 un an de prison et 74 coups de fouet le 22 octobre 2020. Elle est accus\u00e9e de trouble \u00e0 l&#8217;ordre public pour avoir particip\u00e9 au soul\u00e8vement de novembre 2019. Les forces de s\u00e9curit\u00e9 lui ont tir\u00e9 dans le dos et l&#8217;ont emmen\u00e9e en captivit\u00e9 malgr\u00e9 son \u00e9tat critique.<\/li><li>A Khorramabad, capitale de la province du Lorestan, dans l&#8217;ouest de l&#8217;Iran, Fatemeh Khoshrou a \u00e9t\u00e9 inform\u00e9e de sa condamnation \u00e0 un an de prison par e-mail le 22 octobre 2020. Mme Khoshrou avait \u00e9t\u00e9 arr\u00eat\u00e9e lors des manifestations de novembre 2019. Elle a \u00e9t\u00e9 brutalis\u00e9e dans le centre de d\u00e9tention du renseignement pour la forcer \u00e0 faire de faux aveux t\u00e9l\u00e9vis\u00e9s.<\/li><\/ul>\n\n\n\n<h3 class=\"wp-block-heading\"><strong> Raid sur les prisonni\u00e8res sans d\u00e9fense \u00e0 Kermanchah<\/strong><\/h3>\n\n\n\n<p>Les femmes emprisonn\u00e9es dans le centre de r\u00e9habilitation de Kermanchah ont organis\u00e9 une manifestation le 21 octobre 2020. Elles ont protest\u00e9 contre les dures conditions impos\u00e9es par le directeur de cette prison. Leur protestation pacifique a toutefois \u00e9t\u00e9 suivie d&#8217;une attaque des gardes sp\u00e9ciaux.<\/p>\n\n\n\n<p>Les gardes sp\u00e9ciaux les ont brutalis\u00e9 \u00e0 coups de matraques et leur ont lanc\u00e9 des gaz lacrymog\u00e8nes. Deux prisonni\u00e8res, Sheno Rahmati et Fatemeh Rahimi, ont \u00e9t\u00e9 s\u00e9v\u00e8rement battues. Elles ont \u00e9t\u00e9 tra\u00een\u00e9es sur le sol et mises \u00e0 l&#8217;isolement.<\/p>\n\n\n\n<p>Des manifestantes ont souffert d&#8217;essoufflement \u00e0 cause des gaz lacrymog\u00e8nes et du gaz poivr\u00e9 utilis\u00e9s par les gardiens.<\/p>\n\n\n\n<p>Soheila Zahiri, membre de la milice du Bassidj, dirige la section des femmes. Elle met en \u0153uvre les nouvelles r\u00e8gles s\u00e9v\u00e8res concernant les d\u00e9tenues, leur rendant la vie intol\u00e9rable.<\/p>\n\n\n\n<p>Quelques jours plus tard, la famille d&#8217;une des d\u00e9tenues a d\u00e9clar\u00e9 que \u00ab&nbsp;les autorit\u00e9s p\u00e9nitentiaires ont convoqu\u00e9 des prisonni\u00e8res et ont menac\u00e9 de les envoyer dans des prisons \u00e9loign\u00e9es. En outre, les malades ont \u00e9t\u00e9 punies en \u00e9tant priv\u00e9es de leurs m\u00e9dicaments, et d&#8217;autres prisonni\u00e8res sont soumises \u00e0 des restrictions pour passer des appels t\u00e9l\u00e9phoniques&nbsp;\u00bb.<\/p>\n\n\n\n<h3 class=\"wp-block-heading\"><strong> Prison de Tabriz &#8211; traitement inhumain d&#8217;une malade<\/strong><\/h3>\n\n\n\n<p>Des nouvelles r\u00e9centes de la prison de Tabriz indiquent qu&#8217;une femme de 60 ans du nom de Shahin Solhjou a contract\u00e9 un herp\u00e8s zoster. Les autorit\u00e9s de la prison de Tabriz ont d&#8217;abord transf\u00e9r\u00e9 Shahin Solhjou au dispensaire, puis \u00e0 l&#8217;isolement. Mais comme les gardiens de la prison avaient peur de contracter la maladie, ils l&#8217;ont renvoy\u00e9e dans la salle g\u00e9n\u00e9rale au bout de deux jours.<\/p>\n\n\n\n<p>Les d\u00e9tenues ont r\u00e9clam\u00e9 son hospitalisation. En r\u00e9action, les gardiens de prison ont eu recours \u00e0 une nouvelle mesure inhumaine, obligeant cette femme \u00e2g\u00e9e qui souffre \u00e0 dormir dans la cour pendant les nuits froides de l&#8217;automne.<\/p>\n\n\n\n<p>Quelque 150 d\u00e9tenues du quartier des femmes de la prison de Tabriz sont expos\u00e9es \u00e0 l&#8217;herp\u00e8s zoster. Au moins 9 prisonni\u00e8res ont contract\u00e9 le COVID-19 au cours de la derni\u00e8re semaine de septembre 2020.<\/p>\n","protected":false},"excerpt":{"rendered":"<p>Violation des droits fondamentaux des prisonni\u00e8res politiques en Iran Elles sont les principales cibles de la vindicte du r\u00e9gime cl\u00e9rical En octobre, les droits les plus fondamentaux des prisonni\u00e8res politiques en Iran ont \u00e9t\u00e9 viol\u00e9s. Le r\u00e9gime cl\u00e9rical a adopt\u00e9 diverses mesures inhumaines, notamment \u00e0 l&#8217;encontre des prisonni\u00e8res politiques. Assi\u00e9g\u00e9 par diverses crises politiques, sociales [&hellip;]<\/p>\n","protected":false},"author":4,"featured_media":12188,"comment_status":"closed","ping_status":"closed","sticky":false,"template":"","format":"standard","meta":{"jnews-multi-image_gallery":[],"jnews_single_post":{"subtitle":"","format":"standard","video":"","gallery":"","source_name":"","source_url":"","via_name":"","via_url":"","override":[{"single_blog_custom":"","sidebar":"","second_sidebar":"","share_position":"","share_float_style":"","post_date_format":"","post_date_format_custom":"","post_reading_time_wpm":"","zoom_button_out_step":"1","zoom_button_in_step":"1","number_popup_post":"1"}],"image_override":[{"single_post_thumbnail_size":"","single_post_gallery_size":""}],"trending_post_position":"","trending_post_label":"","sponsored_post_label":"","sponsored_post_name":"","sponsored_post_url":"","sponsored_post_logo":"","sponsored_post_desc":""},"jnews_primary_category":{"id":""},"jnews_social_meta":[],"jnews_override_counter":{"view_counter_number":"0","share_counter_number":"0","like_counter_number":"0","dislike_counter_number":"0"},"footnotes":""},"categories":[7],"tags":[370,376],"class_list":["post-12186","post","type-post","status-publish","format-standard","has-post-thumbnail","hentry","category-les-regles","tag-prisonnieres","tag-violence-contre-les-femmes"],"_links":{"self":[{"href":"https:\/\/wncri.org\/fr\/wp-json\/wp\/v2\/posts\/12186","targetHints":{"allow":["GET"]}}],"collection":[{"href":"https:\/\/wncri.org\/fr\/wp-json\/wp\/v2\/posts"}],"about":[{"href":"https:\/\/wncri.org\/fr\/wp-json\/wp\/v2\/types\/post"}],"author":[{"embeddable":true,"href":"https:\/\/wncri.org\/fr\/wp-json\/wp\/v2\/users\/4"}],"replies":[{"embeddable":true,"href":"https:\/\/wncri.org\/fr\/wp-json\/wp\/v2\/comments?post=12186"}],"version-history":[{"count":0,"href":"https:\/\/wncri.org\/fr\/wp-json\/wp\/v2\/posts\/12186\/revisions"}],"wp:featuredmedia":[{"embeddable":true,"href":"https:\/\/wncri.org\/fr\/wp-json\/wp\/v2\/media\/12188"}],"wp:attachment":[{"href":"https:\/\/wncri.org\/fr\/wp-json\/wp\/v2\/media?parent=12186"}],"wp:term":[{"taxonomy":"category","embeddable":true,"href":"https:\/\/wncri.org\/fr\/wp-json\/wp\/v2\/categories?post=12186"},{"taxonomy":"post_tag","embeddable":true,"href":"https:\/\/wncri.org\/fr\/wp-json\/wp\/v2\/tags?post=12186"}],"curies":[{"name":"wp","href":"https:\/\/api.w.org\/{rel}","templated":true}]}}