{"id":12182,"date":"2020-11-03T13:16:00","date_gmt":"2020-11-03T12:16:00","guid":{"rendered":"https:\/\/wncri.org\/fr\/?p=12182"},"modified":"2020-11-04T13:24:43","modified_gmt":"2020-11-04T12:24:43","slug":"eleves-en-iran","status":"publish","type":"post","link":"https:\/\/wncri.org\/fr\/2020\/11\/03\/eleves-en-iran\/","title":{"rendered":"Au moins 4 millions d\u2019\u00e9l\u00e8ves en Iran sont priv\u00e9s d&#8217;\u00e9ducation"},"content":{"rendered":"\n<h3 class=\"wp-block-heading\"><em>La majorit\u00e9 des enfants qui abandonnent leurs \u00e9tudes sont des jeunes filles<\/em><\/h3>\n\n\n\n<p>Le 4 novembre est la journ\u00e9e des \u00e9l\u00e8ves des \u00e9coles primaires et secondaires en Iran.<\/p>\n\n\n\n<p>Le 4 novembre 1978, des lyc\u00e9ens iraniens s\u2019\u00e9taient r\u00e9unis sur le campus de l&#8217;universit\u00e9 de T\u00e9h\u00e9ran pour protester contre le chah. Mais les gardes de l&#8217;universit\u00e9 avaient ouvert le feu sur eux, tuant une soixantaine de personnes et en blessant des centaines.<\/p>\n\n\n\n<p><a href=\"https:\/\/www.maryam-rajavi.com\/fr\/item\/maryam-radjavi-lyceens-etudiants-jeunesse-eveilles-iran-universitaire-liberte\" target=\"_blank\" rel=\"noreferrer noopener\">En ce jour<\/a> o\u00f9 nous rendons hommage aux \u00e9l\u00e8ves du primaire et du secondaire en Iran, des millions d\u2019\u00e9l\u00e8ves en Iran, principalement des filles, sont priv\u00e9s d&#8217;\u00e9ducation.<\/p>\n\n\n\n<p>Jusqu&#8217;\u00e0 l&#8217;ann\u00e9e derni\u00e8re, avant l&#8217;apparition du coronavirus, les estimations officielles \u00e9valuaient \u00e0 2 millions le nombre d\u2019enfants n&#8217;\u00e9taient pas scolaris\u00e9s en Iran. Apr\u00e8s la pand\u00e9mie, la situation s&#8217;est d\u00e9t\u00e9rior\u00e9e.<\/p>\n\n\n\n<p>Cette ann\u00e9e, les autorit\u00e9s affirment qu&#8217;entre 3,5 et 4 millions d\u2019\u00e9l\u00e8ves ne sont pas scolaris\u00e9s. Cependant, les pourcentages donnent une image bien pire de la situation.<\/p>\n\n\n\n<h3 class=\"wp-block-heading\"><strong>Donn\u00e9es de base sur la population des \u00e9l\u00e8ves iraniens<\/strong><\/h3>\n\n\n\n<p>Il y a environ 15 millions d&#8217;enfants en \u00e2ge scolaire en Iran, dont la moiti\u00e9 sont des filles.<\/p>\n\n\n\n<p>Les estimations varient de 2 \u00e0 4 millions sur le nombre d&#8217;enfants non scolaris\u00e9s et priv\u00e9s d&#8217;\u00e9ducation. Cela est principalement d\u00fb au fait que l&#8217;\u00e9ducation n&#8217;est ni gratuite ni obligatoire en Iran. Et les familles pauvres n&#8217;ont pas les moyens d&#8217;envoyer leurs enfants \u00e0 l&#8217;\u00e9cole. Au lieu de cela, les enfants partent travailler et aident la famille \u00e0 gagner sa vie.<\/p>\n\n\n\n<p>Selon le site officiel salamatnews.com, le 26 septembre 2018, il y a plus de 15 millions d&#8217;Iraniens en \u00e2ge scolaire, mais la population scolaire n&#8217;est que de 13 millions. Cela signifie qu&#8217;au moins 2 millions d\u2019\u00e9l\u00e8ves en Iran, dont un grand nombre de filles, n&#8217;ont pas pu aller \u00e0 l&#8217;\u00e9cole.<\/p>\n\n\n\n<p>Cela contredit un rapport de 2016 sur le nombre d&#8217;enfants analphab\u00e8tes disant qu&#8217;il y a plus de 3,2 millions d&#8217;enfants priv\u00e9s d&#8217;\u00e9ducation en Iran. (Site Mehrkhaneh, 5 d\u00e9cembre 2016) Les chiffres de ce rapport avaient \u00e9t\u00e9 recueillis en 2006.<\/p>\n\n\n\n<p>Et pourtant, un rapport de 2015 du Centre de recherche parlementaire avait fix\u00e9 le chiffre \u00e0 4 millions.<\/p>\n\n\n\n<p>Consid\u00e9rant qu&#8217;il n&#8217;y a pas eu d&#8217;am\u00e9lioration de l&#8217;\u00e9ducation en Iran, le minist\u00e8re de l&#8217;Education souffrant constamment de d\u00e9ficits budg\u00e9taires et luttant pour payer m\u00eame les salaires de ses enseignants, il semble que la nouvelle annonce vise \u00e0 minimiser la gravit\u00e9 de la situation plut\u00f4t qu&#8217;\u00e0 refl\u00e9ter la r\u00e9alit\u00e9.<\/p>\n\n\n\n<p>Et encore, le nombre de filles qui abandonnent leurs \u00e9tudes est quatre fois plus \u00e9lev\u00e9 que celui des gar\u00e7ons, a d\u00e9clar\u00e9 l&#8217;ann\u00e9e derni\u00e8re Massoumeh Ebtekar, l\u2019adjointe de Rouani charg\u00e9e des affaires f\u00e9minines et familiales. (Agence Mehr, 22 ao\u00fbt 2019)<\/p>\n\n\n\n<p>Mais tous ces chiffres sont li\u00e9s aux ann\u00e9es pr\u00e9c\u00e9dant l&#8217;apparition du coronavirus.<\/p>\n\n\n\n<figure class=\"wp-block-image size-large is-resized\"><img decoding=\"async\" src=\"data:image\/gif;base64,R0lGODlhAQABAIAAAAAAAP\/\/\/yH5BAEAAAAALAAAAAABAAEAAAIBRAA7\" data-src=\"https:\/\/wncri.org\/fr\/wp-content\/uploads\/2020\/11\/students-in-Iran-2La-Commission-des-femmes-du-CNRI.jpg\" alt=\"Chiffres post-pand\u00e9mie sur les abandons scolaires \" class=\"wp-image-12183 lazyload\" width=\"816\" height=\"408\"\/><noscript><img decoding=\"async\" src=\"https:\/\/wncri.org\/fr\/wp-content\/uploads\/2020\/11\/students-in-Iran-2La-Commission-des-femmes-du-CNRI.jpg\" alt=\"Chiffres post-pand\u00e9mie sur les abandons scolaires \" class=\"wp-image-12183 lazyload\" width=\"816\" height=\"408\" srcset=\"https:\/\/wncri.org\/fr\/wp-content\/uploads\/2020\/11\/students-in-Iran-2La-Commission-des-femmes-du-CNRI.jpg 750w, https:\/\/wncri.org\/fr\/wp-content\/uploads\/2020\/11\/students-in-Iran-2La-Commission-des-femmes-du-CNRI-300x150.jpg 300w, https:\/\/wncri.org\/fr\/wp-content\/uploads\/2020\/11\/students-in-Iran-2La-Commission-des-femmes-du-CNRI-360x180.jpg 360w\" sizes=\"(max-width: 816px) 100vw, 816px\" \/><\/noscript><\/figure>\n\n\n\n<h3 class=\"wp-block-heading\"><strong>Chiffres post-pand\u00e9mie sur les abandons scolaires<\/strong><\/h3>\n\n\n\n<p>L&#8217;agence de presse Tasnim a rapport\u00e9 le 20 juillet 2020 que la pauvret\u00e9 et le manque d&#8217;acc\u00e8s \u00e0 internet ont laiss\u00e9 50 % des \u00e9l\u00e8ves en Iran sans \u00e9cole. Cela repr\u00e9sente environ 7,5 millions d\u2019enfants.<\/p>\n\n\n\n<p>36% des \u00e9l\u00e8ves en Iran (environ 5,5 millions) qui vivent dans des villages et des r\u00e9gions recul\u00e9es n&#8217;ont pas les moyens d&#8217;acheter un smartphone ou une tablette, a \u00e9crit le journal Javan, affili\u00e9 aux pasdarans, le 5 septembre 2020.<\/p>\n\n\n\n<p>Hossein Ali Shahriari, chef de la commission de la sant\u00e9 du Parlement des mollahs, a affirm\u00e9 le 14 octobre 2020 que &#8220;3,5 millions d\u2019\u00e9l\u00e8ves en Iran n&#8217;ont pas acc\u00e8s \u00e0 des smartphones ou des tablettes&#8221;.<\/p>\n\n\n\n<p>Le porte-parole de la commission de l\u2019Education a \u00e9galement r\u00e9v\u00e9l\u00e9 que &#8220;3 millions d\u2019\u00e9l\u00e8ves n&#8217;ont pas de smartphones ou de tablettes pour avoir acc\u00e8s \u00e0 des cours en ligne. Plus de 50 % des villages n&#8217;ont pas acc\u00e8s \u00e0 l&#8217;internet&#8221;. (Modara.ir, 12 octobre 2020)<\/p>\n\n\n\n<p>3,5 millions d\u2019enfants en Iran n&#8217;ont pas les moyens de payer l&#8217;enseignement en ligne du minist\u00e8re de l&#8217;\u00e9ducation, ou n&#8217;ont pas les moyens d&#8217;acheter l&#8217;\u00e9quipement n\u00e9cessaire. Et m\u00eame s&#8217;ils les ont, ils n&#8217;ont pas acc\u00e8s \u00e0 l&#8217;internet. (Tejaratnews.ir, 14 octobre 2020)<\/p>\n\n\n\n<p>Un site semi-officiel a r\u00e9v\u00e9l\u00e9 l&#8217;ann\u00e9e derni\u00e8re que sur 12 enfants iraniens qui ne vont pas \u00e0 l&#8217;\u00e9cole, un seul est identifi\u00e9. (Site Alefba, 23 mai 2019)<\/p>\n\n\n\n<p>D&#8217;apr\u00e8s ce chiffre, le nombre d&#8217;enfants non scolaris\u00e9s devrait \u00eatre d&#8217;environ 36 millions.<\/p>\n\n\n\n<p>Cependant, il faut garder \u00e0 l&#8217;esprit qu&#8217;aucun des chiffres fournis par les autorit\u00e9s ou les m\u00e9dias n&#8217;est exact.<\/p>\n\n\n\n<h3 class=\"wp-block-heading\"><strong>Le coronavirus fait des ravages parmi les \u00e9l\u00e8ves<\/strong><\/h3>\n\n\n\n<p>Le coronavirus fait des ravages parmi les \u00e9l\u00e8ves en Iran. En plus des abandons scolaires, des nouvelles tragiques sont publi\u00e9es sur les suicides d\u2019enfants. Plusieurs se sont suicid\u00e9s parce qu&#8217;ils n&#8217;avaient pas les moyens d&#8217;acheter un smartphone.<\/p>\n\n\n\n<p>Parastou Jalili Azar, 13 ans, s&#8217;est suicid\u00e9e parce qu&#8217;elle ne pouvait pas avoir de smartphone pour poursuivre ses \u00e9tudes. Un gar\u00e7on de 11 ans s&#8217;est pendu parce qu&#8217;il n&#8217;avait pas de smartphone pour suivre les cours en ligne de leur \u00e9cole.<\/p>\n\n\n\n<p>Dans un autre incident, un jeune gar\u00e7on du nom de Mani Hashemi a failli perdre la vie lorsqu&#8217;il est tomb\u00e9 de la montagne. Il travaillait comme porteur de lourdes charges pour gagner de quoi acheter un smartphone.&nbsp;<\/p>\n\n\n\n<p>En attendant, l&#8217;\u00e9chelle horrible des d\u00e9c\u00e8s dus aux coronavirus en Iran inclut \u00e9galement de nombreux enfants.<\/p>\n\n\n\n<p>Plus de 30 000 enfants de moins de 18 ans ont \u00e9t\u00e9 contamin\u00e9s, dont pr\u00e8s de 300 sont morts. C&#8217;est ce qu&#8217;affirme Hossein Kermanpour, directeur des urgences de l&#8217;h\u00f4pital Sina de T\u00e9h\u00e9ran. (Etemadonline.ir, 2 octobre 2020)<\/p>\n\n\n\n<p>Minou Mohraz, membre du conseil scientifique du centre national de la lutte contre le coronavirus, a d\u00e9clar\u00e9 que c&#8217;\u00e9tait une mauvaise d\u00e9cision d&#8217;ouvrir les \u00e9coles le 5 septembre, alors que la plupart du pays \u00e9tait dans le rouge. (Journal Entekhab, 30 septembre 2020)<\/p>\n","protected":false},"excerpt":{"rendered":"<p>La majorit\u00e9 des enfants qui abandonnent leurs \u00e9tudes sont des jeunes filles Le 4 novembre est la journ\u00e9e des \u00e9l\u00e8ves des \u00e9coles primaires et secondaires en Iran. Le 4 novembre 1978, des lyc\u00e9ens iraniens s\u2019\u00e9taient r\u00e9unis sur le campus de l&#8217;universit\u00e9 de T\u00e9h\u00e9ran pour protester contre le chah. Mais les gardes de l&#8217;universit\u00e9 avaient ouvert [&hellip;]<\/p>\n","protected":false},"author":4,"featured_media":12184,"comment_status":"closed","ping_status":"closed","sticky":false,"template":"","format":"standard","meta":{"jnews-multi-image_gallery":[],"jnews_single_post":{"subtitle":"","format":"standard","video":"","gallery":"","source_name":"","source_url":"","via_name":"","via_url":"","override":[{"single_blog_custom":"","sidebar":"","second_sidebar":"","share_position":"","share_float_style":"","post_date_format":"","post_date_format_custom":"","post_reading_time_wpm":"","zoom_button_out_step":"1","zoom_button_in_step":"1","number_popup_post":"1"}],"image_override":[{"single_post_thumbnail_size":"","single_post_gallery_size":""}],"trending_post_position":"","trending_post_label":"","sponsored_post_label":"","sponsored_post_name":"","sponsored_post_url":"","sponsored_post_logo":"","sponsored_post_desc":""},"jnews_primary_category":{"id":""},"jnews_social_meta":[],"jnews_override_counter":{"view_counter_number":"0","share_counter_number":"0","like_counter_number":"0","dislike_counter_number":"0"},"footnotes":""},"categories":[8],"tags":[377,366,371],"class_list":["post-12182","post","type-post","status-publish","format-standard","has-post-thumbnail","hentry","category-articles","tag-education","tag-la-petite-fille","tag-pauvrete"],"_links":{"self":[{"href":"https:\/\/wncri.org\/fr\/wp-json\/wp\/v2\/posts\/12182","targetHints":{"allow":["GET"]}}],"collection":[{"href":"https:\/\/wncri.org\/fr\/wp-json\/wp\/v2\/posts"}],"about":[{"href":"https:\/\/wncri.org\/fr\/wp-json\/wp\/v2\/types\/post"}],"author":[{"embeddable":true,"href":"https:\/\/wncri.org\/fr\/wp-json\/wp\/v2\/users\/4"}],"replies":[{"embeddable":true,"href":"https:\/\/wncri.org\/fr\/wp-json\/wp\/v2\/comments?post=12182"}],"version-history":[{"count":0,"href":"https:\/\/wncri.org\/fr\/wp-json\/wp\/v2\/posts\/12182\/revisions"}],"wp:featuredmedia":[{"embeddable":true,"href":"https:\/\/wncri.org\/fr\/wp-json\/wp\/v2\/media\/12184"}],"wp:attachment":[{"href":"https:\/\/wncri.org\/fr\/wp-json\/wp\/v2\/media?parent=12182"}],"wp:term":[{"taxonomy":"category","embeddable":true,"href":"https:\/\/wncri.org\/fr\/wp-json\/wp\/v2\/categories?post=12182"},{"taxonomy":"post_tag","embeddable":true,"href":"https:\/\/wncri.org\/fr\/wp-json\/wp\/v2\/tags?post=12182"}],"curies":[{"name":"wp","href":"https:\/\/api.w.org\/{rel}","templated":true}]}}