{"id":12160,"date":"2020-10-30T15:17:00","date_gmt":"2020-10-30T14:17:00","guid":{"rendered":"https:\/\/wncri.org\/fr\/?p=12160"},"modified":"2020-11-01T15:25:57","modified_gmt":"2020-11-01T14:25:57","slug":"une-femme-photographe-et-documentariste","status":"publish","type":"post","link":"https:\/\/wncri.org\/fr\/2020\/10\/30\/une-femme-photographe-et-documentariste\/","title":{"rendered":"Une femme photographe et documentariste arr\u00eat\u00e9e en Iran"},"content":{"rendered":"\n<h3 class=\"wp-block-heading\"><em>Andisheh Sadri a \u00e9t\u00e9 transf\u00e9r\u00e9e de la prison d\u2019Evins \u00e0 celle de Sanandaj ; Elham Alvani a \u00e9t\u00e9 incarc\u00e9re \u00e0 Evine pour y purger sa peine ; la d\u00e9tention de Faranak Jamshidi est prolong\u00e9e.<\/em><\/h3>\n\n\n\n<p>Une femme photographe et documentariste arr\u00eat\u00e9e en Iran<\/p>\n\n\n\n<p>\u00c0 la veille de la Journ\u00e9e internationale de la fin \u00e0 l&#8217;impunit\u00e9 pour les <a href=\"https:\/\/wncri.org\/fr\/2020\/09\/04\/la-journaliste-neda-sabouri-est-condamnee-a-35-ans-de-prison\/\" target=\"_blank\" rel=\"noreferrer noopener\">crimes contre les journalistes<\/a>, une photographe et documentariste a \u00e9t\u00e9 arr\u00eat\u00e9e en Iran.<\/p>\n\n\n\n<p>Les forces de s\u00e9curit\u00e9 ont arr\u00eat\u00e9 Negar Massoudi le 29 octobre 2020 \u00e0 T\u00e9h\u00e9ran. Ils ont saccag\u00e9 sa maison et l&#8217;ont transf\u00e9r\u00e9e vers un lieu inconnu.<\/p>\n\n\n\n<p>N\u00e9e en 1985, Negar Massoudi est titulaire d&#8217;une licence en photographie et d&#8217;un master en recherche artistique. Elle a organis\u00e9 plusieurs expositions de photos. Elle a en outre r\u00e9alis\u00e9 plusieurs courts et longs m\u00e9trages.<\/p>\n\n\n\n<p>Cette photographe et documentariste a \u00e9t\u00e9 active \u00e0 Ispahan, dans le centre de l&#8217;Iran, contre les attaques \u00e0 l&#8217;acide sur les femmes.<\/p>\n\n\n\n<p>Elle a \u00e9galement organis\u00e9 une exposition de photos contre les attaques \u00e0 l&#8217;acide visant les femmes \u00e0 Ispahan. S&#8217;adressant \u00e0 Marzieh Ebrahimi, la derni\u00e8re victime de ces agressions, elle a \u00e9crit : \u00ab&nbsp;Votre destin a \u00e9t\u00e9 \u00e9crit par une idole v\u00e9n\u00e9r\u00e9e par d&#8217;autres !&nbsp;\u00bb Elle a organis\u00e9 cette exposition de photos en juillet 2018, \u00e0 la Maison des artistes iraniens.&nbsp;<\/p>\n\n\n\n<h3 class=\"wp-block-heading\"><strong>D\u00e9tention de militantes kurdes<\/strong><\/h3>\n\n\n\n<p>Par ailleurs, les autorit\u00e9s p\u00e9nitentiaires ont transf\u00e9r\u00e9 Andisheh Sadri du quartier 209 d&#8217;Evine au quartier des femmes de la prison de Sanandaj, capitale de la province du Kurdistan iranien.<\/p>\n\n\n\n<figure class=\"wp-block-image size-large is-resized\"><img decoding=\"async\" src=\"data:image\/gif;base64,R0lGODlhAQABAIAAAAAAAP\/\/\/yH5BAEAAAAALAAAAAABAAEAAAIBRAA7\" data-src=\"https:\/\/wncri.org\/fr\/wp-content\/uploads\/2020\/11\/Andisheh-Sadri-Kurdish-civil-activist.jpg\" alt=\"D\u00e9tention de militantes kurdes\" class=\"wp-image-12161 lazyload\" width=\"913\" height=\"458\"\/><noscript><img decoding=\"async\" src=\"https:\/\/wncri.org\/fr\/wp-content\/uploads\/2020\/11\/Andisheh-Sadri-Kurdish-civil-activist.jpg\" alt=\"D\u00e9tention de militantes kurdes\" class=\"wp-image-12161 lazyload\" width=\"913\" height=\"458\" srcset=\"https:\/\/wncri.org\/fr\/wp-content\/uploads\/2020\/11\/Andisheh-Sadri-Kurdish-civil-activist.jpg 750w, https:\/\/wncri.org\/fr\/wp-content\/uploads\/2020\/11\/Andisheh-Sadri-Kurdish-civil-activist-300x150.jpg 300w, https:\/\/wncri.org\/fr\/wp-content\/uploads\/2020\/11\/Andisheh-Sadri-Kurdish-civil-activist-360x180.jpg 360w\" sizes=\"(max-width: 913px) 100vw, 913px\" \/><\/noscript><\/figure>\n\n\n\n<p>Andisheh Sadri est \u00e9galement dipl\u00f4m\u00e9e en arts. Les forces de s\u00e9curit\u00e9 l&#8217;ont arr\u00eat\u00e9e le 6 octobre 2020 \u00e0 T\u00e9h\u00e9ran. Le 24 octobre, ils ont transf\u00e9r\u00e9 cette militante civile kurde au Centre correctionnel de r\u00e9habilitation de Sanandaj, \u00e9galement connu sous le nom de quartier des femmes de la prison de Sanandaj. Des agents du renseignement de cette ville veulent l&#8217;interroger.<\/p>\n\n\n\n<p>Par ailleurs, les autorit\u00e9s p\u00e9nitentiaires ont prolong\u00e9 pour la cinqui\u00e8me fois l&#8217;ordre de d\u00e9tention de <a href=\"https:\/\/wncri.org\/fr\/2020\/07\/26\/de-lourdes-peines-de-prison-pour-faire-taire-des-militantes-kurdes-en-iran\/\" target=\"_blank\" rel=\"noreferrer noopener\">Faranak Jamshidi<\/a>. Elles avaient auparavant promis \u00e0 la famille de Mme Jamshidi de modifier son ordre de d\u00e9tention en une caution et de la lib\u00e9rer le 29 octobre.<\/p>\n\n\n\n<p>Faranak Jamashidi n&#8217;a pu appeler sa famille que deux fois depuis son arrestation. Elle continue \u00e0 subir des pressions et des interrogatoires pour faire de faux aveux contre sa volont\u00e9.<\/p>\n\n\n\n<p>Une femme photographe et documentariste arr\u00eat\u00e9e en Iran<\/p>\n\n\n\n<h3 class=\"wp-block-heading\"><strong>Une femme en prison pour des graffitis<\/strong><\/h3>\n\n\n\n<p>La prisonni\u00e8re politique Elham Alvani purge sa peine de six mois de prison dans le quartier des femmes de la prison d&#8217;Evine. Elle a commenc\u00e9 sa peine le 10 octobre pour avoir \u00e9crit des slogans contre le r\u00e9gime sur les murs de la ville.<\/p>\n\n\n\n<p>Les forces de s\u00e9curit\u00e9 ont arr\u00eat\u00e9 Elham Alvani \u00e0 T\u00e9h\u00e9ran en ao\u00fbt. Elle a ensuite \u00e9t\u00e9 lib\u00e9r\u00e9e sous caution. Le tribunal r\u00e9volutionnaire de T\u00e9h\u00e9ran l&#8217;a condamn\u00e9e \u00e0 six mois de prison.<\/p>\n\n\n\n<p>Mme Alvani est atteinte d&#8217;un cancer et l&#8217;exposition au coronavirus qui s\u00e9vit dans la prison d&#8217;Evine la met davantage en danger.<\/p>\n","protected":false},"excerpt":{"rendered":"<p>Andisheh Sadri a \u00e9t\u00e9 transf\u00e9r\u00e9e de la prison d\u2019Evins \u00e0 celle de Sanandaj ; Elham Alvani a \u00e9t\u00e9 incarc\u00e9re \u00e0 Evine pour y purger sa peine ; la d\u00e9tention de Faranak Jamshidi est prolong\u00e9e. Une femme photographe et documentariste arr\u00eat\u00e9e en Iran \u00c0 la veille de la Journ\u00e9e internationale de la fin \u00e0 l&#8217;impunit\u00e9 pour [&hellip;]<\/p>\n","protected":false},"author":4,"featured_media":12162,"comment_status":"closed","ping_status":"closed","sticky":false,"template":"","format":"standard","meta":{"jnews-multi-image_gallery":[],"jnews_single_post":{"subtitle":"","format":"standard","video":"","gallery":"","source_name":"","source_url":"","via_name":"","via_url":"","override":[{"single_blog_custom":"","sidebar":"","second_sidebar":"","share_position":"","share_float_style":"","post_date_format":"","post_date_format_custom":"","post_reading_time_wpm":"","zoom_button_out_step":"1","zoom_button_in_step":"1","number_popup_post":"1"}],"image_override":[{"single_post_thumbnail_size":"","single_post_gallery_size":""}],"trending_post_position":"","trending_post_label":"","sponsored_post_label":"","sponsored_post_name":"","sponsored_post_url":"","sponsored_post_logo":"","sponsored_post_desc":""},"jnews_primary_category":{"id":""},"jnews_social_meta":[],"jnews_override_counter":{"view_counter_number":"0","share_counter_number":"0","like_counter_number":"0","dislike_counter_number":"0"},"footnotes":""},"categories":[3],"tags":[370,376],"class_list":["post-12160","post","type-post","status-publish","format-standard","has-post-thumbnail","hentry","category-infos-des-femmes","tag-prisonnieres","tag-violence-contre-les-femmes"],"_links":{"self":[{"href":"https:\/\/wncri.org\/fr\/wp-json\/wp\/v2\/posts\/12160","targetHints":{"allow":["GET"]}}],"collection":[{"href":"https:\/\/wncri.org\/fr\/wp-json\/wp\/v2\/posts"}],"about":[{"href":"https:\/\/wncri.org\/fr\/wp-json\/wp\/v2\/types\/post"}],"author":[{"embeddable":true,"href":"https:\/\/wncri.org\/fr\/wp-json\/wp\/v2\/users\/4"}],"replies":[{"embeddable":true,"href":"https:\/\/wncri.org\/fr\/wp-json\/wp\/v2\/comments?post=12160"}],"version-history":[{"count":0,"href":"https:\/\/wncri.org\/fr\/wp-json\/wp\/v2\/posts\/12160\/revisions"}],"wp:featuredmedia":[{"embeddable":true,"href":"https:\/\/wncri.org\/fr\/wp-json\/wp\/v2\/media\/12162"}],"wp:attachment":[{"href":"https:\/\/wncri.org\/fr\/wp-json\/wp\/v2\/media?parent=12160"}],"wp:term":[{"taxonomy":"category","embeddable":true,"href":"https:\/\/wncri.org\/fr\/wp-json\/wp\/v2\/categories?post=12160"},{"taxonomy":"post_tag","embeddable":true,"href":"https:\/\/wncri.org\/fr\/wp-json\/wp\/v2\/tags?post=12160"}],"curies":[{"name":"wp","href":"https:\/\/api.w.org\/{rel}","templated":true}]}}