{"id":12158,"date":"2020-10-29T14:55:00","date_gmt":"2020-10-29T13:55:00","guid":{"rendered":"https:\/\/wncri.org\/fr\/?p=12158"},"modified":"2020-11-01T15:07:33","modified_gmt":"2020-11-01T14:07:33","slug":"fatemeh-mosanna-renvoyee-en-p","status":"publish","type":"post","link":"https:\/\/wncri.org\/fr\/2020\/10\/29\/fatemeh-mosanna-renvoyee-en-p\/","title":{"rendered":"Fatemeh Mosanna renvoy\u00e9e en prison malgr\u00e9 une grave h\u00e9morragie intestinale"},"content":{"rendered":"\n<p>Fatemeh Mosanna renvoy\u00e9e en prison malgr\u00e9 une grave h\u00e9morragie intestinale<\/p>\n\n\n\n<p>Fatemeh Mosanna a \u00e9t\u00e9 renvoy\u00e9e en prison malgr\u00e9 une grave h\u00e9morragie intestinale. La prisonni\u00e8re politique Fatemeh Mosanna avait \u00e9t\u00e9 transf\u00e9r\u00e9e \u00e0 l&#8217;h\u00f4pital Taleghani de T\u00e9h\u00e9ran le 27 octobre 2020, apr\u00e8s avoir souffert d&#8217;une grave h\u00e9morragie interne.<\/p>\n\n\n\n<p>Ses intestins <a href=\"https:\/\/wncri.org\/fr\/2020\/10\/21\/sante-de-la-prisonniere-politique\/\" target=\"_blank\" rel=\"noreferrer noopener\">saignaient depuis des mois<\/a>, mais son \u00e9tat s&#8217;est aggrav\u00e9e la semaine derni\u00e8re.<\/p>\n\n\n\n<p>Le m\u00e9decin de l&#8217;h\u00f4pital Taleghani a d\u00e9clar\u00e9 que Mme Mosanna devait \u00eatre hospitalis\u00e9e pour suivre un traitement sous sa supervision. Et si le traitement ne s&#8217;av\u00e9rait pas efficace, elle devra \u00eatre op\u00e9r\u00e9e, a-t-il soulign\u00e9.<\/p>\n\n\n\n<p>Malgr\u00e9 les recommandations du m\u00e9decin, les agents de la prison d&#8217;Evine ont renvoy\u00e9 Mme Mosanna dans le quartier des femmes d&#8217;Evine.<\/p>\n\n\n\n<p>Amine Vaziri, le procureur adjoint charg\u00e9 de la surveillance des prisonniers politiques, et le minist\u00e8re du Renseignement ne voulait pas accorder de permission de sortie, m\u00eame pour un traitement m\u00e9dical temporaire, \u00e0 Mme Mosanna. Fatemeh Mosanna a \u00e9t\u00e9 emmen\u00e9e \u00e0 l&#8217;h\u00f4pital pour la <a href=\"https:\/\/wncri.org\/fr\/2020\/08\/23\/la-prisonniere-politique-fatemeh-mosanna-a-lhopital-menottee-a-son-lit\/\" target=\"_blank\" rel=\"noreferrer noopener\">premi\u00e8re fois le 7 septembre 2020<\/a>, apr\u00e8s s&#8217;\u00eatre sentie tr\u00e8s malade, mais elle a \u00e9t\u00e9 renvoy\u00e9e \u00e0 Evine le jour suivant.<\/p>\n\n\n\n<h3 class=\"wp-block-heading\"><strong>Sakineh Parvaneh a \u00e9t\u00e9 transf\u00e9r\u00e9e d&#8217;Evine \u00e0 la prison de Qouchan<\/strong><\/h3>\n\n\n\n<p>La prisonni\u00e8re politique Sakineh Parvaneh a \u00e9t\u00e9 transf\u00e9r\u00e9e de la prison d&#8217;Evin le 27 octobre 2020 et envoy\u00e9e \u00e0 la prison de Qouchan.<\/p>\n\n\n\n<p>Sakineh Parvaneh a \u00e9t\u00e9 <a href=\"https:\/\/wncri.org\/fr\/2020\/06\/21\/une-prisonniere-politique-kurde-tabassee-a-la-prison-de-qarchak\/\" target=\"_blank\" rel=\"noreferrer noopener\">brutalis\u00e9e \u00e0 plusieurs reprises<\/a> dans les prisons d&#8217;Evine et de Qarchak. Elle a \u00e9t\u00e9 envoy\u00e9e plusieurs fois dans un h\u00f4pital psychiatrique. Dans un cas, elle a \u00e9t\u00e9 maintenue \u00e0 l&#8217;h\u00f4pital psychiatrique d&#8217;Aminabad \u00e0 T\u00e9h\u00e9ran pendant 25 jours, puis renvoy\u00e9e \u00e0 la prison de Qarchak.<\/p>\n\n\n\n<p>Sakineh Parvaneh a entam\u00e9 une <a href=\"https:\/\/wncri.org\/fr\/2020\/05\/28\/la-greve-de-la-faim-de-sakineh-parvaneh-un-plaidoyer-pour-les-droits-fondamentaux\/\" target=\"_blank\" rel=\"noreferrer noopener\">gr\u00e8ve de la faim<\/a> \u00e0 deux reprises pour protester contre le comportement des autorit\u00e9s carc\u00e9rales.<\/p>\n\n\n\n<p>Au d\u00e9but du mois de juillet, elle a \u00e9t\u00e9 transf\u00e9r\u00e9e \u00e0 Evine. N\u00e9e en 1988, elle purgeait sa peine de 5 ans dans le quartier des <a href=\"https:\/\/www.iranfocus.com\/fr\/iran\/femmes\/11439-iran-une-femme-agee-malade-forcee-de-dormir-dehors-dans-le-froid-par-les-autorites-de-la-prison-de-tabriz\/\" target=\"_blank\" rel=\"noreferrer noopener\">femmes.<\/a> Cette femme kurde est originaire de la province de Khorassan-Razavi.<\/p>\n","protected":false},"excerpt":{"rendered":"<p>Fatemeh Mosanna renvoy\u00e9e en prison malgr\u00e9 une grave h\u00e9morragie intestinale Fatemeh Mosanna a \u00e9t\u00e9 renvoy\u00e9e en prison malgr\u00e9 une grave h\u00e9morragie intestinale. La prisonni\u00e8re politique Fatemeh Mosanna avait \u00e9t\u00e9 transf\u00e9r\u00e9e \u00e0 l&#8217;h\u00f4pital Taleghani de T\u00e9h\u00e9ran le 27 octobre 2020, apr\u00e8s avoir souffert d&#8217;une grave h\u00e9morragie interne. Ses intestins saignaient depuis des mois, mais son \u00e9tat [&hellip;]<\/p>\n","protected":false},"author":4,"featured_media":11692,"comment_status":"closed","ping_status":"closed","sticky":false,"template":"","format":"standard","meta":{"jnews-multi-image_gallery":[],"jnews_single_post":{"subtitle":"","format":"standard","video":"","gallery":"","source_name":"","source_url":"","via_name":"","via_url":"","override":[{"single_blog_custom":"","sidebar":"","second_sidebar":"","share_position":"","share_float_style":"","post_date_format":"","post_date_format_custom":"","post_reading_time_wpm":"","zoom_button_out_step":"1","zoom_button_in_step":"1","number_popup_post":"1"}],"image_override":[{"single_post_thumbnail_size":"","single_post_gallery_size":""}],"trending_post_position":"","trending_post_label":"","sponsored_post_label":"","sponsored_post_name":"","sponsored_post_url":"","sponsored_post_logo":"","sponsored_post_desc":""},"jnews_primary_category":{"id":""},"jnews_social_meta":[],"jnews_override_counter":{"view_counter_number":"0","share_counter_number":"0","like_counter_number":"0","dislike_counter_number":"0"},"footnotes":""},"categories":[3],"tags":[370,376],"class_list":["post-12158","post","type-post","status-publish","format-standard","has-post-thumbnail","hentry","category-infos-des-femmes","tag-prisonnieres","tag-violence-contre-les-femmes"],"_links":{"self":[{"href":"https:\/\/wncri.org\/fr\/wp-json\/wp\/v2\/posts\/12158","targetHints":{"allow":["GET"]}}],"collection":[{"href":"https:\/\/wncri.org\/fr\/wp-json\/wp\/v2\/posts"}],"about":[{"href":"https:\/\/wncri.org\/fr\/wp-json\/wp\/v2\/types\/post"}],"author":[{"embeddable":true,"href":"https:\/\/wncri.org\/fr\/wp-json\/wp\/v2\/users\/4"}],"replies":[{"embeddable":true,"href":"https:\/\/wncri.org\/fr\/wp-json\/wp\/v2\/comments?post=12158"}],"version-history":[{"count":0,"href":"https:\/\/wncri.org\/fr\/wp-json\/wp\/v2\/posts\/12158\/revisions"}],"wp:featuredmedia":[{"embeddable":true,"href":"https:\/\/wncri.org\/fr\/wp-json\/wp\/v2\/media\/11692"}],"wp:attachment":[{"href":"https:\/\/wncri.org\/fr\/wp-json\/wp\/v2\/media?parent=12158"}],"wp:term":[{"taxonomy":"category","embeddable":true,"href":"https:\/\/wncri.org\/fr\/wp-json\/wp\/v2\/categories?post=12158"},{"taxonomy":"post_tag","embeddable":true,"href":"https:\/\/wncri.org\/fr\/wp-json\/wp\/v2\/tags?post=12158"}],"curies":[{"name":"wp","href":"https:\/\/api.w.org\/{rel}","templated":true}]}}