{"id":12155,"date":"2020-10-28T14:46:00","date_gmt":"2020-10-28T13:46:00","guid":{"rendered":"https:\/\/wncri.org\/fr\/?p=12155"},"modified":"2020-11-01T14:54:18","modified_gmt":"2020-11-01T13:54:18","slug":"300-prisonnieres","status":"publish","type":"post","link":"https:\/\/wncri.org\/fr\/2020\/10\/28\/300-prisonnieres\/","title":{"rendered":"Quelque 300 prisonni\u00e8res transf\u00e9r\u00e9es \u00e0 la prison centrale d&#8217;Oroumieh"},"content":{"rendered":"\n<p>Quelque 300 prisonni\u00e8res ont \u00e9t\u00e9 transf\u00e9r\u00e9es \u00e0 la prison centrale d&#8217;Oroumieh depuis la province de l&#8217;Azerba\u00efdjan occidental.<\/p>\n\n\n\n<p>Ce transfert a \u00e9t\u00e9 effectu\u00e9 sur ordre de l\u2019appareil judiciaire. Les d\u00e9tenues comprennent des prisonni\u00e8res politiques et de droit commun. La r\u00e9installation de ces quelque 300 prisonni\u00e8res a eu lieu ce 23 octobre. Le r\u00e9gime cl\u00e9rical n&#8217;a pas encore expliqu\u00e9 les raisons de ces relocalisations.<\/p>\n\n\n\n<p>La prison centrale d&#8217;Oroumieh est touch\u00e9e par le <a href=\"https:\/\/wncri.org\/fr\/2020\/08\/19\/le-covid-19-dans-le-quartier-des-femmes-des-prisons-doroumieh\/\" target=\"_blank\" rel=\"noreferrer noopener\">coronavirus<\/a>. En mars 2020, Fatemeh Alizadeh, 53 ans, a perdu la vie apr\u00e8s avoir contract\u00e9 la maladie. Les prisonni\u00e8res ont entam\u00e9 une <a href=\"https:\/\/wncri.org\/fr\/2020\/08\/20\/140-femmes-ont-lance-une-greve-de-la-faim-dans-la-prison-centrale-doroumieh\/\" target=\"_blank\" rel=\"noreferrer noopener\">gr\u00e8ve de la faim<\/a> pour protester contre la mort de leur cod\u00e9tenue.<\/p>\n\n\n\n<h3 class=\"wp-block-heading\"><strong>Le statu quo \u00e0 la prison centrale d&#8217;Oroumieh<\/strong><\/h3>\n\n\n\n<p>La prison centrale d&#8217;Oroumieh est situ\u00e9e sur la route de Tabriz, \u00e0 25 kilom\u00e8tres du centre d&#8217;Oroumieh, la capitale de la province de l&#8217;Azerba\u00efdjan occidental, dans le nord-ouest de l&#8217;Iran.<\/p>\n\n\n\n<p>Cette prison compte 17 quartiers o\u00f9 sont d\u00e9tenus des prisonniers politiques, des d\u00e9tenus condamn\u00e9s pour atteinte \u00e0 la s\u00e9curit\u00e9 nationale et d\u2019autres condamn\u00e9s pour des d\u00e9lits de droit commun.<\/p>\n\n\n\n<p>Le quartier des femmes est une grande salle qui abritait d\u00e9j\u00e0 200 d\u00e9tenues avant cette relocalisation. Le hall est divis\u00e9 en 8 salles par des murs bas.<\/p>\n\n\n\n<p>Il y a 16 lits dans chaque salle o\u00f9 sont d\u00e9tenues une trentaine de femmes. Cela signifie que pr\u00e8s de la moiti\u00e9 des d\u00e9tenues de chaque pi\u00e8ce dorment \u00e0 m\u00eame le sol et n&#8217;ont pas d&#8217;autre endroit pour se reposer.<\/p>\n\n\n\n<p>Il y a 5 toilettes et 3 salles de bain pour 200 d\u00e9tenues. La plupart des toilettes sont souvent hors d&#8217;usage. Il n&#8217;y a g\u00e9n\u00e9ralement pas d&#8217;eau chaude pour se laver et les d\u00e9tenues doivent prendre une douche \u00e0 l&#8217;eau froide.<\/p>\n\n\n\n<p>Les m\u00e8res avec enfants sont \u00e9galement dans le m\u00eame couloir, et les enfants sont expos\u00e9s \u00e0 diverses maladies gastro-intestinales et cutan\u00e9es, entre autres.&nbsp;<\/p>\n\n\n\n<p>Ainsi, le r\u00e9gime cl\u00e9rical a transf\u00e9r\u00e9 les 300 femmes d\u00e9tenues dans un espace d\u00e9j\u00e0 surpeupl\u00e9 et insalubre. Il cherche \u00e0 tuer les prisonni\u00e8res et ses opposantes politiques en les exposant au coronavirus.<\/p>\n\n\n\n<p>La R\u00e9sistance iranienne a demand\u00e9 \u00e0 plusieurs reprises aux autorit\u00e9s internationales, y compris aux Nations unies, de prendre des mesures urgentes pour la lib\u00e9ration imm\u00e9diate des prisonniers politiques, et en particulier des femmes, en Iran.<\/p>\n\n\n\n<h3 class=\"wp-block-heading\"><strong>Punition des femmes d\u00e9tenues \u00e0 la prison de Kermanchah<\/strong><\/h3>\n\n\n\n<p>Apr\u00e8s <a href=\"https:\/\/wncri.org\/fr\/2020\/10\/23\/raid-des-gardes-speciaux\/\" target=\"_blank\" rel=\"noreferrer noopener\">le raid<\/a> contre les d\u00e9tenues du centre de r\u00e9habilitation de Kermanchah, les autorit\u00e9s de cette prison ont impos\u00e9 de nouvelles restrictions aux prisonni\u00e8res.<\/p>\n\n\n\n<p>La famille d&#8217;une d\u2019entre elles a d\u00e9clar\u00e9&nbsp;: \u00ab&nbsp;Suite aux nouvelles sur les protestations des femmes d\u00e9tenues \u00e0 la prison de Kermanchah, les autorit\u00e9s p\u00e9nitentiaires ont convoqu\u00e9 un certain nombre de d\u00e9tenues ces derniers jours. Elles ont menac\u00e9 de les envoyer en exil dans des endroits \u00e9loign\u00e9s. Elles ont \u00e9galement priv\u00e9 certaines d\u2019entre elles de recevoir leurs m\u00e9dicaments et de passer des appels t\u00e9l\u00e9phoniques en guise de punition.&nbsp;\u00bb<\/p>\n","protected":false},"excerpt":{"rendered":"<p>Quelque 300 prisonni\u00e8res ont \u00e9t\u00e9 transf\u00e9r\u00e9es \u00e0 la prison centrale d&#8217;Oroumieh depuis la province de l&#8217;Azerba\u00efdjan occidental. Ce transfert a \u00e9t\u00e9 effectu\u00e9 sur ordre de l\u2019appareil judiciaire. Les d\u00e9tenues comprennent des prisonni\u00e8res politiques et de droit commun. La r\u00e9installation de ces quelque 300 prisonni\u00e8res a eu lieu ce 23 octobre. Le r\u00e9gime cl\u00e9rical n&#8217;a pas [&hellip;]<\/p>\n","protected":false},"author":4,"featured_media":12156,"comment_status":"closed","ping_status":"closed","sticky":false,"template":"","format":"standard","meta":{"jnews-multi-image_gallery":[],"jnews_single_post":{"subtitle":"","format":"standard","video":"","gallery":"","source_name":"","source_url":"","via_name":"","via_url":"","override":[{"single_blog_custom":"","sidebar":"","second_sidebar":"","share_position":"","share_float_style":"","post_date_format":"","post_date_format_custom":"","post_reading_time_wpm":"","zoom_button_out_step":"1","zoom_button_in_step":"1","number_popup_post":"1"}],"image_override":[{"single_post_thumbnail_size":"","single_post_gallery_size":""}],"trending_post_position":"","trending_post_label":"","sponsored_post_label":"","sponsored_post_name":"","sponsored_post_url":"","sponsored_post_logo":"","sponsored_post_desc":""},"jnews_primary_category":{"id":""},"jnews_social_meta":[],"jnews_override_counter":{"view_counter_number":"0","share_counter_number":"0","like_counter_number":"0","dislike_counter_number":"0"},"footnotes":""},"categories":[3],"tags":[370,376],"class_list":["post-12155","post","type-post","status-publish","format-standard","has-post-thumbnail","hentry","category-infos-des-femmes","tag-prisonnieres","tag-violence-contre-les-femmes"],"_links":{"self":[{"href":"https:\/\/wncri.org\/fr\/wp-json\/wp\/v2\/posts\/12155","targetHints":{"allow":["GET"]}}],"collection":[{"href":"https:\/\/wncri.org\/fr\/wp-json\/wp\/v2\/posts"}],"about":[{"href":"https:\/\/wncri.org\/fr\/wp-json\/wp\/v2\/types\/post"}],"author":[{"embeddable":true,"href":"https:\/\/wncri.org\/fr\/wp-json\/wp\/v2\/users\/4"}],"replies":[{"embeddable":true,"href":"https:\/\/wncri.org\/fr\/wp-json\/wp\/v2\/comments?post=12155"}],"version-history":[{"count":0,"href":"https:\/\/wncri.org\/fr\/wp-json\/wp\/v2\/posts\/12155\/revisions"}],"wp:featuredmedia":[{"embeddable":true,"href":"https:\/\/wncri.org\/fr\/wp-json\/wp\/v2\/media\/12156"}],"wp:attachment":[{"href":"https:\/\/wncri.org\/fr\/wp-json\/wp\/v2\/media?parent=12155"}],"wp:term":[{"taxonomy":"category","embeddable":true,"href":"https:\/\/wncri.org\/fr\/wp-json\/wp\/v2\/categories?post=12155"},{"taxonomy":"post_tag","embeddable":true,"href":"https:\/\/wncri.org\/fr\/wp-json\/wp\/v2\/tags?post=12155"}],"curies":[{"name":"wp","href":"https:\/\/api.w.org\/{rel}","templated":true}]}}