{"id":12124,"date":"2020-10-24T13:30:00","date_gmt":"2020-10-24T11:30:00","guid":{"rendered":"https:\/\/wncri.org\/fr\/?p=12124"},"modified":"2020-10-26T13:39:41","modified_gmt":"2020-10-26T12:39:41","slug":"femme-blessee-a-abadan","status":"publish","type":"post","link":"https:\/\/wncri.org\/fr\/2020\/10\/24\/femme-blessee-a-abadan\/","title":{"rendered":"Le traitement inhumain d&#8217;une femme bless\u00e9e \u00e0 Abadan suscite l&#8217;indignation publique"},"content":{"rendered":"\n<p>Le traitement inhumain d&#8217;une femme bless\u00e9e \u00e0 Abadan suscite l&#8217;indignation publique<\/p>\n\n\n\n<p>Le traitement inhumain d&#8217;une femme bless\u00e9e \u00e0 Abadan, dans le sud-ouest de l\u2019Iran, a provoqu\u00e9 l&#8217;indignation publique.<\/p>\n\n\n\n<p>Un clip vid\u00e9o a circul\u00e9 dans les m\u00e9dias sociaux le 22 octobre 2020, montrant une jeune femme \u00e0 Abadan maltrait\u00e9e par les forces de s\u00e9curit\u00e9 de la compagnie p\u00e9troli\u00e8re. La jeune femme au visage ensanglant\u00e9 \u00e9tait maintenue au sol et des agents de s\u00e9curit\u00e9 posait son pied sur sa poitrine.<\/p>\n\n\n\n<figure class=\"wp-block-image size-large is-resized\"><img decoding=\"async\" src=\"data:image\/gif;base64,R0lGODlhAQABAIAAAAAAAP\/\/\/yH5BAEAAAAALAAAAAABAAEAAAIBRAA7\" data-src=\"https:\/\/wncri.org\/fr\/wp-content\/uploads\/2020\/10\/The-injured-young-woman-in-Abadan-3.jpg\" alt=\"Les internautes sur les m\u00e9dias sociaux ont d\u00e9clar\u00e9 que ce clip vid\u00e9o \u00e9tait un exemple \" class=\"wp-image-12126 lazyload\" width=\"835\" height=\"468\"\/><noscript><img decoding=\"async\" src=\"https:\/\/wncri.org\/fr\/wp-content\/uploads\/2020\/10\/The-injured-young-woman-in-Abadan-3.jpg\" alt=\"Les internautes sur les m\u00e9dias sociaux ont d\u00e9clar\u00e9 que ce clip vid\u00e9o \u00e9tait un exemple \" class=\"wp-image-12126 lazyload\" width=\"835\" height=\"468\" srcset=\"https:\/\/wncri.org\/fr\/wp-content\/uploads\/2020\/10\/The-injured-young-woman-in-Abadan-3.jpg 693w, https:\/\/wncri.org\/fr\/wp-content\/uploads\/2020\/10\/The-injured-young-woman-in-Abadan-3-300x168.jpg 300w\" sizes=\"(max-width: 835px) 100vw, 835px\" \/><\/noscript><\/figure>\n\n\n\n<p>Ce <a href=\"https:\/\/streamable.com\/ya3ljz\" target=\"_blank\" rel=\"noreferrer noopener\">traitement inhumain<\/a> de cette femmes blesse \u00e0 Abadan a provoqu\u00e9 l&#8217;indignation g\u00e9n\u00e9rale des Iraniens dans la province du Khouzistan et dans tout le pays.<\/p>\n\n\n\n<p>Les internautes sur les m\u00e9dias sociaux ont d\u00e9clar\u00e9 que ce clip vid\u00e9o \u00e9tait un exemple de l&#8217;oppression des femmes et de la corruption et de la d\u00e9pravation qui s\u00e9vissent au sein du r\u00e9gime cl\u00e9rical.&nbsp;<\/p>\n\n\n\n<p>La personne derri\u00e8re ce p\u00e9nible incident s\u2019appelle Jahan-Nejadian, un haut responsable de la raffinerie de p\u00e9trole d&#8217;Abadan et un agent du Corps des pasdarans.<\/p>\n\n\n\n<figure class=\"wp-block-image size-large is-resized\"><img decoding=\"async\" src=\"data:image\/gif;base64,R0lGODlhAQABAIAAAAAAAP\/\/\/yH5BAEAAAAALAAAAAABAAEAAAIBRAA7\" data-src=\"https:\/\/wncri.org\/fr\/wp-content\/uploads\/2020\/10\/The-injured-young-woman-in-Abadan-4.jpg\" alt=\"La personne derri\u00e8re ce p\u00e9nible incident s\u2019appelle Jahan-Nejadian\" class=\"wp-image-12127 lazyload\" width=\"829\" height=\"465\"\/><noscript><img decoding=\"async\" src=\"https:\/\/wncri.org\/fr\/wp-content\/uploads\/2020\/10\/The-injured-young-woman-in-Abadan-4.jpg\" alt=\"La personne derri\u00e8re ce p\u00e9nible incident s\u2019appelle Jahan-Nejadian\" class=\"wp-image-12127 lazyload\" width=\"829\" height=\"465\" srcset=\"https:\/\/wncri.org\/fr\/wp-content\/uploads\/2020\/10\/The-injured-young-woman-in-Abadan-4.jpg 693w, https:\/\/wncri.org\/fr\/wp-content\/uploads\/2020\/10\/The-injured-young-woman-in-Abadan-4-300x168.jpg 300w\" sizes=\"(max-width: 829px) 100vw, 829px\" \/><\/noscript><\/figure>\n\n\n\n<p>Le clip vid\u00e9o r\u00e9v\u00e8le la corruption d&#8217;un des cadres moyens de la raffinerie de p\u00e9trole. Les forces de s\u00e9curit\u00e9 du district de Berim \u00e0 Abadan ont \u00e9galement coop\u00e9r\u00e9 avec lui pour brutaliser la jeune femme. La commission des Femmes du CNRI rappelle que la propagation de ces catastrophes sociales est le produit du r\u00e9gime misogyne des mollahs. Les politiques et les lois misogynes de la dictature religieuse sont la cause principale de <a href=\"https:\/\/wncri.org\/fr\/2020\/08\/10\/pas-de-justice-pour-les-victimes-de-viols-par-des-autorites-en-iran\/\" target=\"_blank\" rel=\"noreferrer noopener\">la violence contre les femmes<\/a>, de la propagation de la pauvret\u00e9, de la corruption et de diverses formes de crimes et de catastrophes sociales.<\/p>\n","protected":false},"excerpt":{"rendered":"<p>Le traitement inhumain d&#8217;une femme bless\u00e9e \u00e0 Abadan suscite l&#8217;indignation publique Le traitement inhumain d&#8217;une femme bless\u00e9e \u00e0 Abadan, dans le sud-ouest de l\u2019Iran, a provoqu\u00e9 l&#8217;indignation publique. Un clip vid\u00e9o a circul\u00e9 dans les m\u00e9dias sociaux le 22 octobre 2020, montrant une jeune femme \u00e0 Abadan maltrait\u00e9e par les forces de s\u00e9curit\u00e9 de la [&hellip;]<\/p>\n","protected":false},"author":4,"featured_media":12125,"comment_status":"closed","ping_status":"closed","sticky":false,"template":"","format":"standard","meta":{"jnews-multi-image_gallery":[],"jnews_single_post":{"subtitle":"","format":"standard","video":"","gallery":"","source_name":"","source_url":"","via_name":"","via_url":"","override":[{"single_blog_custom":"","sidebar":"","second_sidebar":"","share_position":"","share_float_style":"","post_date_format":"","post_date_format_custom":"","post_reading_time_wpm":"","zoom_button_out_step":"1","zoom_button_in_step":"1","number_popup_post":"1"}],"image_override":[{"single_post_thumbnail_size":"","single_post_gallery_size":""}],"trending_post_position":"","trending_post_label":"","sponsored_post_label":"","sponsored_post_name":"","sponsored_post_url":"","sponsored_post_logo":"","sponsored_post_desc":""},"jnews_primary_category":{"id":""},"jnews_social_meta":[],"jnews_override_counter":{"view_counter_number":"0","share_counter_number":"0","like_counter_number":"0","dislike_counter_number":"0"},"footnotes":""},"categories":[3],"tags":[376],"class_list":["post-12124","post","type-post","status-publish","format-standard","has-post-thumbnail","hentry","category-infos-des-femmes","tag-violence-contre-les-femmes"],"_links":{"self":[{"href":"https:\/\/wncri.org\/fr\/wp-json\/wp\/v2\/posts\/12124","targetHints":{"allow":["GET"]}}],"collection":[{"href":"https:\/\/wncri.org\/fr\/wp-json\/wp\/v2\/posts"}],"about":[{"href":"https:\/\/wncri.org\/fr\/wp-json\/wp\/v2\/types\/post"}],"author":[{"embeddable":true,"href":"https:\/\/wncri.org\/fr\/wp-json\/wp\/v2\/users\/4"}],"replies":[{"embeddable":true,"href":"https:\/\/wncri.org\/fr\/wp-json\/wp\/v2\/comments?post=12124"}],"version-history":[{"count":0,"href":"https:\/\/wncri.org\/fr\/wp-json\/wp\/v2\/posts\/12124\/revisions"}],"wp:featuredmedia":[{"embeddable":true,"href":"https:\/\/wncri.org\/fr\/wp-json\/wp\/v2\/media\/12125"}],"wp:attachment":[{"href":"https:\/\/wncri.org\/fr\/wp-json\/wp\/v2\/media?parent=12124"}],"wp:term":[{"taxonomy":"category","embeddable":true,"href":"https:\/\/wncri.org\/fr\/wp-json\/wp\/v2\/categories?post=12124"},{"taxonomy":"post_tag","embeddable":true,"href":"https:\/\/wncri.org\/fr\/wp-json\/wp\/v2\/tags?post=12124"}],"curies":[{"name":"wp","href":"https:\/\/api.w.org\/{rel}","templated":true}]}}