{"id":12112,"date":"2020-10-23T10:39:00","date_gmt":"2020-10-23T08:39:00","guid":{"rendered":"https:\/\/wncri.org\/fr\/?p=12112"},"modified":"2020-10-24T10:47:51","modified_gmt":"2020-10-24T08:47:51","slug":"raid-des-gardes-speciaux","status":"publish","type":"post","link":"https:\/\/wncri.org\/fr\/2020\/10\/23\/raid-des-gardes-speciaux\/","title":{"rendered":"Raid des gardes sp\u00e9ciaux contre les prisonni\u00e8res sans d\u00e9fense de Kermanchah"},"content":{"rendered":"\n<p>Raid des gardes sp\u00e9ciaux contre les prisonni\u00e8res sans d\u00e9fense de Kermanchah<\/p>\n\n\n\n<p>Des gardes sp\u00e9ciaux ont men\u00e9 un raid sur des femmes sans d\u00e9fense de la section f\u00e9minine du centre correctionnel de r\u00e9adaptation de Kermanchah.<\/p>\n\n\n\n<p>Les femmes emprisonn\u00e9es dans ce centre correctionnel de Kermanchah ont organis\u00e9 une manifestation le 21 octobre 2020. Elles ont protest\u00e9 contre les dures conditions impos\u00e9es aux prisonni\u00e8res par le directeur de cet \u00e9tablissement p\u00e9nitencier. Leur protestation pacifique a toutefois \u00e9t\u00e9 suivie d&#8217;une attaque des gardes sp\u00e9ciaux.<\/p>\n\n\n\n<p>L&#8217;unit\u00e9 des gardes sp\u00e9ciaux a fait une descente dans la prisons en tirant des gaz lacrymog\u00e8nes sur les femmes. Ils les ont brutalis\u00e9es \u00e0 coups de matraque.<\/p>\n\n\n\n<p>Deux prisonni\u00e8res, Sheno Rahmati et Fatemeh Rahimi, ont \u00e9t\u00e9 s\u00e9v\u00e8rement battues. Elles ont \u00e9t\u00e9 tra\u00een\u00e9es sur le sol et mises \u00e0 l&#8217;isolement.<\/p>\n\n\n\n<p>Un certain nombre de manifestantes ont souffert de troubles respiratoire \u00e0 cause des gaz lacrymog\u00e8nes et du gaz poivr\u00e9 utilis\u00e9s par les gardiens.<\/p>\n\n\n\n<p>La famille d&#8217;une d\u00e9tenue a d\u00e9clar\u00e9&nbsp;: \u00ab&nbsp;La majorit\u00e9 des d\u00e9tenues de la section f\u00e9minine du centre de r\u00e9habilitation de Kermanchah ont protest\u00e9 contre les nouvelles r\u00e8gles s\u00e9v\u00e8res impos\u00e9es par le directeur de cette prison en ce qui concerne les v\u00eatements et le moment des appels t\u00e9l\u00e9phoniques. Leur protestation pacifique a cependant \u00e9t\u00e9 r\u00e9prim\u00e9e par les gardes sp\u00e9ciaux de la prison.&nbsp;\u00bb<\/p>\n\n\n\n<p>Soheila Zahiri, une milicienne du Bassidj, est la chef de la section des femmes de cette prison. Elle met en \u0153uvre les <a href=\"https:\/\/iranfocus.com\/fr\/index.php\/iran\/droits-de-lhomme-mainmenu-28\/11414-un-nouveau-rapport-sur-la-resistance-iranienne-expose-de-nouveaux-aspects-des-violations-des-droits-humains\" target=\"_blank\" rel=\"noreferrer noopener\">nouvelles r\u00e8gles s\u00e9v\u00e8res <\/a>sur les femmes d\u00e9tenues, rendant les conditions intol\u00e9rables aux d\u00e9tenues.<\/p>\n\n\n\n<p>Ce n&#8217;est pas la premi\u00e8re fois que des gardiens attaquent des d\u00e9tenues sans d\u00e9fense dans une prison pour femmes. Ils ont lanc\u00e9 ce genre d\u2019attaques \u00e0 de nombreuses reprises dans la sinistre prison de <a href=\"https:\/\/wncri.org\/fr\/2020\/04\/20\/regard-sur-la-situation-tragique-a-la-prison-pour-femmes-de-qarchak-en-iran\/\" target=\"_blank\" rel=\"noreferrer noopener\">Qarchak<\/a>.<\/p>\n\n\n\n<p>En f\u00e9vrier 2019, en r\u00e9ponse aux d\u00e9tenues des quartiers 1 et 2 de Qarchak qui exigeaient de voir l&#8217;une des prisonni\u00e8res, les gardes sp\u00e9ciaux les avaient attaqu\u00e9es. Ils avaient utilis\u00e9 du poivre et du gaz lacrymog\u00e8ne dans la zone ferm\u00e9e de la prison pour r\u00e9primer les protestations.&nbsp;<\/p>\n","protected":false},"excerpt":{"rendered":"<p>Raid des gardes sp\u00e9ciaux contre les prisonni\u00e8res sans d\u00e9fense de Kermanchah Des gardes sp\u00e9ciaux ont men\u00e9 un raid sur des femmes sans d\u00e9fense de la section f\u00e9minine du centre correctionnel de r\u00e9adaptation de Kermanchah. Les femmes emprisonn\u00e9es dans ce centre correctionnel de Kermanchah ont organis\u00e9 une manifestation le 21 octobre 2020. Elles ont protest\u00e9 contre [&hellip;]<\/p>\n","protected":false},"author":4,"featured_media":12113,"comment_status":"closed","ping_status":"closed","sticky":false,"template":"","format":"standard","meta":{"jnews-multi-image_gallery":[],"jnews_single_post":{"subtitle":"","format":"standard","video":"","gallery":"","source_name":"","source_url":"","via_name":"","via_url":"","override":[{"single_blog_custom":"","sidebar":"","second_sidebar":"","share_position":"","share_float_style":"","post_date_format":"","post_date_format_custom":"","post_reading_time_wpm":"","zoom_button_out_step":"1","zoom_button_in_step":"1","number_popup_post":"1"}],"image_override":[{"single_post_thumbnail_size":"","single_post_gallery_size":""}],"trending_post_position":"","trending_post_label":"","sponsored_post_label":"","sponsored_post_name":"","sponsored_post_url":"","sponsored_post_logo":"","sponsored_post_desc":""},"jnews_primary_category":{"id":""},"jnews_social_meta":[],"jnews_override_counter":{"view_counter_number":"0","share_counter_number":"0","like_counter_number":"0","dislike_counter_number":"0"},"footnotes":""},"categories":[3],"tags":[370,376],"class_list":["post-12112","post","type-post","status-publish","format-standard","has-post-thumbnail","hentry","category-infos-des-femmes","tag-prisonnieres","tag-violence-contre-les-femmes"],"_links":{"self":[{"href":"https:\/\/wncri.org\/fr\/wp-json\/wp\/v2\/posts\/12112","targetHints":{"allow":["GET"]}}],"collection":[{"href":"https:\/\/wncri.org\/fr\/wp-json\/wp\/v2\/posts"}],"about":[{"href":"https:\/\/wncri.org\/fr\/wp-json\/wp\/v2\/types\/post"}],"author":[{"embeddable":true,"href":"https:\/\/wncri.org\/fr\/wp-json\/wp\/v2\/users\/4"}],"replies":[{"embeddable":true,"href":"https:\/\/wncri.org\/fr\/wp-json\/wp\/v2\/comments?post=12112"}],"version-history":[{"count":0,"href":"https:\/\/wncri.org\/fr\/wp-json\/wp\/v2\/posts\/12112\/revisions"}],"wp:featuredmedia":[{"embeddable":true,"href":"https:\/\/wncri.org\/fr\/wp-json\/wp\/v2\/media\/12113"}],"wp:attachment":[{"href":"https:\/\/wncri.org\/fr\/wp-json\/wp\/v2\/media?parent=12112"}],"wp:term":[{"taxonomy":"category","embeddable":true,"href":"https:\/\/wncri.org\/fr\/wp-json\/wp\/v2\/categories?post=12112"},{"taxonomy":"post_tag","embeddable":true,"href":"https:\/\/wncri.org\/fr\/wp-json\/wp\/v2\/tags?post=12112"}],"curies":[{"name":"wp","href":"https:\/\/api.w.org\/{rel}","templated":true}]}}