{"id":12103,"date":"2020-10-22T14:54:00","date_gmt":"2020-10-22T12:54:00","guid":{"rendered":"https:\/\/wncri.org\/fr\/?p=12103"},"modified":"2020-10-23T15:01:35","modified_gmt":"2020-10-23T13:01:35","slug":"les-autorites-devine","status":"publish","type":"post","link":"https:\/\/wncri.org\/fr\/2020\/10\/22\/les-autorites-devine\/","title":{"rendered":"Les autorit\u00e9s d&#8217;Evine transf\u00e8rent des prisonni\u00e8res politiques dans des prisons ordinaires"},"content":{"rendered":"\n<h3 class=\"wp-block-heading\"><em>Nasrin Sotoudeh, Yasaman Ariani et Monireh Arabshahi font partie des prisonni\u00e8res transf\u00e9r\u00e9es<\/em><\/h3>\n\n\n\n<p>Les autorit\u00e9s d&#8217;Evine ont transf\u00e9r\u00e9 une partie des prisonni\u00e8res politiques du quartier des femmes de cette prison vers des prisons ordinaires.<\/p>\n\n\n\n<p>Les autorit\u00e9s d&#8217;Evine ont envoy\u00e9 Nasrin Sotoudeh \u00e0 la sinistre <a href=\"https:\/\/wncri.org\/fr\/2020\/08\/24\/situation-dangereuse-des-prisonnieres-politiques-a-qarchak-en-iran\/\" target=\"_blank\" rel=\"noreferrer noopener\">prison de Qarchak<\/a>. Elles ont envoy\u00e9 Yasaman Ariyani et sa m\u00e8re, Monireh Arabshahi, \u00e0 la prison de Kachoui \u00e0 Karadj, dans la province d&#8217;Alborz.<\/p>\n\n\n\n<p>Nasrin Sotoudeh, avocate sp\u00e9cialis\u00e9e dans les droits humains, purgeait sa peine \u00e0 la prison d&#8217;Evine. Le mardi 20 octobre, les autorit\u00e9s d&#8217;Evine l&#8217;ont appel\u00e9e pour lui dire qu&#8217;elles allaient l&#8217;emmener \u00e0 l&#8217;h\u00f4pital pour son <a href=\"https:\/\/wncri.org\/fr\/2020\/09\/19\/nasrin-sotoudeh-transferee-a-lhopital-apres-dess-problemes-cardiaques\/\" target=\"_blank\" rel=\"noreferrer noopener\">op\u00e9ration de cardio et d&#8217;angiographie<\/a>. Mais elle a \u00e9t\u00e9 emmen\u00e9e directement \u00e0 la prison de Qarchak.<\/p>\n\n\n\n<p>Le mercredi 21 octobre, les autorit\u00e9s d&#8217;Evine ont appel\u00e9 Yasaman Ariani et sa m\u00e8re, Monireh Arabshahi, pour rencontrer leur avocat. Mais elles les ont transf\u00e9r\u00e9es \u00e0 la prison de Kachoui \u00e0 Karaj. Elles purgeaient leur peine de 9 ans et 7 mois de prison pour s&#8217;\u00eatre oppos\u00e9s au port obligatoire du voile.<\/p>\n\n\n\n<p><a href=\"https:\/\/wncri.org\/fr\/2019\/07\/31\/des-detenues-politiques-brutalisees-a-la-prison-de-qarchak-en-iran\/\" target=\"_blank\" rel=\"noreferrer noopener\">Yasaman Ariani<\/a> a \u00e9t\u00e9 arr\u00eat\u00e9 le 10 avril 2019 et emmen\u00e9 au centre de d\u00e9tention de Vozara \u00e0 T\u00e9h\u00e9ran. Sa m\u00e8re a \u00e9t\u00e9 <a href=\"https:\/\/wncri.org\/fr\/2019\/04\/14\/monireh-arab-shahi-mere-dune-comedienne-et-militante-arretee-a-son-tour-en-iran\/\" target=\"_blank\" rel=\"noreferrer noopener\">arr\u00eat\u00e9e le lendemain<\/a>. Elles ont toutes deux \u00e9t\u00e9 transf\u00e9r\u00e9es au quartier 5 de la prison de Qarchak. Le 13 ao\u00fbt 2019, elles ont toutes deux \u00e9t\u00e9 transf\u00e9r\u00e9es dans le quartier des femmes de la prison d&#8217;Evine.<\/p>\n\n\n\n<p>La sinistre prison de <a href=\"https:\/\/wncri.org\/fr\/2020\/04\/20\/regard-sur-la-situation-tragique-a-la-prison-pour-femmes-de-qarchak-en-iran\/\" target=\"_blank\" rel=\"noreferrer noopener\">Qarchak<\/a> dans la ville de Varamine est la seule prison enti\u00e8rement r\u00e9serv\u00e9e aux femmes en Iran, utilis\u00e9e pour la d\u00e9tention des condamn\u00e9es pour des d\u00e9lits violents ou comme exil interne pour les prisonni\u00e8res politiques. Il n&#8217;y a pas de s\u00e9paration des d\u00e9lits dans cette prison et les prisonni\u00e8res politiques sont d\u00e9tenus avec des condamn\u00e9es de droit commun et des prisonni\u00e8res dangereuses. Les conditions sanitaires \u00e9taient \u00e9pouvantables avant m\u00eame <a href=\"https:\/\/wncri.org\/fr\/2020\/08\/22\/la-vie-des-prisonnieres-politiques-en-danger-a-la-prison-de-qarchak\/\" target=\"_blank\" rel=\"noreferrer noopener\">l&#8217;apparition du coronavirus<\/a>. Des dizaines de femmes ont perdu la vie dans cette prison \u00e0 cause de l&#8217;\u00e9pid\u00e9mie.<\/p>\n\n\n\n<p>Les conditions sanitaires dans la prison de Kachoui sont \u00e9galement horribles. La prison dispose de quatre salles. Chaque salle abrite plus de 50 prisonni\u00e8res. Dans chaque couloir, il y a deux rang\u00e9es de lits superpos\u00e9s en m\u00e9tal, chacun pour trois prisonni\u00e8res.<\/p>\n","protected":false},"excerpt":{"rendered":"<p>Nasrin Sotoudeh, Yasaman Ariani et Monireh Arabshahi font partie des prisonni\u00e8res transf\u00e9r\u00e9es Les autorit\u00e9s d&#8217;Evine ont transf\u00e9r\u00e9 une partie des prisonni\u00e8res politiques du quartier des femmes de cette prison vers des prisons ordinaires. Les autorit\u00e9s d&#8217;Evine ont envoy\u00e9 Nasrin Sotoudeh \u00e0 la sinistre prison de Qarchak. Elles ont envoy\u00e9 Yasaman Ariyani et sa m\u00e8re, Monireh [&hellip;]<\/p>\n","protected":false},"author":4,"featured_media":12104,"comment_status":"closed","ping_status":"closed","sticky":false,"template":"","format":"standard","meta":{"jnews-multi-image_gallery":[],"jnews_single_post":{"subtitle":"","format":"standard","video":"","gallery":"","source_name":"","source_url":"","via_name":"","via_url":"","override":[{"single_blog_custom":"","sidebar":"","second_sidebar":"","share_position":"","share_float_style":"","post_date_format":"","post_date_format_custom":"","post_reading_time_wpm":"","zoom_button_out_step":"1","zoom_button_in_step":"1","number_popup_post":"1"}],"image_override":[{"single_post_thumbnail_size":"","single_post_gallery_size":""}],"trending_post_position":"","trending_post_label":"","sponsored_post_label":"","sponsored_post_name":"","sponsored_post_url":"","sponsored_post_logo":"","sponsored_post_desc":""},"jnews_primary_category":{"id":""},"jnews_social_meta":[],"jnews_override_counter":{"view_counter_number":"0","share_counter_number":"0","like_counter_number":"0","dislike_counter_number":"0"},"footnotes":""},"categories":[3],"tags":[370,376],"class_list":["post-12103","post","type-post","status-publish","format-standard","has-post-thumbnail","hentry","category-infos-des-femmes","tag-prisonnieres","tag-violence-contre-les-femmes"],"_links":{"self":[{"href":"https:\/\/wncri.org\/fr\/wp-json\/wp\/v2\/posts\/12103","targetHints":{"allow":["GET"]}}],"collection":[{"href":"https:\/\/wncri.org\/fr\/wp-json\/wp\/v2\/posts"}],"about":[{"href":"https:\/\/wncri.org\/fr\/wp-json\/wp\/v2\/types\/post"}],"author":[{"embeddable":true,"href":"https:\/\/wncri.org\/fr\/wp-json\/wp\/v2\/users\/4"}],"replies":[{"embeddable":true,"href":"https:\/\/wncri.org\/fr\/wp-json\/wp\/v2\/comments?post=12103"}],"version-history":[{"count":0,"href":"https:\/\/wncri.org\/fr\/wp-json\/wp\/v2\/posts\/12103\/revisions"}],"wp:featuredmedia":[{"embeddable":true,"href":"https:\/\/wncri.org\/fr\/wp-json\/wp\/v2\/media\/12104"}],"wp:attachment":[{"href":"https:\/\/wncri.org\/fr\/wp-json\/wp\/v2\/media?parent=12103"}],"wp:term":[{"taxonomy":"category","embeddable":true,"href":"https:\/\/wncri.org\/fr\/wp-json\/wp\/v2\/categories?post=12103"},{"taxonomy":"post_tag","embeddable":true,"href":"https:\/\/wncri.org\/fr\/wp-json\/wp\/v2\/tags?post=12103"}],"curies":[{"name":"wp","href":"https:\/\/api.w.org\/{rel}","templated":true}]}}