{"id":12100,"date":"2020-10-22T14:37:00","date_gmt":"2020-10-22T12:37:00","guid":{"rendered":"https:\/\/wncri.org\/fr\/?p=12100"},"modified":"2020-10-26T14:00:29","modified_gmt":"2020-10-26T13:00:29","slug":"faranguisse-mazloum","status":"publish","type":"post","link":"https:\/\/wncri.org\/fr\/2020\/10\/22\/faranguisse-mazloum\/","title":{"rendered":"Faranguisse Mazloum, la m\u00e8re de Soheil Arabi, condamn\u00e9e \u00e0 18 mois de prison"},"content":{"rendered":"\n<p>Le tribunal r\u00e9volutionnaire de T\u00e9h\u00e9ran a condamn\u00e9 Faranguisse Mazloum, la m\u00e8re de Soheil Arabi, \u00e0 18 mois de prison.<\/p>\n\n\n\n<p>Le tribunal de T\u00e9h\u00e9ran a inform\u00e9 l&#8217;avocat de Mme Mazloum de ce verdict le 20 octobre 2020. Elle a \u00e9t\u00e9 condamn\u00e9e \u00e0 un an de prison pour \u00ab&nbsp;rassemblement et collusion avec l&#8217;intention de commettre un crime en contactant l&#8217;Organisation des Moudjahidine du peuple&nbsp;\u00bb (OMPI\/MEK). Faranguisse Mazloum a \u00e9cop\u00e9 de six mois suppl\u00e9mentaires pour \u00ab&nbsp;diffusion de propagande contre l&#8217;\u00c9tat et en faveur de groupes dissidents&nbsp;\u00bb.<\/p>\n\n\n\n<p>Ainsi, Faranguisse Mazloum, la m\u00e8re de Soheil Arabi, a re\u00e7u un total de 18 mois de prison.<\/p>\n\n\n\n<p>Les agents du minist\u00e8re du Renseignement ont <a href=\"https:\/\/wncri.org\/fr\/2019\/07\/22\/faranguisse-mazloumi-mere-dun-detenu-politique-arrete-en-iran\/\" target=\"_blank\" rel=\"noreferrer noopener\">arr\u00eat\u00e9<\/a> Mme Mazloum le 22 juillet 2019. Ils l&#8217;ont emmen\u00e9e dans le quartier de s\u00e9curit\u00e9 209 de la prison d&#8217;Evine o\u00f9 elle a \u00e9t\u00e9 d\u00e9tenue \u00e0 l&#8217;isolement pendant 2 mois et demi. Malgr\u00e9 les conditions de sant\u00e9 et ses maladies cardiaques, ils l\u2019ont interrog\u00e9e sous la torture.<\/p>\n\n\n\n<p>Faranguisse Mazloum a entam\u00e9 une <a href=\"https:\/\/wncri.org\/fr\/2019\/08\/22\/greve-de-la-faim-de-faranguisse-mazloumi-en-cellule-disolement-en-iran\/\" target=\"_blank\" rel=\"noreferrer noopener\">gr\u00e8ve de la faim<\/a> le 19 ao\u00fbt 2019 pour protester contre ses conditions de d\u00e9tention et les mauvais traitements qu&#8217;elle subit en prison.<\/p>\n\n\n\n<p>Apr\u00e8s la fin de ses interrogatoires, le 8 octobre 2019, les autorit\u00e9s p\u00e9nitentiaires l&#8217;ont mise en accusation. Ils l&#8217;ont finalement lib\u00e9r\u00e9e temporairement moyennant une caution de 250 millions de tomans, en attendant la fin de la proc\u00e9dure judiciaire.<\/p>\n\n\n\n<p>Mme Mazloum a subi des pressions et un harc\u00e8lement constants ces derni\u00e8res ann\u00e9es apr\u00e8s l&#8217;arrestation et la d\u00e9tention de <a href=\"https:\/\/wncri.org\/fr\/2018\/10\/05\/appel-de-faranguisse-mazloumi-a-sauver-son-fils-prisonnier-politique-en-iran\/\" target=\"_blank\" rel=\"noreferrer noopener\">son fils, le prisonnier politique<\/a> Soheil Arabi. Elle avait auparavant d\u00e9clar\u00e9 que \u00ab&nbsp;je suis tortur\u00e9e tous les jours et toutes les nuits&nbsp;\u00bb.<\/p>\n\n\n\n<p>Le prisonnier politique Soheil Arabi a \u00e9t\u00e9 transf\u00e9r\u00e9 \u00e0 l&#8217;isolement dans la prison de Gohardasht (Rajaishahr) le 18 septembre 2020. Il a \u00e9t\u00e9 d\u00e9tenu au secret sans avoir de visites ou de contacts avec sa famille. Faranguisse Mazloum a annonc\u00e9 que son fils avait \u00e9t\u00e9 mis \u00e0 l&#8217;isolement parce qu&#8217;il avait envoy\u00e9 un fichier audio expliquant la situation inhumaine et d\u00e9sastreuse dans le grand p\u00e9nitencier de T\u00e9h\u00e9ran.<\/p>\n\n\n\n<p>Le Secr\u00e9tariat du Conseil national de la R\u00e9sistance iranienne a publi\u00e9 un <a href=\"https:\/\/www.ncr-iran.org\/fr\/communiques-cnri\/droits-humains\/transfert-du-prisonnier-politique-soheil-arabi-a-evine-pour-un-nouveau-proces\/\" target=\"_blank\" rel=\"noreferrer noopener\">communiqu\u00e9<\/a> le 21 octobre 2020, indiquant que le prisonnier politique Soheil Arabi, 35 ans, avait \u00e9t\u00e9 \u00e0 nouveau transf\u00e9r\u00e9 \u00e0 l&#8217;isolement dans le quartier 2A de la prison d&#8217;Evine. Ce quartier est sous le contr\u00f4le des services de renseignement du Corps des gardiens de la r\u00e9volution, les pasdarans. Il y a un mois, M. Arabi a \u00e9t\u00e9 brusquement sorti du Grand p\u00e9nitencier de T\u00e9h\u00e9ran et emmen\u00e9 vers un lieu inconnu. Pendant ce temps, il a \u00e9t\u00e9 d\u00e9tenu au secret sans aucun contact avec sa famille. C&#8217;est la troisi\u00e8me fois cette ann\u00e9e que ce prisonnier est emmen\u00e9 dans le quartier 2A d&#8217;Evine et interrog\u00e9.<\/p>\n","protected":false},"excerpt":{"rendered":"<p>Le tribunal r\u00e9volutionnaire de T\u00e9h\u00e9ran a condamn\u00e9 Faranguisse Mazloum, la m\u00e8re de Soheil Arabi, \u00e0 18 mois de prison. Le tribunal de T\u00e9h\u00e9ran a inform\u00e9 l&#8217;avocat de Mme Mazloum de ce verdict le 20 octobre 2020. Elle a \u00e9t\u00e9 condamn\u00e9e \u00e0 un an de prison pour \u00ab&nbsp;rassemblement et collusion avec l&#8217;intention de commettre un crime [&hellip;]<\/p>\n","protected":false},"author":4,"featured_media":12101,"comment_status":"closed","ping_status":"closed","sticky":false,"template":"","format":"standard","meta":{"jnews-multi-image_gallery":[],"jnews_single_post":{"subtitle":"","format":"standard","video":"","gallery":"","source_name":"","source_url":"","via_name":"","via_url":"","override":[{"single_blog_custom":"","sidebar":"","second_sidebar":"","share_position":"","share_float_style":"","post_date_format":"","post_date_format_custom":"","post_reading_time_wpm":"","zoom_button_out_step":"1","zoom_button_in_step":"1","number_popup_post":"1"}],"image_override":[{"single_post_thumbnail_size":"","single_post_gallery_size":""}],"trending_post_position":"","trending_post_label":"","sponsored_post_label":"","sponsored_post_name":"","sponsored_post_url":"","sponsored_post_logo":"","sponsored_post_desc":""},"jnews_primary_category":{"id":""},"jnews_social_meta":[],"jnews_override_counter":{"view_counter_number":"0","share_counter_number":"0","like_counter_number":"0","dislike_counter_number":"0"},"footnotes":""},"categories":[3],"tags":[370,376],"class_list":["post-12100","post","type-post","status-publish","format-standard","has-post-thumbnail","hentry","category-infos-des-femmes","tag-prisonnieres","tag-violence-contre-les-femmes"],"_links":{"self":[{"href":"https:\/\/wncri.org\/fr\/wp-json\/wp\/v2\/posts\/12100","targetHints":{"allow":["GET"]}}],"collection":[{"href":"https:\/\/wncri.org\/fr\/wp-json\/wp\/v2\/posts"}],"about":[{"href":"https:\/\/wncri.org\/fr\/wp-json\/wp\/v2\/types\/post"}],"author":[{"embeddable":true,"href":"https:\/\/wncri.org\/fr\/wp-json\/wp\/v2\/users\/4"}],"replies":[{"embeddable":true,"href":"https:\/\/wncri.org\/fr\/wp-json\/wp\/v2\/comments?post=12100"}],"version-history":[{"count":0,"href":"https:\/\/wncri.org\/fr\/wp-json\/wp\/v2\/posts\/12100\/revisions"}],"wp:featuredmedia":[{"embeddable":true,"href":"https:\/\/wncri.org\/fr\/wp-json\/wp\/v2\/media\/12101"}],"wp:attachment":[{"href":"https:\/\/wncri.org\/fr\/wp-json\/wp\/v2\/media?parent=12100"}],"wp:term":[{"taxonomy":"category","embeddable":true,"href":"https:\/\/wncri.org\/fr\/wp-json\/wp\/v2\/categories?post=12100"},{"taxonomy":"post_tag","embeddable":true,"href":"https:\/\/wncri.org\/fr\/wp-json\/wp\/v2\/tags?post=12100"}],"curies":[{"name":"wp","href":"https:\/\/api.w.org\/{rel}","templated":true}]}}