{"id":12091,"date":"2020-10-21T11:33:00","date_gmt":"2020-10-21T09:33:00","guid":{"rendered":"https:\/\/wncri.org\/fr\/?p=12091"},"modified":"2020-10-22T11:39:21","modified_gmt":"2020-10-22T09:39:21","slug":"sante-de-la-prisonniere-politique","status":"publish","type":"post","link":"https:\/\/wncri.org\/fr\/2020\/10\/21\/sante-de-la-prisonniere-politique\/","title":{"rendered":"La sant\u00e9 de la prisonni\u00e8re politique Fatemeh Mosanna se d\u00e9t\u00e9riore"},"content":{"rendered":"\n<p>La sant\u00e9 de la prisonni\u00e8re politique Fatemeh Mosanna s&#8217;est d\u00e9t\u00e9rior\u00e9e depuis le 17 octobre 2020. La sant\u00e9 de cette prisonni\u00e8re politique est devenue critique en raison d&#8217;une infection intestinale.<\/p>\n\n\n\n<p>La clinique de la prsion d&#8217;Evine a annonc\u00e9 qu&#8217;elle n&#8217;\u00e9tait pas en mesure de fournir le traitement n\u00e9cessaire \u00e0 Mme Mosanna. Mais selon desinformations en provenance d&#8217;Evine, les autorit\u00e9s p\u00e9nitentiaires se sont jusqu&#8217;\u00e0 pr\u00e9sent abstenues de l&#8217;envoyer dans un h\u00f4pital ext\u00e9rieur.<\/p>\n\n\n\n<p>Fatemeh Mosanna a perdu connaissance le 19 ao\u00fbt, dans le quartier des femmes d&#8217;Evine. Elle avait de la fi\u00e8vre et des frissons et \u00e9tait soup\u00e7onn\u00e9e d&#8217;avoir contract\u00e9 le coronavirus.&nbsp;<\/p>\n\n\n\n<p>Elle a \u00e9t\u00e9 transf\u00e9r\u00e9e \u00e0 l&#8217;h\u00f4pital Taleghani de T\u00e9h\u00e9ran, o\u00f9 elle a \u00e9t\u00e9 <a href=\"https:\/\/wncri.org\/fr\/2020\/08\/23\/la-prisonniere-politique-fatemeh-mosanna-a-lhopital-menottee-a-son-lit\/\" target=\"_blank\" rel=\"noreferrer noopener\">attach\u00e9e mains et pieds<\/a> au lit pendant tout son s\u00e9jour. Elle a \u00e9t\u00e9 priv\u00e9e de visites de ses proches pendant tout ce temps \u00e0 l&#8217;h\u00f4pital.<\/p>\n\n\n\n<p>Le 26 ao\u00fbt, les forces de s\u00e9curit\u00e9 ont renvoy\u00e9 Fatemeh Mosanna dans une cellule de quarantaine au quartier des femmes d&#8217;Evine. Elle souffrait encore de graves maux d&#8217;estomac, de diarrh\u00e9e et de naus\u00e9es. Elle ne pouvait ing\u00e9rer aucune nourriture et son traitement \u00e9tait incomplet.<\/p>\n\n\n\n<p>Amine Vaziri, le procureur adjoint sp\u00e9cial pour les prisonniers politiques d\u2019Evine, avait ordonn\u00e9 son retour.<\/p>\n\n\n\n<p>La prisonni\u00e8re politique Fatemeh Mosanna <a href=\"https:\/\/wncri.org\/fr\/2020\/07\/06\/le-quartier-des-femmes-de-la-prison-devine-conditions-inhumaines-en-pandemie\/\" target=\"_blank\" rel=\"noreferrer noopener\">n&#8217;a pas re\u00e7u de soins<\/a> m\u00e9dicaux appropri\u00e9s depuis son retour \u00e0 Evine. Le m\u00e9decin de la prison ne lui a rendu visite que deux ou trois fois pour lui injecter du s\u00e9rum.<\/p>\n\n\n\n<p>Le 7 septembre 2020, les forces de s\u00e9curit\u00e9 l&#8217;ont \u00e0 nouveau emmen\u00e9e \u00e0 l&#8217;h\u00f4pital Taleghani suite \u00e0 la d\u00e9t\u00e9rioration de son \u00e9tat. Le lendemain, elle a subi une endoscopie et une coloscopie, puis elle a \u00e9t\u00e9 ramen\u00e9e \u00e0 la prison d&#8217;Evine.<\/p>\n\n\n\n<p>Mme Mosanna avait obtenu une permission de sortie sous caution le 31 mars 2020 en raison de son \u00e9tat de sant\u00e9. Cependant, des agents du parquet se sont rendus \u00e0 son domicile sans pr\u00e9avis le 6 mai 2020, l&#8217;ont menott\u00e9e et l&#8217;ont violemment ramen\u00e9e \u00e0 la prison d&#8217;Evine devant ses enfants.<\/p>\n\n\n\n<p>Fatemeh Mosanna et son mari, Hassan Sadeqi, ont \u00e9t\u00e9 arr\u00eat\u00e9s le 9 avril 2014 pour avoir organis\u00e9 une c\u00e9r\u00e9monie fun\u00e9raire pour le p\u00e8re de M. Sadeqi, d\u00e9c\u00e9d\u00e9 le 29 janvier 2014, \u00e0 Camp Liberty, en Irak, o\u00f9 les membres de l&#8217;OMPI \u00e9taient d\u00e9tenus en \u00e9tat de si\u00e8ge.<\/p>\n\n\n\n<p>Le couple a ensuite \u00e9t\u00e9 condamn\u00e9 \u00e0 15 ans de prison pour avoir eu des contacts avec l&#8217;Organisation des Moudjahidine du peuple d&#8217;Iran (OMPI\/MEK). Leur maison et leur boutique ont \u00e9t\u00e9 confisqu\u00e9es par le r\u00e9gime iranien en mars 2019. Le couple a \u00e9t\u00e9 priv\u00e9 de visites pendant une longue p\u00e9riode.<\/p>\n\n\n\n<p>Fatemeh Mosanna a \u00e9t\u00e9 prisonni\u00e8re politique en 1981 o\u00f9 elle a \u00e9t\u00e9 d\u00e9tenue pendant deux ans alors qu&#8217;elle n&#8217;avait que 13 ans. Trois de ses fr\u00e8res ont \u00e9t\u00e9 ex\u00e9cut\u00e9s cette ann\u00e9e-l\u00e0 par le r\u00e9gime cl\u00e9rical.<\/p>\n","protected":false},"excerpt":{"rendered":"<p>La sant\u00e9 de la prisonni\u00e8re politique Fatemeh Mosanna s&#8217;est d\u00e9t\u00e9rior\u00e9e depuis le 17 octobre 2020. La sant\u00e9 de cette prisonni\u00e8re politique est devenue critique en raison d&#8217;une infection intestinale. La clinique de la prsion d&#8217;Evine a annonc\u00e9 qu&#8217;elle n&#8217;\u00e9tait pas en mesure de fournir le traitement n\u00e9cessaire \u00e0 Mme Mosanna. Mais selon desinformations en provenance [&hellip;]<\/p>\n","protected":false},"author":4,"featured_media":11692,"comment_status":"closed","ping_status":"closed","sticky":false,"template":"","format":"standard","meta":{"jnews-multi-image_gallery":[],"jnews_single_post":{"subtitle":"","format":"standard","video":"","gallery":"","source_name":"","source_url":"","via_name":"","via_url":"","override":[{"single_blog_custom":"","sidebar":"","second_sidebar":"","share_position":"","share_float_style":"","post_date_format":"","post_date_format_custom":"","post_reading_time_wpm":"","zoom_button_out_step":"1","zoom_button_in_step":"1","number_popup_post":"1"}],"image_override":[{"single_post_thumbnail_size":"","single_post_gallery_size":""}],"trending_post_position":"","trending_post_label":"","sponsored_post_label":"","sponsored_post_name":"","sponsored_post_url":"","sponsored_post_logo":"","sponsored_post_desc":""},"jnews_primary_category":{"id":""},"jnews_social_meta":[],"jnews_override_counter":{"view_counter_number":"0","share_counter_number":"0","like_counter_number":"0","dislike_counter_number":"0"},"footnotes":""},"categories":[3],"tags":[370,376],"class_list":["post-12091","post","type-post","status-publish","format-standard","has-post-thumbnail","hentry","category-infos-des-femmes","tag-prisonnieres","tag-violence-contre-les-femmes"],"_links":{"self":[{"href":"https:\/\/wncri.org\/fr\/wp-json\/wp\/v2\/posts\/12091","targetHints":{"allow":["GET"]}}],"collection":[{"href":"https:\/\/wncri.org\/fr\/wp-json\/wp\/v2\/posts"}],"about":[{"href":"https:\/\/wncri.org\/fr\/wp-json\/wp\/v2\/types\/post"}],"author":[{"embeddable":true,"href":"https:\/\/wncri.org\/fr\/wp-json\/wp\/v2\/users\/4"}],"replies":[{"embeddable":true,"href":"https:\/\/wncri.org\/fr\/wp-json\/wp\/v2\/comments?post=12091"}],"version-history":[{"count":0,"href":"https:\/\/wncri.org\/fr\/wp-json\/wp\/v2\/posts\/12091\/revisions"}],"wp:featuredmedia":[{"embeddable":true,"href":"https:\/\/wncri.org\/fr\/wp-json\/wp\/v2\/media\/11692"}],"wp:attachment":[{"href":"https:\/\/wncri.org\/fr\/wp-json\/wp\/v2\/media?parent=12091"}],"wp:term":[{"taxonomy":"category","embeddable":true,"href":"https:\/\/wncri.org\/fr\/wp-json\/wp\/v2\/categories?post=12091"},{"taxonomy":"post_tag","embeddable":true,"href":"https:\/\/wncri.org\/fr\/wp-json\/wp\/v2\/tags?post=12091"}],"curies":[{"name":"wp","href":"https:\/\/api.w.org\/{rel}","templated":true}]}}