{"id":12087,"date":"2020-10-20T11:23:00","date_gmt":"2020-10-20T09:23:00","guid":{"rendered":"https:\/\/wncri.org\/fr\/?p=12087"},"modified":"2020-10-22T11:32:32","modified_gmt":"2020-10-22T09:32:32","slug":"defie-le-voile-obligatoire","status":"publish","type":"post","link":"https:\/\/wncri.org\/fr\/2020\/10\/20\/defie-le-voile-obligatoire\/","title":{"rendered":"Lib\u00e9rez imm\u00e9diatement la femme arr\u00eat\u00e9e pour avoir d\u00e9fi\u00e9 le voile obligatoire !"},"content":{"rendered":"\n<p>Lib\u00e9rez imm\u00e9diatement la femme arr\u00eat\u00e9e pour avoir d\u00e9fi\u00e9 le voile obligatoire !<\/p>\n\n\n\n<p>Les agences de presse du r\u00e9gime cl\u00e9rical en Iran ont rapport\u00e9 l&#8217;arrestation d&#8217;une femme qui a retir\u00e9 son voile <a href=\"https:\/\/wncri.org\/fr\/2017\/11\/29\/iran-khamenei-repete-son-opposition-au-velo-pour-les-femmes\/\" target=\"_blank\" rel=\"noreferrer noopener\">\u00e0 bicyclette<\/a>. La commission des Femmes du NCRI condamne l&#8217;arrestation injustifi\u00e9e de cette femme pour avoir d\u00e9fi\u00e9 le voile obligatoire et demande sa lib\u00e9ration imm\u00e9diate.<\/p>\n\n\n\n<p>Les forces de s\u00e9curit\u00e9 ont arr\u00eat\u00e9 une femme \u00e0 Najafabad, a rapport\u00e9 l&#8217;agence de presse Fars, le 20 octobre 2020.<\/p>\n\n\n\n<p>Najafabad est l&#8217;une des principales villes de la province d&#8217;Ispahan, dans le centre de l&#8217;Iran.<\/p>\n\n\n\n<p>Une cassette vid\u00e9o montrant une femme faisant du v\u00e9lo sans se couvrir les cheveux a circul\u00e9 dans les m\u00e9dias sociaux le 19 octobre. Le gouverneur de Najafabad a d\u00e9clar\u00e9 qu&#8217;ils avaient \u00e9galement identifi\u00e9 et arr\u00eat\u00e9 les personnes qui avaient film\u00e9 et diffus\u00e9 la vid\u00e9o.<\/p>\n\n\n\n<p>Les m\u00e9dias n&#8217;ont pas pr\u00e9cis\u00e9 l&#8217;identit\u00e9 de la femme et des personnes qui l\u2019ont film\u00e9e.<\/p>\n\n\n\n<p>Toutes les campagnes et les efforts visant \u00e0 r\u00e9primer les femmes sous pr\u00e9texte de faire respecter <a href=\"https:\/\/wncri.org\/fr\/2020\/10\/04\/campagnes-du-voile\/\" target=\"_blank\" rel=\"noreferrer noopener\">le voile obligatoire<\/a>, ont pour but de r\u00e9primer les femmes qui se rebellent en Iran.<\/p>\n\n\n\n<p>Il n&#8217;y a pas de contrainte dans l&#8217;islam \u00e0 se couvrir la t\u00eate et la R\u00e9sistance iranienne respecte la libert\u00e9 de choix des femmes \u00e0 cet \u00e9gard.<\/p>\n\n\n\n<p>La CNRI s&#8217;est engag\u00e9e \u00e0 respecter la Convention sur l&#8217;\u00e9limination de toutes les formes de discrimination \u00e0 l&#8217;\u00e9gard des femmes (CEDAW), souligne <a href=\"https:\/\/www.maryam-rajavi.com\/fr\/points-de-vue\/programme-politique-iran\" target=\"_blank\" rel=\"noreferrer noopener\">le Plan en dix points<\/a> de la pr\u00e9sidente \u00e9lue de la CNRI, Maryam Radjavi.<\/p>\n\n\n\n<p>Le Plan en dix points condamne \u00e9galement toute forme de discrimination \u00e0 l&#8217;\u00e9gard des femmes et r\u00e9affirme <a href=\"https:\/\/www.maryam-rajavi.com\/fr\/points-de-vue\/droits-femme-iran\" target=\"_blank\" rel=\"noreferrer noopener\">le droit des femmes iraniennes<\/a> \u00e0 choisir librement leurs v\u00eatements.<\/p>\n\n\n\n<p>Le r\u00e9gime cl\u00e9rical doit imm\u00e9diatement lib\u00e9rer cette femme innocente qui ne faisait qu&#8217;exercer son droit \u00e0 la libert\u00e9 d&#8217;opinion et de choix.<\/p>\n\n\n\n<p><\/p>\n\n\n\n<p><\/p>\n","protected":false},"excerpt":{"rendered":"<p>Lib\u00e9rez imm\u00e9diatement la femme arr\u00eat\u00e9e pour avoir d\u00e9fi\u00e9 le voile obligatoire ! Les agences de presse du r\u00e9gime cl\u00e9rical en Iran ont rapport\u00e9 l&#8217;arrestation d&#8217;une femme qui a retir\u00e9 son voile \u00e0 bicyclette. La commission des Femmes du NCRI condamne l&#8217;arrestation injustifi\u00e9e de cette femme pour avoir d\u00e9fi\u00e9 le voile obligatoire et demande sa lib\u00e9ration [&hellip;]<\/p>\n","protected":false},"author":4,"featured_media":12088,"comment_status":"closed","ping_status":"closed","sticky":false,"template":"","format":"standard","meta":{"jnews-multi-image_gallery":[],"jnews_single_post":{"subtitle":"","format":"standard","video":"","gallery":"","source_name":"","source_url":"","via_name":"","via_url":"","override":[{"single_blog_custom":"","sidebar":"","second_sidebar":"","share_position":"","share_float_style":"","post_date_format":"","post_date_format_custom":"","post_reading_time_wpm":"","zoom_button_out_step":"1","zoom_button_in_step":"1","number_popup_post":"1"}],"image_override":[{"single_post_thumbnail_size":"","single_post_gallery_size":""}],"trending_post_position":"","trending_post_label":"","sponsored_post_label":"","sponsored_post_name":"","sponsored_post_url":"","sponsored_post_logo":"","sponsored_post_desc":""},"jnews_primary_category":{"id":""},"jnews_social_meta":[],"jnews_override_counter":{"view_counter_number":"0","share_counter_number":"0","like_counter_number":"0","dislike_counter_number":"0"},"footnotes":""},"categories":[3],"tags":[376,375],"class_list":["post-12087","post","type-post","status-publish","format-standard","has-post-thumbnail","hentry","category-infos-des-femmes","tag-violence-contre-les-femmes","tag-voile-obligatoire"],"_links":{"self":[{"href":"https:\/\/wncri.org\/fr\/wp-json\/wp\/v2\/posts\/12087","targetHints":{"allow":["GET"]}}],"collection":[{"href":"https:\/\/wncri.org\/fr\/wp-json\/wp\/v2\/posts"}],"about":[{"href":"https:\/\/wncri.org\/fr\/wp-json\/wp\/v2\/types\/post"}],"author":[{"embeddable":true,"href":"https:\/\/wncri.org\/fr\/wp-json\/wp\/v2\/users\/4"}],"replies":[{"embeddable":true,"href":"https:\/\/wncri.org\/fr\/wp-json\/wp\/v2\/comments?post=12087"}],"version-history":[{"count":0,"href":"https:\/\/wncri.org\/fr\/wp-json\/wp\/v2\/posts\/12087\/revisions"}],"wp:featuredmedia":[{"embeddable":true,"href":"https:\/\/wncri.org\/fr\/wp-json\/wp\/v2\/media\/12088"}],"wp:attachment":[{"href":"https:\/\/wncri.org\/fr\/wp-json\/wp\/v2\/media?parent=12087"}],"wp:term":[{"taxonomy":"category","embeddable":true,"href":"https:\/\/wncri.org\/fr\/wp-json\/wp\/v2\/categories?post=12087"},{"taxonomy":"post_tag","embeddable":true,"href":"https:\/\/wncri.org\/fr\/wp-json\/wp\/v2\/tags?post=12087"}],"curies":[{"name":"wp","href":"https:\/\/api.w.org\/{rel}","templated":true}]}}