{"id":12071,"date":"2020-10-16T15:32:00","date_gmt":"2020-10-16T13:32:00","guid":{"rendered":"https:\/\/wncri.org\/fr\/?p=12071"},"modified":"2020-10-19T16:05:41","modified_gmt":"2020-10-19T14:05:41","slug":"les-femmes-ont-largement-participe","status":"publish","type":"post","link":"https:\/\/wncri.org\/fr\/2020\/10\/16\/les-femmes-ont-largement-participe\/","title":{"rendered":"Les femmes ont largement particip\u00e9 aux manifestations des enseignants, m\u00e9decins et infirmi\u00e8res"},"content":{"rendered":"\n<p>Les Iraniennes ont largement particip\u00e9 aux manifestations de divers secteurs sociaux \u00e0 T\u00e9h\u00e9ran et dans d&#8217;autres villes du 4 au 15 octobre.<\/p>\n\n\n\n<h3 class=\"wp-block-heading\"><strong>Protestations des enseignants<\/strong><\/h3>\n\n\n\n<p>Des enseignants temporaires de la province de Zanjan, qui avaient \u00e9t\u00e9 licenci\u00e9s, ont organis\u00e9 une manifestation le 11 octobre 2020. Ils ont <a href=\"https:\/\/wncri.org\/fr\/2020\/06\/25\/manifestation-de-trois-jours-denseignants-a-teheran-des-femmes-arretees\/\" target=\"_blank\" rel=\"noreferrer noopener\">protest\u00e9 contre la situation<\/a> de leur emploi et de leurs moyens de subsistance. Les enseignants licenci\u00e9s se sont rassembl\u00e9s devant le rectorat de la province de Zanjan.<\/p>\n\n\n\n<p>Un mois apr\u00e8s la r\u00e9ouverture des \u00e9coles et malgr\u00e9 la p\u00e9nurie d&#8217;enseignants, le rectorat de Zanjan n&#8217;a pas r\u00e9ussi \u00e0 recruter et \u00e0 employer suffisamment d&#8217;enseignants. Par exemple, l&#8217;\u00e9cole pour sourds n&#8217;a pas d&#8217;enseignants pour le cycle \u00e9l\u00e9mentaire.<\/p>\n\n\n\n<p>Une autre manifestation a eu lieu \u00e0 Bagh-e Malek, dans la province du Khouzistan. Des dizaines d&#8217;enseignantes du pr\u00e9scolaire ont manifest\u00e9 devant le gouvernorat les 14 et 15 octobre. Elles s\u2019\u00e9levaient contre le licenciement d&#8217;un groupe de coll\u00e8gues qui avaient plus de 6 ans d&#8217;exp\u00e9rience dans ce m\u00e9tier.<\/p>\n\n\n\n<figure class=\"wp-block-image size-large is-resized\"><img decoding=\"async\" src=\"data:image\/gif;base64,R0lGODlhAQABAIAAAAAAAP\/\/\/yH5BAEAAAAALAAAAAABAAEAAAIBRAA7\" data-src=\"https:\/\/wncri.org\/fr\/wp-content\/uploads\/2020\/10\/Teachers-Ahvaz.jpg\" alt=\"Un autre groupe d'enseignants du pr\u00e9scolaire a organis\u00e9 une manifestation \u00e0 Ahwaz \" class=\"wp-image-12076 lazyload\" width=\"938\" height=\"469\"\/><noscript><img decoding=\"async\" src=\"https:\/\/wncri.org\/fr\/wp-content\/uploads\/2020\/10\/Teachers-Ahvaz.jpg\" alt=\"Un autre groupe d'enseignants du pr\u00e9scolaire a organis\u00e9 une manifestation \u00e0 Ahwaz \" class=\"wp-image-12076 lazyload\" width=\"938\" height=\"469\" srcset=\"https:\/\/wncri.org\/fr\/wp-content\/uploads\/2020\/10\/Teachers-Ahvaz.jpg 750w, https:\/\/wncri.org\/fr\/wp-content\/uploads\/2020\/10\/Teachers-Ahvaz-300x150.jpg 300w, https:\/\/wncri.org\/fr\/wp-content\/uploads\/2020\/10\/Teachers-Ahvaz-360x180.jpg 360w\" sizes=\"(max-width: 938px) 100vw, 938px\" \/><\/noscript><\/figure>\n\n\n\n<p>Un autre groupe d&#8217;enseignants du pr\u00e9scolaire a organis\u00e9 une manifestation \u00e0 Ahwaz devant le rectorat de la province du Khouzistan, le 10 octobre. Ils ont exig\u00e9 du rectorat de d\u00e9terminer leur statut d&#8217;emploi. Depuis deux ans, les d\u00e9put\u00e9s des mollahs leur avaient promis de les faire embaucher. Mais ils n&#8217;ont tenu aucune de leurs promesses.<\/p>\n\n\n\n<p>Les enseignants du pr\u00e9scolaire de la ville d&#8217;Izeh, toujours dans la province du Khouzistan, ont organis\u00e9 un sit-in de protestation le 5 octobre, devant le rectorat. Leur revendication : changer leur statut d&#8217;enseignant temporaire en un emploi permanent.<\/p>\n\n\n\n<p>Les femmes ont largement particip\u00e9 \u00e0 toutes ces manifestations.<\/p>\n\n\n\n<h3 class=\"wp-block-heading\"><strong>Protestations des m\u00e9decins et du personnel m\u00e9dical<\/strong><\/h3>\n\n\n\n<p>Les m\u00e9decins, les <a href=\"https:\/\/wncri.org\/fr\/2020\/06\/18\/une-lettre-de-lorganisation-iranienne-des-infirmieres-denonce-leur-traitement-inhumain\/\" target=\"_blank\" rel=\"noreferrer noopener\">infirmi\u00e8res<\/a> et les travailleurs de la sant\u00e9 forment un autre secteur m\u00e9content qui s&#8217;\u00e9l\u00e8ve contre les politiques du r\u00e9gime ces derni\u00e8res semaines. Les femmes ont largement particip\u00e9 aux manifestations.<\/p>\n\n\n\n<p>Ce secteur travaille dur 24 heures sur 24 depuis le d\u00e9but de la <a href=\"https:\/\/www.ncr-iran.org\/fr\/communiques-cnri\/droits-humains\/iran-plus-de-125-500-deces-dus-au-coronavirus-dans-458-villes\/\" target=\"_blank\" rel=\"noreferrer noopener\">pand\u00e9mie<\/a>, il y a neuf mois. Mais ces personnels n&#8217;ont pas re\u00e7u les droits et les salaires qu&#8217;ils m\u00e9ritent.<\/p>\n\n\n\n<p>500 m\u00e9decins des CHUs de Chiraz ont organis\u00e9 une manifestation le 7 octobre 2020. Leur protestation portait sur le Plan pour les m\u00e9decins de famille.<\/p>\n\n\n\n<p>L&#8217;un des manifestants a expliqu\u00e9 : &#8220;Selon ce plan, les patients b\u00e9n\u00e9ficient de visites et d&#8217;injections gratuites. Au lieu de cela, le gouvernement doit payer les m\u00e9decins pour chaque patient. Mais comme le gouvernement est \u00e9conomiquement pauvre&#8230; il refuse de payer les m\u00e9decins&#8221;.<\/p>\n\n\n\n<figure class=\"wp-block-image size-large is-resized\"><img decoding=\"async\" src=\"data:image\/gif;base64,R0lGODlhAQABAIAAAAAAAP\/\/\/yH5BAEAAAAALAAAAAABAAEAAAIBRAA7\" data-src=\"https:\/\/wncri.org\/fr\/wp-content\/uploads\/2020\/10\/Contract-nurses.jpg\" alt=\"Protestations des m\u00e9decins et du personnel m\u00e9dical\" class=\"wp-image-12072 lazyload\" width=\"939\" height=\"470\"\/><noscript><img decoding=\"async\" src=\"https:\/\/wncri.org\/fr\/wp-content\/uploads\/2020\/10\/Contract-nurses.jpg\" alt=\"Protestations des m\u00e9decins et du personnel m\u00e9dical\" class=\"wp-image-12072 lazyload\" width=\"939\" height=\"470\" srcset=\"https:\/\/wncri.org\/fr\/wp-content\/uploads\/2020\/10\/Contract-nurses.jpg 750w, https:\/\/wncri.org\/fr\/wp-content\/uploads\/2020\/10\/Contract-nurses-300x150.jpg 300w, https:\/\/wncri.org\/fr\/wp-content\/uploads\/2020\/10\/Contract-nurses-360x180.jpg 360w\" sizes=\"(max-width: 939px) 100vw, 939px\" \/><\/noscript><\/figure>\n\n\n\n<p>&#8220;Voici ce que nous disons : Si le gouvernement n&#8217;a pas l&#8217;argent, alors il doit retirer le plan. Mais s&#8217;il a l&#8217;argent, il doit s&#8217;acquitter de son obligation l\u00e9gale.&#8221;<\/p>\n\n\n\n<p>Les employ\u00e9s retrait\u00e9s du minist\u00e8re de la Sant\u00e9 travaillant avec l&#8217;universit\u00e9 des sciences m\u00e9dicales de Guilan ont organis\u00e9 une manifestation le 15 octobre. Ils ont d\u00e9clar\u00e9 <a href=\"https:\/\/wncri.org\/fr\/2020\/10\/02\/pas-de-salaire\/\" target=\"_blank\" rel=\"noreferrer noopener\">n\u2019avoir pas re\u00e7u de salaire<\/a> pour leur dur labeur.\u00a0<\/p>\n\n\n\n<p>Un autre groupe de travailleurs de la sant\u00e9 a organis\u00e9 une manifestation devant le Parlement \u00e0 T\u00e9h\u00e9ran les 4 et 5 octobre. Ils ont d\u00e9clar\u00e9 qu&#8217;ils n&#8217;avaient pas de s\u00e9curit\u00e9 de l&#8217;emploi et que leur situation professionnelle \u00e9tait incertaine. Les infirmi\u00e8res participant \u00e0 cette manifestation ont d\u00e9clar\u00e9 que les contrats des entreprises priv\u00e9es \u00e9taient discriminatoires. Ils ont demand\u00e9 \u00e0 recevoir les honoraires sp\u00e9ciaux accord\u00e9s aux infirmi\u00e8res.<\/p>\n\n\n\n<p>Le 11 octobre, les employ\u00e9s du laboratoire de l&#8217;h\u00f4pital Alzahra de Rasht ont \u00e9crit une lettre ouverte dans laquelle ils demandaient la s\u00e9curit\u00e9 de l&#8217;emploi. Ils ont d\u00e9clar\u00e9 qu&#8217;une nouvelle entreprise est cens\u00e9e reprendre le laboratoire avec son propre personnel. Dans ce cas, beaucoup d&#8217;employ\u00e9s seront licenci\u00e9s malgr\u00e9 plus de 10 ans d&#8217;exp\u00e9rience dans ce domaine.<\/p>\n\n\n\n<figure class=\"wp-block-image size-large is-resized\"><img decoding=\"async\" src=\"data:image\/gif;base64,R0lGODlhAQABAIAAAAAAAP\/\/\/yH5BAEAAAAALAAAAAABAAEAAAIBRAA7\" data-src=\"https:\/\/wncri.org\/fr\/wp-content\/uploads\/2020\/10\/Lab-workers-Rasht.jpg\" alt=\"Un autre groupe de travailleurs de la sant\u00e9 a organis\u00e9 une manifestation devant le Parlement \u00e0 T\u00e9h\u00e9ran les 4 et 5 octobre\" class=\"wp-image-12073 lazyload\" width=\"938\" height=\"469\"\/><noscript><img decoding=\"async\" src=\"https:\/\/wncri.org\/fr\/wp-content\/uploads\/2020\/10\/Lab-workers-Rasht.jpg\" alt=\"Un autre groupe de travailleurs de la sant\u00e9 a organis\u00e9 une manifestation devant le Parlement \u00e0 T\u00e9h\u00e9ran les 4 et 5 octobre\" class=\"wp-image-12073 lazyload\" width=\"938\" height=\"469\" srcset=\"https:\/\/wncri.org\/fr\/wp-content\/uploads\/2020\/10\/Lab-workers-Rasht.jpg 750w, https:\/\/wncri.org\/fr\/wp-content\/uploads\/2020\/10\/Lab-workers-Rasht-300x150.jpg 300w, https:\/\/wncri.org\/fr\/wp-content\/uploads\/2020\/10\/Lab-workers-Rasht-360x180.jpg 360w\" sizes=\"(max-width: 938px) 100vw, 938px\" \/><\/noscript><\/figure>\n","protected":false},"excerpt":{"rendered":"<p>Les Iraniennes ont largement particip\u00e9 aux manifestations de divers secteurs sociaux \u00e0 T\u00e9h\u00e9ran et dans d&#8217;autres villes du 4 au 15 octobre. Protestations des enseignants Des enseignants temporaires de la province de Zanjan, qui avaient \u00e9t\u00e9 licenci\u00e9s, ont organis\u00e9 une manifestation le 11 octobre 2020. Ils ont protest\u00e9 contre la situation de leur emploi et [&hellip;]<\/p>\n","protected":false},"author":4,"featured_media":12074,"comment_status":"closed","ping_status":"closed","sticky":false,"template":"","format":"standard","meta":{"jnews-multi-image_gallery":[],"jnews_single_post":{"subtitle":"","format":"standard","video":"","gallery":"","source_name":"","source_url":"","via_name":"","via_url":"","override":[{"single_blog_custom":"","sidebar":"","second_sidebar":"","share_position":"","share_float_style":"","post_date_format":"","post_date_format_custom":"","post_reading_time_wpm":"","zoom_button_out_step":"1","zoom_button_in_step":"1","number_popup_post":"1"}],"image_override":[{"single_post_thumbnail_size":"","single_post_gallery_size":""}],"trending_post_position":"","trending_post_label":"","sponsored_post_label":"","sponsored_post_name":"","sponsored_post_url":"","sponsored_post_logo":"","sponsored_post_desc":""},"jnews_primary_category":{"id":""},"jnews_social_meta":[],"jnews_override_counter":{"view_counter_number":"0","share_counter_number":"0","like_counter_number":"0","dislike_counter_number":"0"},"footnotes":""},"categories":[3],"tags":[380,369,371],"class_list":["post-12071","post","type-post","status-publish","format-standard","has-post-thumbnail","hentry","category-infos-des-femmes","tag-femmes-chefs-de-famille","tag-manifestations","tag-pauvrete"],"_links":{"self":[{"href":"https:\/\/wncri.org\/fr\/wp-json\/wp\/v2\/posts\/12071","targetHints":{"allow":["GET"]}}],"collection":[{"href":"https:\/\/wncri.org\/fr\/wp-json\/wp\/v2\/posts"}],"about":[{"href":"https:\/\/wncri.org\/fr\/wp-json\/wp\/v2\/types\/post"}],"author":[{"embeddable":true,"href":"https:\/\/wncri.org\/fr\/wp-json\/wp\/v2\/users\/4"}],"replies":[{"embeddable":true,"href":"https:\/\/wncri.org\/fr\/wp-json\/wp\/v2\/comments?post=12071"}],"version-history":[{"count":0,"href":"https:\/\/wncri.org\/fr\/wp-json\/wp\/v2\/posts\/12071\/revisions"}],"wp:featuredmedia":[{"embeddable":true,"href":"https:\/\/wncri.org\/fr\/wp-json\/wp\/v2\/media\/12074"}],"wp:attachment":[{"href":"https:\/\/wncri.org\/fr\/wp-json\/wp\/v2\/media?parent=12071"}],"wp:term":[{"taxonomy":"category","embeddable":true,"href":"https:\/\/wncri.org\/fr\/wp-json\/wp\/v2\/categories?post=12071"},{"taxonomy":"post_tag","embeddable":true,"href":"https:\/\/wncri.org\/fr\/wp-json\/wp\/v2\/tags?post=12071"}],"curies":[{"name":"wp","href":"https:\/\/api.w.org\/{rel}","templated":true}]}}