{"id":12038,"date":"2020-10-11T14:48:00","date_gmt":"2020-10-11T12:48:00","guid":{"rendered":"https:\/\/wncri.org\/fr\/?p=12038"},"modified":"2020-10-12T14:52:42","modified_gmt":"2020-10-12T12:52:42","slug":"des-militantes","status":"publish","type":"post","link":"https:\/\/wncri.org\/fr\/2020\/10\/11\/des-militantes\/","title":{"rendered":"Des militantes en prison en Iran : Aliyeh Motallebzadeh et Ashraf Nafariyeh"},"content":{"rendered":"\n<p>Le coronavirus a frapp\u00e9 toutes les prisons iraniennes. Le r\u00e9gime cl\u00e9rical, cependant, continue de transf\u00e9rer des militantes en prison. Il refuse d&#8217;accorder des permissions aux prisonniers politiques. Dans les rares cas o\u00f9 il a accord\u00e9 des permissions, le r\u00e9gime s&#8217;abstient de les prolonger et a convoqu\u00e9 les prisonniers \u00e0 nouveau.<\/p>\n\n\n\n<p><a href=\"https:\/\/wncri.org\/fr\/2017\/08\/17\/iran-aliyeh-motallebzadeh-condamnee-a-trois-ans-de-prison\/\" target=\"_blank\" rel=\"noreferrer noopener\">Aliyeh Motallebzadeh<\/a> et Ashraf Nafariyeh ont \u00e9t\u00e9 transf\u00e9r\u00e9s \u00e0 la prison d&#8217;Evine de T\u00e9h\u00e9ran le 11 octobre 2020.<\/p>\n\n\n\n<p>Aliyeh Motallebzadeh est photographe de profession et militante des droits des femmes. Elle pr\u00e9side l&#8217;Association pour la d\u00e9fense de la libert\u00e9 de la presse.<\/p>\n\n\n\n<p><a href=\"https:\/\/wncri.org\/2020\/05\/01\/iran-judiciary-keeps-summoning-civil-activists-sending-them-to-jail\/\" target=\"_blank\" rel=\"noreferrer noopener\">Ashraf Nafariyeh<\/a> est une \u00e9tudiante militante.<\/p>\n\n\n\n<p>Mme Motalllebzadeh a \u00e9t\u00e9 convoqu\u00e9e une premi\u00e8re fois par le minist\u00e8re du Renseignement le 26 novembre 2016. Le 19 d\u00e9cembre, les autorit\u00e9s l&#8217;ont temporairement lib\u00e9r\u00e9e moyennant une caution de 300 millions de tomans.<\/p>\n\n\n\n<p>La Cour de r\u00e9vision de T\u00e9h\u00e9ran a finalement condamn\u00e9 Aliyeh Motallebzadeh en 2017 \u00e0 trois ans de prison. Le tribunal l&#8217;a accus\u00e9e d'&#8221;association et collusion contre la s\u00e9curit\u00e9 du pays&#8221; et de &#8220;propagande contre l&#8217;\u00c9tat&#8221;.<\/p>\n\n\n\n<p>Motallebazadeh avait particip\u00e9 \u00e0 deux grandes campagnes en faveur des droits des femmes et des victimes d&#8217;attaques \u00e0 l&#8217;acide.<\/p>\n\n\n\n<p>N\u00e9 en novembre 1988, Ashraf Nafariyeh a \u00e9tudi\u00e9 les math\u00e9matiques \u00e0 l&#8217;universit\u00e9 Khajeh Nassir Tousi de T\u00e9h\u00e9ran. Le tribunal r\u00e9volutionnaire de T\u00e9h\u00e9ran l&#8217;a condamn\u00e9e \u00e0 4 mois de prison.<\/p>\n\n\n\n<p>Le 27 avril 2019, les forces de s\u00e9curit\u00e9 l&#8217;ont arr\u00eat\u00e9e chez elle \u00e0 Shahriar pour ses activit\u00e9s dans les m\u00e9dias sociaux. Quelques jours plus tard, ils l&#8217;ont lib\u00e9r\u00e9e temporairement moyennant une caution de 500 millions de tomans (le seuil de pauvret\u00e9 est \u00e0 10 millions de tomans). Le tribunal r\u00e9volutionnaire l&#8217;a finalement condamn\u00e9e \u00e0 quatre mois de prison pour &#8220;propagande contre l&#8217;\u00c9tat&#8221;.<\/p>\n\n\n\n<p>Par ailleurs, le pouvoir judiciaire des mollahs a prolong\u00e9 l&#8217;ordre de d\u00e9tention du militant \u00e9cologiste <a href=\"https:\/\/wncri.org\/fr\/2020\/07\/26\/de-lourdes-peines-de-prison-pour-faire-taire-des-militantes-kurdes-en-iran\/\" target=\"_blank\" rel=\"noreferrer noopener\">Faranak Jamshidi<\/a>.<\/p>\n\n\n\n<p>Mme Jamshidi est d\u00e9tenue depuis le 28 juin 2020 sans avoir \u00e9t\u00e9 jug\u00e9e. Elle n&#8217;a re\u00e7u aucune visite de sa famille.<\/p>\n","protected":false},"excerpt":{"rendered":"<p>Le coronavirus a frapp\u00e9 toutes les prisons iraniennes. Le r\u00e9gime cl\u00e9rical, cependant, continue de transf\u00e9rer des militantes en prison. Il refuse d&#8217;accorder des permissions aux prisonniers politiques. Dans les rares cas o\u00f9 il a accord\u00e9 des permissions, le r\u00e9gime s&#8217;abstient de les prolonger et a convoqu\u00e9 les prisonniers \u00e0 nouveau. Aliyeh Motallebzadeh et Ashraf Nafariyeh [&hellip;]<\/p>\n","protected":false},"author":4,"featured_media":12039,"comment_status":"closed","ping_status":"closed","sticky":false,"template":"","format":"standard","meta":{"jnews-multi-image_gallery":[],"jnews_single_post":{"subtitle":"","format":"standard","video":"","gallery":"","source_name":"","source_url":"","via_name":"","via_url":"","override":[{"single_blog_custom":"","sidebar":"","second_sidebar":"","share_position":"","share_float_style":"","post_date_format":"","post_date_format_custom":"","post_reading_time_wpm":"","zoom_button_out_step":"1","zoom_button_in_step":"1","number_popup_post":"1"}],"image_override":[{"single_post_thumbnail_size":"","single_post_gallery_size":""}],"trending_post_position":"","trending_post_label":"","sponsored_post_label":"","sponsored_post_name":"","sponsored_post_url":"","sponsored_post_logo":"","sponsored_post_desc":""},"jnews_primary_category":{"id":""},"jnews_social_meta":[],"jnews_override_counter":{"view_counter_number":"0","share_counter_number":"0","like_counter_number":"0","dislike_counter_number":"0"},"footnotes":""},"categories":[3],"tags":[370],"class_list":["post-12038","post","type-post","status-publish","format-standard","has-post-thumbnail","hentry","category-infos-des-femmes","tag-prisonnieres"],"_links":{"self":[{"href":"https:\/\/wncri.org\/fr\/wp-json\/wp\/v2\/posts\/12038","targetHints":{"allow":["GET"]}}],"collection":[{"href":"https:\/\/wncri.org\/fr\/wp-json\/wp\/v2\/posts"}],"about":[{"href":"https:\/\/wncri.org\/fr\/wp-json\/wp\/v2\/types\/post"}],"author":[{"embeddable":true,"href":"https:\/\/wncri.org\/fr\/wp-json\/wp\/v2\/users\/4"}],"replies":[{"embeddable":true,"href":"https:\/\/wncri.org\/fr\/wp-json\/wp\/v2\/comments?post=12038"}],"version-history":[{"count":0,"href":"https:\/\/wncri.org\/fr\/wp-json\/wp\/v2\/posts\/12038\/revisions"}],"wp:featuredmedia":[{"embeddable":true,"href":"https:\/\/wncri.org\/fr\/wp-json\/wp\/v2\/media\/12039"}],"wp:attachment":[{"href":"https:\/\/wncri.org\/fr\/wp-json\/wp\/v2\/media?parent=12038"}],"wp:term":[{"taxonomy":"category","embeddable":true,"href":"https:\/\/wncri.org\/fr\/wp-json\/wp\/v2\/categories?post=12038"},{"taxonomy":"post_tag","embeddable":true,"href":"https:\/\/wncri.org\/fr\/wp-json\/wp\/v2\/tags?post=12038"}],"curies":[{"name":"wp","href":"https:\/\/api.w.org\/{rel}","templated":true}]}}