{"id":11985,"date":"2020-09-27T16:56:00","date_gmt":"2020-09-27T14:56:00","guid":{"rendered":"https:\/\/wncri.org\/fr\/?p=11985"},"modified":"2020-10-01T17:11:19","modified_gmt":"2020-10-01T15:11:19","slug":"rentree-scolaire-en-iran-en-pleine-3e-vague-de-coronavirus","status":"publish","type":"post","link":"https:\/\/wncri.org\/fr\/2020\/09\/27\/rentree-scolaire-en-iran-en-pleine-3e-vague-de-coronavirus\/","title":{"rendered":"Rentr\u00e9e scolaire en Iran en pleine 3e vague de coronavirus"},"content":{"rendered":"\n<h3 class=\"wp-block-heading\"><em>Les m\u00e9dias et les responsables du r\u00e9gime estiment que la r\u00e9ouverture anticip\u00e9e des \u00e9coles sans \u00e9quipement de protection et de d\u00e9sinfection comme un &#8220;g\u00e9nocide&#8221; et une &#8220;catastrophe humanitaire&#8221;.<\/em><\/h3>\n\n\n\n<p>Rentr\u00e9e scolaire en Iran en pleine 3e vague de coronavirus<\/p>\n\n\n\n<p> &#8220;Nous assistons \u00e0 une nouvelle flamb\u00e9e et \u00e0 la troisi\u00e8me vague du coronavirus.&#8221; C&#8217;est ce qu&#8217;a r\u00e9cemment d\u00e9clar\u00e9 le ministre de la Sant\u00e9 du r\u00e9gime, qui a annonc\u00e9 le d\u00e9but de la troisi\u00e8me vague de coronavirus en Iran. (Agence Mehr &#8211; 22 septembre 2020)<\/p>\n\n\n\n<p>\u00c0 T\u00e9h\u00e9ran, Alireza Zali, chef du centrel national de lutte contre le coronavirus, a d\u00e9clar\u00e9 : &#8220;\u00c0 T\u00e9h\u00e9ran, nous nous dirigeons vers la troisi\u00e8me vague de l&#8217;\u00e9pid\u00e9mie. L&#8217;arriv\u00e9e de la troisi\u00e8me vague \u00e0 T\u00e9h\u00e9ran sera beaucoup plus pr\u00e9coce que dans les autres provinces&#8221;. (Journal Hamshahri &#8211; 15 septembre 2020)<\/p>\n\n\n\n<p>Ressalat, un quotidien officiel, rapportait le 17 septembre : &#8220;En termes de nombre de d\u00e9c\u00e8s quotidiens dus au coronavirus, l&#8217;Iran est l&#8217;un des cinq pays les plus gravement touch\u00e9s dans le monde. Par ailleurs l&#8217;Iran occupe la 19e place en terme d\u00e9mographique, ce qui signifie qu&#8217;en Iran, le nombre d&#8217;infections et de d\u00e9c\u00e8s dus au coronavirus est sup\u00e9rieur \u00e0 la moyenne mondiale. &#8220;<\/p>\n\n\n\n<p>Iraj Harirchi, vice-ministre de la Sant\u00e9, a qualifi\u00e9 de &#8220;catastrophe&#8221; la troisi\u00e8me vague de coronavirus en Iran. (T\u00e9l\u00e9vision d&#8217;\u00c9tat &#8211; 21 septembre 2020)<\/p>\n\n\n\n<p>En expliquant la trag\u00e9die, il a ajout\u00e9 : &#8220;Le nombre d\u2019hospitalisations hebdomadaire a atteint 9 640 personnes. Au plus fort de la maladie, en mars et avril, il \u00e9tait de 7 900, et il a atteint 1 971 vers la fin du mois d&#8217;avril. Aujourd&#8217;hui, il a \u00e9t\u00e9 multipli\u00e9 par cinq. &#8220;<\/p>\n\n\n\n<p>Au d\u00e9but de la troisi\u00e8me vague de coronavirus en Iran, les autorit\u00e9s d\u00e9crivent la situation comme &#8220;ultra-rouge&#8221;, &#8220;critique&#8221; et &#8220;orageuse&#8221;. Elles disent aussi que le syst\u00e8me de sant\u00e9 du pays &#8220;s&#8217;effondre&#8221;. Le d\u00e9sastre du coronavirus s&#8217;est \u00e9tendu \u00e0 tout l&#8217;Iran, mais le r\u00e9gime a n\u00e9anmoins rouvert des \u00e9tablissements scolaires dans ces circonstances.<\/p>\n\n\n\n<figure class=\"wp-block-image size-large is-resized\"><img decoding=\"async\" src=\"data:image\/gif;base64,R0lGODlhAQABAIAAAAAAAP\/\/\/yH5BAEAAAAALAAAAAABAAEAAAIBRAA7\" data-src=\"https:\/\/wncri.org\/fr\/wp-content\/uploads\/2020\/10\/\u0627\u0628\u062a\u0644\u0627-\u0648-\u0641\u0648\u062a-\u062f\u0627\u0646\u0634-\u0622\u0645\u0648\u0632\u0627\u0646-\u062f\u0631-\u0645\u0648\u062c-\u0633\u0648\u0645-\u06a9\u0631\u0648\u0646\u0627-\u062f\u0631-\u0627\u06cc\u0631\u0627\u0646.jpg\" alt=\"Un million d'enfants expos\u00e9s \u00e0 la troisi\u00e8me vague de coronavirus en Iran\" class=\"wp-image-11986 lazyload\" width=\"849\" height=\"425\"\/><noscript><img decoding=\"async\" src=\"https:\/\/wncri.org\/fr\/wp-content\/uploads\/2020\/10\/\u0627\u0628\u062a\u0644\u0627-\u0648-\u0641\u0648\u062a-\u062f\u0627\u0646\u0634-\u0622\u0645\u0648\u0632\u0627\u0646-\u062f\u0631-\u0645\u0648\u062c-\u0633\u0648\u0645-\u06a9\u0631\u0648\u0646\u0627-\u062f\u0631-\u0627\u06cc\u0631\u0627\u0646.jpg\" alt=\"Un million d'enfants expos\u00e9s \u00e0 la troisi\u00e8me vague de coronavirus en Iran\" class=\"wp-image-11986 lazyload\" width=\"849\" height=\"425\" srcset=\"https:\/\/wncri.org\/fr\/wp-content\/uploads\/2020\/10\/\u0627\u0628\u062a\u0644\u0627-\u0648-\u0641\u0648\u062a-\u062f\u0627\u0646\u0634-\u0622\u0645\u0648\u0632\u0627\u0646-\u062f\u0631-\u0645\u0648\u062c-\u0633\u0648\u0645-\u06a9\u0631\u0648\u0646\u0627-\u062f\u0631-\u0627\u06cc\u0631\u0627\u0646.jpg 750w, https:\/\/wncri.org\/fr\/wp-content\/uploads\/2020\/10\/\u0627\u0628\u062a\u0644\u0627-\u0648-\u0641\u0648\u062a-\u062f\u0627\u0646\u0634-\u0622\u0645\u0648\u0632\u0627\u0646-\u062f\u0631-\u0645\u0648\u062c-\u0633\u0648\u0645-\u06a9\u0631\u0648\u0646\u0627-\u062f\u0631-\u0627\u06cc\u0631\u0627\u0646-300x150.jpg 300w, https:\/\/wncri.org\/fr\/wp-content\/uploads\/2020\/10\/\u0627\u0628\u062a\u0644\u0627-\u0648-\u0641\u0648\u062a-\u062f\u0627\u0646\u0634-\u0622\u0645\u0648\u0632\u0627\u0646-\u062f\u0631-\u0645\u0648\u062c-\u0633\u0648\u0645-\u06a9\u0631\u0648\u0646\u0627-\u062f\u0631-\u0627\u06cc\u0631\u0627\u0646-360x180.jpg 360w\" sizes=\"(max-width: 849px) 100vw, 849px\" \/><\/noscript><\/figure>\n\n\n\n<h3 class=\"wp-block-heading\"><strong>Un million d&#8217;enfants expos\u00e9s \u00e0 la troisi\u00e8me vague de coronavirus en Iran<\/strong><\/h3>\n\n\n\n<p>Malgr\u00e9 les avertissements des m\u00e9decins et des experts, les \u00e9coles et les universit\u00e9s ont rouvert plus t\u00f4t, 15 jours avant la date habituelle du 22 septembre.<\/p>\n\n\n\n<p>&#8220;Un million d&#8217;enfants iraniens sont expos\u00e9s aux troisi\u00e8me et quatri\u00e8me vagues de coronavirus&#8221;, a \u00e9crit le quotidien officiel Setareh-Sobh le 17 septembre 2020.<\/p>\n\n\n\n<p>Cependant, aucune des \u00e9coles et universit\u00e9s du pays ne dispose des conditions et des installations n\u00e9cessaires pour se conformer aux protocoles sanitaires de base. Assafari, d\u00e9put\u00e9 du Majlis des mollahs, a r\u00e9v\u00e9l\u00e9 que &#8220;de nombreuses r\u00e9gions n&#8217;envoyent pas de personnel dans les \u00e9coles pour les d\u00e9sinfecter&#8221;. (Agence ICANA, 6 septembre 2020)<\/p>\n\n\n\n<p>Ismaili, membre de la commission parlementaire de l&#8217;Education et de la recherche, a d\u00e9clar\u00e9 : &#8220;Si nous voulons organiser des cours avec la pr\u00e9sence des enfants, les \u00e9coles doivent \u00eatre d\u00e9sinfect\u00e9es tous les jours, et les \u00e9l\u00e8ves doivent utiliser des masques et des gels ; cela oblige les familles \u00e0 engager des d\u00e9penses importantes. Il faut aussi une thermom\u00e9trie constante, \u00e0 laquelle nous ne sommes pas pr\u00e9par\u00e9s actuellement&#8221;. (Agence Mehr, 12 septembre 2020)<\/p>\n\n\n\n<p>Hossein Gheshlaghi, membre du Conseil m\u00e9dical supr\u00eame, a d\u00e9clar\u00e9 : &#8220;Si le gouvernement avait appliqu\u00e9 des mesures de confinement strictes entre le 10 mars et le 8 avril 2020, la premi\u00e8re vague de coronavirus aurait \u00e9t\u00e9 moins douloureuse et le personnel m\u00e9dical n&#8217;aurait pas eu \u00e0 faire face \u00e0 une charge de travail \u00e9crasante. Une autre erreur qui augmente consid\u00e9rablement le risque de propagation du virus et le taux de mortalit\u00e9 est la r\u00e9ouverture des \u00e9coles. Les garder ferm\u00e9es aurait \u00e9t\u00e9 un facteur de contr\u00f4le pour r\u00e9duire la troisi\u00e8me vague de coronavirus.&#8221; (Agence Mehr, 14 septembre 2020)<\/p>\n\n\n\n<p>Certains responsables et certains m\u00e9dias ont qualifi\u00e9 la d\u00e9cision du r\u00e9gime de &#8220;g\u00e9nocide&#8221; et de &#8220;catastrophe humanitaire&#8221;.<\/p>\n\n\n\n<p>&#8220;Il ne faut peut-\u00eatre pas le dire, mais la r\u00e9ouverture des \u00e9coles est physiquement g\u00e9nocidaire, surtout pour les pauvres, \u00e9tant donn\u00e9 que l\u2019on a averti \u00e0 plusieurs reprises que l&#8217;automne sera tr\u00e8s difficile&#8221;. (Ressalat &#8211; 7 septembre 2020)<\/p>\n\n\n\n<p>Shahrbanou Amani, membre du conseil de T\u00e9h\u00e9ran, a d\u00e9clar\u00e9 : &#8220;Il y a 14,7 millions d\u2019\u00e9l\u00e8ve dans tout le pays, dont 2 millions dans la capitale. Si un pour cent d&#8217;entre eux contractent le coronavirus, nous serons confront\u00e9s \u00e0 une catastrophe humaine&#8221;. (Arman-e Meli, 13 septembre 2020)<\/p>\n\n\n\n<p><strong>Infection et d\u00e9c\u00e8s d\u2019\u00e9l\u00e8ves lors de la troisi\u00e8me vague de coronavirus<\/strong><\/p>\n\n\n\n<p>Le vice-chancelier de la sant\u00e9 de l&#8217;universit\u00e9 de Kermanchah a annonc\u00e9, lors d&#8217;une r\u00e9union du centre de lutte contre le coronavirus, que 13 enfants de Kermanchah \u00e9taient morts du virus. Il a ajout\u00e9 que 178 enfants de Kermanchah ont \u00e9t\u00e9 diagnostiqu\u00e9s \u00e0 ce jour avec le coronavirus. (L&#8217;agence ILNA, 20 septembre 2020)<\/p>\n\n\n\n<p>Au coll\u00e8ge de filles Shahed \u00e0 T\u00e9h\u00e9ran, plusieurs \u00e9l\u00e8ves, trois surveillantes et deux enseignantes ont \u00e9t\u00e9 infect\u00e9es par le coronavirus. M\u00eame la concierge de l&#8217;\u00e9cole est soup\u00e7onn\u00e9e d&#8217;avoir attrap\u00e9 le Covid-19. (Agence Entekhab, 13 septembre 2020)<\/p>\n\n\n\n<p>Zeinab Taheri, une \u00e9l\u00e8ve de la ville de Langaroud, est d\u00e9c\u00e9d\u00e9e du coronavirus le samedi 19 septembre 2020.<\/p>\n\n\n\n<p>Cependant, \u00e0 Lorestan, le gouverneur par int\u00e9rim du canton de Selseleh a \u00e9crit : &#8220;Depuis l&#8217;ouverture des \u00e9coles le 5 septembre 2020, 39 \u00e9l\u00e8ves de diff\u00e9rents niveaux dans la ville de Selseleh ont contract\u00e9 le coronavirus. Les 10 et 11 septembre 2020, au moins 18 \u00e9l\u00e8ves de la ville ont \u00e9t\u00e9 infect\u00e9s. Ces \u00e9l\u00e8ves ont entre 7 et 17 ans ; ils ont tous \u00e9t\u00e9 contraints d&#8217;aller en classe&#8221;.<\/p>\n\n\n\n<p>\u00c0 la facult\u00e9 de m\u00e9decine d&#8217;Ispahan, le vice-chancelier charg\u00e9 des soins a annonc\u00e9 : &#8220;Au cours des deux derni\u00e8res semaines, 48 enseignants ont \u00e9t\u00e9 infect\u00e9s par le coronavirus et 183 enseignants ont vu des membres de leur famille contamin\u00e9s. Quelque 163 \u00e9tudiants ont \u00e9t\u00e9 infect\u00e9s et les familles de 2 863 \u00e9tudiants risquent d&#8217;\u00eatre infect\u00e9es par le coronavirus&#8221;. (Khabarforionline.ir, 17 septembre 2020)<\/p>\n\n\n\n<p>Le vice-pr\u00e9sident de la facult\u00e9 de m\u00e9decine d&#8217;Ispahan a annonc\u00e9 que &#8220;163 \u00e9tudiants et 48 enseignants ont \u00e9t\u00e9 r\u00e9cemment infect\u00e9s par le coronavirus, et un membre de la famille de chacun des 2 863 \u00e9tudiants a contract\u00e9 la maladie. La situation est devenue plus difficile et plus compliqu\u00e9e, et les infections et les d\u00e9c\u00e8s vont \u00eatre multipli\u00e9s par 4 ou 5. &#8221; (Agence IRNA &#8211; 16 septembre 2020)<\/p>\n\n\n\n<p>Ce ne sont l\u00e0 que quelques exemples publi\u00e9s dans la presse et les m\u00e9dias officiels. Malheureusement, il faut supposer que la situation est similaire dans toutes les villes et provinces, et avec la troisi\u00e8me vague de coronavirus en Iran, la situation ne fera que s&#8217;aggraver.<\/p>\n\n\n\n<h3 class=\"wp-block-heading\"><strong>Plus de 110 700 d\u00e9c\u00e8s li\u00e9s aux coronavirus<\/strong><\/h3>\n\n\n\n<p>Il convient de noter que les statistiques officielles ne sont pas transparentes, et de nombreux experts du r\u00e9gime admettent que les chiffres officiels repr\u00e9sentent un cinqui\u00e8me ou un dixi\u00e8me de la r\u00e9alit\u00e9.<\/p>\n\n\n\n<p>La R\u00e9sistance iranienne a jusqu&#8217;\u00e0 pr\u00e9sent enregistr\u00e9 plus de <a href=\"https:\/\/www.ncr-iran.org\/fr\/communiques-cnri\/droits-humains\/iran-plus-de-111-300-deces-dus-au-coronavirus-dans-444-villes\/\" target=\"_blank\" rel=\"noreferrer noopener\">111 000 morts en Iran<\/a>. En raison de la r\u00e9pression dans le pays, c&#8217;est <a href=\"https:\/\/wncri.org\/fr\/2020\/04\/23\/exclusif-silence-impose-aux-infirmieres-des-hopitaux-sur-le-coronavirus-en-iran\/\" target=\"_blank\" rel=\"noreferrer noopener\">un d\u00e9lit de divulguer des chiffres<\/a> et d&#8217;autres informations sur le nombre de personnes qui souffrent ou meurent du coronavirus.<\/p>\n\n\n\n<p>Pendant ce temps, le r\u00e9gime des mollahs n&#8217;a pris aucune mesure efficace pour lutter contre le coronavirus. Au contraire, ses actions ont permis de propager la maladie autant que possible.<\/p>\n\n\n\n<p>La dissimulation initiale de l&#8217;\u00e9pid\u00e9mie par le r\u00e9gime, l&#8217;absence de mise en quarantaine des villes, la poursuite des vols vers la Chine et d&#8217;autres pays, la reprise anticip\u00e9e du travail et la r\u00e9cente r\u00e9ouverture des \u00e9coles &#8211; contrairement \u00e0 l&#8217;avis des experts et des responsables de la sant\u00e9 &#8211; font partie des actions de la dictature religieuse. Ces manquements \u00e0 la responsabilit\u00e9 ont plac\u00e9 l&#8217;Iran \u00e0 l&#8217;\u00e9picentre de la pand\u00e9mie au Moyen-Orient et ont fait exploser le coronavirus \u00e0 l&#8217;int\u00e9rieur du pays.<\/p>\n\n\n\n<p>La performance des mollahs dans la lutte contre le coronavirus ne peut pas \u00eatre d\u00e9crite comme simplement irresponsable. Toutes les preuves indiquent une strat\u00e9gie d\u00e9lib\u00e9r\u00e9e pour tuer le peuple iranien afin de pr\u00e9server le r\u00e9gime. C&#8217;est ce que la r\u00e9sistance iranienne appelle la strat\u00e9gie de &#8220;des pertes humaines massives&#8221;.<\/p>\n\n\n\n<figure class=\"wp-block-image size-large is-resized\"><img decoding=\"async\" src=\"data:image\/gif;base64,R0lGODlhAQABAIAAAAAAAP\/\/\/yH5BAEAAAAALAAAAAABAAEAAAIBRAA7\" data-src=\"https:\/\/wncri.org\/fr\/wp-content\/uploads\/2020\/10\/\u06cc\u06a9-\u0645\u06cc\u0644\u06cc\u0648\u0646-\u06a9\u0648\u062f\u06a9-\u062f\u0631-\u0645\u0639\u0631\u0636-\u0645\u0648\u062c-\u0633\u0648\u0645-\u06a9\u0631\u0648\u0646\u0627-\u062f\u0631-\u0627\u06cc\u0631\u0627\u0646.jpg\" alt=\"Un r\u00e9gime oppressif sans piti\u00e9 pour les enfants\" class=\"wp-image-11988 lazyload\" width=\"855\" height=\"428\"\/><noscript><img decoding=\"async\" src=\"https:\/\/wncri.org\/fr\/wp-content\/uploads\/2020\/10\/\u06cc\u06a9-\u0645\u06cc\u0644\u06cc\u0648\u0646-\u06a9\u0648\u062f\u06a9-\u062f\u0631-\u0645\u0639\u0631\u0636-\u0645\u0648\u062c-\u0633\u0648\u0645-\u06a9\u0631\u0648\u0646\u0627-\u062f\u0631-\u0627\u06cc\u0631\u0627\u0646.jpg\" alt=\"Un r\u00e9gime oppressif sans piti\u00e9 pour les enfants\" class=\"wp-image-11988 lazyload\" width=\"855\" height=\"428\" srcset=\"https:\/\/wncri.org\/fr\/wp-content\/uploads\/2020\/10\/\u06cc\u06a9-\u0645\u06cc\u0644\u06cc\u0648\u0646-\u06a9\u0648\u062f\u06a9-\u062f\u0631-\u0645\u0639\u0631\u0636-\u0645\u0648\u062c-\u0633\u0648\u0645-\u06a9\u0631\u0648\u0646\u0627-\u062f\u0631-\u0627\u06cc\u0631\u0627\u0646.jpg 750w, https:\/\/wncri.org\/fr\/wp-content\/uploads\/2020\/10\/\u06cc\u06a9-\u0645\u06cc\u0644\u06cc\u0648\u0646-\u06a9\u0648\u062f\u06a9-\u062f\u0631-\u0645\u0639\u0631\u0636-\u0645\u0648\u062c-\u0633\u0648\u0645-\u06a9\u0631\u0648\u0646\u0627-\u062f\u0631-\u0627\u06cc\u0631\u0627\u0646-300x150.jpg 300w, https:\/\/wncri.org\/fr\/wp-content\/uploads\/2020\/10\/\u06cc\u06a9-\u0645\u06cc\u0644\u06cc\u0648\u0646-\u06a9\u0648\u062f\u06a9-\u062f\u0631-\u0645\u0639\u0631\u0636-\u0645\u0648\u062c-\u0633\u0648\u0645-\u06a9\u0631\u0648\u0646\u0627-\u062f\u0631-\u0627\u06cc\u0631\u0627\u0646-360x180.jpg 360w\" sizes=\"(max-width: 855px) 100vw, 855px\" \/><\/noscript><\/figure>\n\n\n\n<h3 class=\"wp-block-heading\"><strong>Un r\u00e9gime oppressif sans piti\u00e9 pour les enfants<\/strong><\/h3>\n\n\n\n<p>La propagation de la catastrophe du coronavirus en Iran \u00e9tait \u00e9vitable et aurait pu \u00eatre beaucoup plus limit\u00e9e. La propagation de ce virus mortel est le r\u00e9sultat direct du renvoi des gens au travail et de la r\u00e9ouverture des \u00e9coles sans la moindre mesure pr\u00e9ventive.<\/p>\n\n\n\n<p>Le Guide supr\u00eame du r\u00e9gime, Ali Khamenei, n&#8217;a pas consacr\u00e9 ne serait-ce qu&#8217;une infime partie des milliards de dollars &#8211; qui appartiennent au peuple iranien \u2013 accumul\u00e9s dans ses institutions et organes.<\/p>\n\n\n\n<p>Deux hauts fonctionnaires du minist\u00e8re de la sant\u00e9 du r\u00e9gime ont r\u00e9v\u00e9l\u00e9 qu&#8217;ils essayaient de contenir le coronavirus <a href=\"https:\/\/wncri.org\/fr\/2020\/08\/04\/rapport-mensuel-juillet-2020-le-personnel-medical-iranien-combat-le-virus-sans-etre-paye\/\" target=\"_blank\" rel=\"noreferrer noopener\">&#8220;\u00e0 mains nues&#8221; et &#8220;sans assistance sp\u00e9ciale&#8221;<\/a> depuis huit mois.<\/p>\n\n\n\n<p>&#8220;Sur le milliard d&#8217;euros approuv\u00e9 en mars 2020 par le Fonds national de d\u00e9veloppement pour la lutte contre le coronavirus, seuls 30 % environ ont \u00e9t\u00e9 vers\u00e9s au minist\u00e8re de la Sant\u00e9 au 23 septembre 2020&#8221;, a d\u00e9clar\u00e9 Iraj Harirchi, vice-ministre de la Sant\u00e9, lors d&#8217;une \u00e9mission t\u00e9l\u00e9vis\u00e9e le 23 septembre 2020.<\/p>\n\n\n\n<p>Son ministre de tutelle, Sa\u00efd Namaki, s&#8217;est \u00e9galement plaint sur son compte Instagram le 23 septembre 2020, en disant : &#8220;Je n&#8217;ai re\u00e7u qu&#8217;une petite partie du milliard (d&#8217;euros) que les dirigeants ont accept\u00e9 il y a quelques mois de payer sur le Fonds de d\u00e9veloppement. &#8220;(Alef.ir, 23 septembre 2020)<\/p>\n\n\n\n<p>Sous le r\u00e9gime des mollahs, le r\u00e9gime n&#8217;est pas dispos\u00e9 \u00e0 combattre le coronavirus, ni \u00e0 sauver la vie de millions d&#8217;Iraniens innocents. Khamenei d\u00e9crit l&#8217;\u00e9pid\u00e9mie de coronavirus comme une &#8220;b\u00e9n\u00e9diction&#8221; et une &#8220;opportunit\u00e9&#8221; semblable \u00e0 la guerre Iran-Irak qui a dur\u00e9 8 ans &#8211; avec un million de morts du seul c\u00f4t\u00e9 iranien et mille milliards de dollars de d\u00e9g\u00e2ts, une opportunit\u00e9 pour tuer la population et une b\u00e9n\u00e9diction pour maintenir leur r\u00e9gime honni. Comme pendant la guerre o\u00f9 les mollahs n\u2019ont pas h\u00e9sit\u00e9 \u00e0 envoyer des vagues de milliers d\u2019enfants sur les champs de mines, ils les envoient \u00e0 nouveau par milliers \u00e0 l\u2019abattoir du coronavirus.<\/p>\n\n\n\n<p>Rentr\u00e9e scolaire en Iran en pleine 3e vague de coronavirus<\/p>\n","protected":false},"excerpt":{"rendered":"<p>Les m\u00e9dias et les responsables du r\u00e9gime estiment que la r\u00e9ouverture anticip\u00e9e des \u00e9coles sans \u00e9quipement de protection et de d\u00e9sinfection comme un &#8220;g\u00e9nocide&#8221; et une &#8220;catastrophe humanitaire&#8221;. Rentr\u00e9e scolaire en Iran en pleine 3e vague de coronavirus &#8220;Nous assistons \u00e0 une nouvelle flamb\u00e9e et \u00e0 la troisi\u00e8me vague du coronavirus.&#8221; C&#8217;est ce qu&#8217;a r\u00e9cemment [&hellip;]<\/p>\n","protected":false},"author":4,"featured_media":11987,"comment_status":"closed","ping_status":"closed","sticky":false,"template":"","format":"standard","meta":{"jnews-multi-image_gallery":[],"jnews_single_post":{"subtitle":"","format":"standard","video":"","gallery":"","source_name":"","source_url":"","via_name":"","via_url":"","override":[{"single_blog_custom":"","sidebar":"","second_sidebar":"","share_position":"","share_float_style":"","post_date_format":"","post_date_format_custom":"","post_reading_time_wpm":"","zoom_button_out_step":"1","zoom_button_in_step":"1","number_popup_post":"1"}],"image_override":[{"single_post_thumbnail_size":"","single_post_gallery_size":""}],"trending_post_position":"","trending_post_label":"","sponsored_post_label":"","sponsored_post_name":"","sponsored_post_url":"","sponsored_post_logo":"","sponsored_post_desc":""},"jnews_primary_category":{"id":""},"jnews_social_meta":[],"jnews_override_counter":{"view_counter_number":"0","share_counter_number":"0","like_counter_number":"0","dislike_counter_number":"0"},"footnotes":""},"categories":[8],"tags":[374,366],"class_list":["post-11985","post","type-post","status-publish","format-standard","has-post-thumbnail","hentry","category-articles","tag-coronavirus","tag-la-petite-fille"],"_links":{"self":[{"href":"https:\/\/wncri.org\/fr\/wp-json\/wp\/v2\/posts\/11985","targetHints":{"allow":["GET"]}}],"collection":[{"href":"https:\/\/wncri.org\/fr\/wp-json\/wp\/v2\/posts"}],"about":[{"href":"https:\/\/wncri.org\/fr\/wp-json\/wp\/v2\/types\/post"}],"author":[{"embeddable":true,"href":"https:\/\/wncri.org\/fr\/wp-json\/wp\/v2\/users\/4"}],"replies":[{"embeddable":true,"href":"https:\/\/wncri.org\/fr\/wp-json\/wp\/v2\/comments?post=11985"}],"version-history":[{"count":0,"href":"https:\/\/wncri.org\/fr\/wp-json\/wp\/v2\/posts\/11985\/revisions"}],"wp:featuredmedia":[{"embeddable":true,"href":"https:\/\/wncri.org\/fr\/wp-json\/wp\/v2\/media\/11987"}],"wp:attachment":[{"href":"https:\/\/wncri.org\/fr\/wp-json\/wp\/v2\/media?parent=11985"}],"wp:term":[{"taxonomy":"category","embeddable":true,"href":"https:\/\/wncri.org\/fr\/wp-json\/wp\/v2\/categories?post=11985"},{"taxonomy":"post_tag","embeddable":true,"href":"https:\/\/wncri.org\/fr\/wp-json\/wp\/v2\/tags?post=11985"}],"curies":[{"name":"wp","href":"https:\/\/api.w.org\/{rel}","templated":true}]}}