{"id":11883,"date":"2020-09-10T13:56:00","date_gmt":"2020-09-10T11:56:00","guid":{"rendered":"https:\/\/wncri.org\/fr\/?p=11883"},"modified":"2020-09-11T14:11:09","modified_gmt":"2020-09-11T12:11:09","slug":"convocation-et-detention-de-militantes-civiles-sous-de-faux-pretextes-en-iran","status":"publish","type":"post","link":"https:\/\/wncri.org\/fr\/2020\/09\/10\/convocation-et-detention-de-militantes-civiles-sous-de-faux-pretextes-en-iran\/","title":{"rendered":"Convocation et d\u00e9tention de militantes civiles sous de faux pr\u00e9textes en Iran"},"content":{"rendered":"\n<p class=\"wp-block-paragraph\">Convocation et d\u00e9tention de militantes civiles sous de faux pr\u00e9textes en Iran<\/p>\n\n\n\n<p class=\"wp-block-paragraph\">Le pouvoir judiciaire du r\u00e9gime a convoqu\u00e9 et arr\u00eat\u00e9 des militantes civiles, dont l&#8217;enseignante \u00e0 la retraite Zeinab Hamrang, l&#8217;avocate \u00e0 la retraite Guiti Pourfazel, et Zahra Rahimi, directrice ex\u00e9cutive de l&#8217;ONG Imam Ali, les 5 et 6 septembre 2020 \u00e0 T\u00e9h\u00e9ran.<\/p>\n\n\n\n<p class=\"wp-block-paragraph\"><a href=\"https:\/\/wncri.org\/fr\/2019\/08\/26\/zahra-jamali-et-guiti-pourfazel-parmi-les-dernieres-femmes-arretees-en-iran\/\" target=\"_blank\" rel=\"noreferrer noopener\">Guiti Pourfazel<\/a>, avocate \u00e0 la retraite, a \u00e9t\u00e9 arr\u00eat\u00e9e le 6 septembre 2020, apr\u00e8s avoir comparu devant le tribunal d&#8217;Evine. Elle a \u00e9t\u00e9 transf\u00e9r\u00e9e au quartier des femmes de cette prison pour y purger sa peine de 27 mois (2 ans et 3 mois).<\/p>\n\n\n\n<div class=\"wp-block-image\"><figure class=\"aligncenter size-large is-resized\"><img decoding=\"async\" data-src=\"https:\/\/wncri.org\/fr\/wp-content\/uploads\/2020\/09\/\u0645\u0639\u0644\u0645-\u0628\u0627\u0632\u0646\u0634\u0633\u062a\u0647-\u0632\u06cc\u0646\u0628-\u0647\u0645\u0631\u0646\u06af.jpg\" src=\"data:image\/gif;base64,R0lGODlhAQABAIAAAAAAAP\/\/\/yH5BAEAAAAALAAAAAABAAEAAAIBRAA7\" alt=\"Professeur \u00e0 la retraite Zeinab Hamrang\" class=\"wp-image-11884 lazyload\" width=\"789\" height=\"395\"\/><noscript><img decoding=\"async\" src=\"https:\/\/wncri.org\/fr\/wp-content\/uploads\/2020\/09\/\u0645\u0639\u0644\u0645-\u0628\u0627\u0632\u0646\u0634\u0633\u062a\u0647-\u0632\u06cc\u0646\u0628-\u0647\u0645\u0631\u0646\u06af.jpg\" alt=\"Professeur \u00e0 la retraite Zeinab Hamrang\" class=\"wp-image-11884\" width=\"789\" height=\"395\" srcset=\"https:\/\/wncri.org\/fr\/wp-content\/uploads\/2020\/09\/\u0645\u0639\u0644\u0645-\u0628\u0627\u0632\u0646\u0634\u0633\u062a\u0647-\u0632\u06cc\u0646\u0628-\u0647\u0645\u0631\u0646\u06af.jpg 750w, https:\/\/wncri.org\/fr\/wp-content\/uploads\/2020\/09\/\u0645\u0639\u0644\u0645-\u0628\u0627\u0632\u0646\u0634\u0633\u062a\u0647-\u0632\u06cc\u0646\u0628-\u0647\u0645\u0631\u0646\u06af-300x150.jpg 300w, https:\/\/wncri.org\/fr\/wp-content\/uploads\/2020\/09\/\u0645\u0639\u0644\u0645-\u0628\u0627\u0632\u0646\u0634\u0633\u062a\u0647-\u0632\u06cc\u0646\u0628-\u0647\u0645\u0631\u0646\u06af-360x180.jpg 360w\" sizes=\"(max-width: 789px) 100vw, 789px\" \/><\/noscript><figcaption>Professeur \u00e0 la retraite Zeinab Hamrang<\/figcaption><\/figure><\/div>\n\n\n\n<p class=\"wp-block-paragraph\">Zeinab Hamrang a \u00e9t\u00e9 arr\u00eat\u00e9e et transf\u00e9r\u00e9e \u00e0 la prison d&#8217;Evine pour y purger sa peine. Mme Hamrang a \u00e9t\u00e9 arr\u00eat\u00e9e la semaine derni\u00e8re lors d&#8217;un d\u00e9placement dans la province d\u2019Azerba\u00efdjan occidental et a \u00e9t\u00e9 transf\u00e9r\u00e9e \u00e0 la prison d&#8217;Evine le 5 septembre 2020, cinq jours plus tard.<\/p>\n\n\n\n<p class=\"wp-block-paragraph\">L&#8217;enseignante \u00e0 la retraite avait auparavant \u00e9t\u00e9 condamn\u00e9e par le tribunal r\u00e9volutionnaire \u00e0 6 ans de prison. Les charges retenues contre cette militante civile comprennent \u00ab\u00a0conspiration et propagande contre l&#8217;Etat\u00a0\u00bb.<\/p>\n\n\n\n<p class=\"wp-block-paragraph\"><strong>Convocation et d\u00e9tention de militantes civiles sous de faux pr\u00e9textes en Iran<\/strong><\/p>\n\n\n\n<p class=\"wp-block-paragraph\"><a href=\"https:\/\/wncri.org\/fr\/2020\/01\/19\/leila-tirandari-en-greve-de-la-faim-cinq-manifestantes-arretees-a-amol\/\" target=\"_blank\" rel=\"noreferrer noopener\">Mme Hamrang<\/a>, \u00e2g\u00e9e d&#8217;environ 50 ans, a \u00e9t\u00e9 arr\u00eat\u00e9e par les forces de s\u00e9curit\u00e9 \u00e0 son domicile le 12 janvier 2020, en m\u00eame temps que sa fille. Elle a ensuite \u00e9t\u00e9 transf\u00e9r\u00e9e au tribunal d&#8217;Evine. Elle a finalement \u00e9t\u00e9 lib\u00e9r\u00e9e sous caution quelques temps plus tard. Zeinab Hamrang-Seyed-Biglou vit \u00e0 T\u00e9h\u00e9ran mais est originaire de la ville de Moghan dans la province d&#8217;Ardebil.<\/p>\n\n\n\n<p class=\"wp-block-paragraph\">Zahra Rahimi, la directrice g\u00e9n\u00e9rale de <a href=\"https:\/\/www.maryam-rajavi.com\/fr\/item\/maryam-radjavi-mollahs-contre-enfants-mostafa-salehi-manifestant-execute\" target=\"_blank\" rel=\"noreferrer noopener\">l&#8217;ONG<\/a> Imam Ali, a \u00e9t\u00e9 arr\u00eat\u00e9e le 6 septembre 2020, apr\u00e8s avoir comparu devant le tribunal d&#8217;Evine. Elle a \u00e9t\u00e9 lib\u00e9r\u00e9e sous caution et transf\u00e9r\u00e9e en quarantaine \u00e0 la prison d&#8217;Evine. Elle a \u00e9t\u00e9 d\u00e9tenue pour ne pas avoir pay\u00e9 sa caution. Elle avait d\u00e9j\u00e0 \u00e9t\u00e9 cit\u00e9e \u00e0 compara\u00eetre le 15 ao\u00fbt 2020 en tant que militante accus\u00e9e. Elle a \u00e9t\u00e9 convoqu\u00e9e pour la deuxi\u00e8me fois au tribunal d&#8217;Evine, pour fournir une explication, le 1er septembre 2020. Zahra Rahimi s&#8217;est vu refuser le droit \u00e0 un avocat au tribunal, alors que sa convocation indiquait qu&#8217;elle pouvait se pr\u00e9senter avec son avocat.<\/p>\n\n\n\n<p class=\"wp-block-paragraph\">La prisonni\u00e8re politique Elham Khamseh est d\u00e9tenue \u00e0 la prison d&#8217;Evine depuis environ 3 semaines. Elle a \u00e9t\u00e9 condamn\u00e9e \u00e0 2 ans de prison par le tribunal r\u00e9volutionnaire pour \u00ab&nbsp;outrage au guide supr\u00eame&nbsp;\u00bb. Quadrag\u00e9naire, Elham Khamseh habite \u00e0 T\u00e9h\u00e9ran.<\/p>\n\n\n\n<p class=\"wp-block-paragraph\">En ao\u00fbt et en septembre, nous avons assist\u00e9 \u00e0 une augmentation des <a href=\"https:\/\/wncri.org\/fr\/2020\/09\/07\/rapport-mensuel-aout-2020-la-vie-des-prisonnieres-politiques-en-danger\/\" target=\"_blank\" rel=\"noreferrer noopener\">menaces et \u00e0 une pression \u00e9crasante<\/a> sur les prisonni\u00e8res en pleine d\u00e9ferlante de peines s\u00e9v\u00e8res. Les convocations et les d\u00e9tentions de militantes civiles, et de militantes d&#8217;organisations caritatives, sont en augmentation. Les exemples mentionn\u00e9s ci-dessus sont tir\u00e9s des nouvelles publi\u00e9es en deux jours seulement, les 5 et 6 septembre 2020.<\/p>\n","protected":false},"excerpt":{"rendered":"<p>Convocation et d\u00e9tention de militantes civiles sous de faux pr\u00e9textes en Iran Le pouvoir judiciaire du r\u00e9gime a convoqu\u00e9 et arr\u00eat\u00e9 des militantes civiles, dont l&#8217;enseignante \u00e0 la retraite Zeinab Hamrang, l&#8217;avocate \u00e0 la retraite Guiti Pourfazel, et Zahra Rahimi, directrice ex\u00e9cutive de l&#8217;ONG Imam Ali, les 5 et 6 septembre 2020 \u00e0 T\u00e9h\u00e9ran. Guiti [&hellip;]<\/p>\n","protected":false},"author":4,"featured_media":11885,"comment_status":"closed","ping_status":"closed","sticky":false,"template":"","format":"standard","meta":{"jnews-multi-image_gallery":[],"jnews_single_post":{"subtitle":"","format":"standard","video":"","gallery":"","source_name":"","source_url":"","via_name":"","via_url":"","override":[{"single_blog_custom":"","sidebar":"","second_sidebar":"","share_position":"","share_float_style":"","post_date_format":"","post_date_format_custom":"","post_reading_time_wpm":"","zoom_button_out_step":"1","zoom_button_in_step":"1","number_popup_post":"1"}],"image_override":[{"single_post_thumbnail_size":"","single_post_gallery_size":""}],"trending_post_position":"","trending_post_label":"","sponsored_post_label":"","sponsored_post_name":"","sponsored_post_url":"","sponsored_post_logo":"","sponsored_post_desc":""},"jnews_primary_category":{"id":""},"jnews_social_meta":[],"jnews_override_counter":{"view_counter_number":"0","share_counter_number":"0","like_counter_number":"0","dislike_counter_number":"0"},"footnotes":""},"categories":[3],"tags":[370,376],"class_list":["post-11883","post","type-post","status-publish","format-standard","has-post-thumbnail","hentry","category-infos-des-femmes","tag-prisonnieres","tag-violence-contre-les-femmes"],"_links":{"self":[{"href":"https:\/\/wncri.org\/fr\/wp-json\/wp\/v2\/posts\/11883","targetHints":{"allow":["GET"]}}],"collection":[{"href":"https:\/\/wncri.org\/fr\/wp-json\/wp\/v2\/posts"}],"about":[{"href":"https:\/\/wncri.org\/fr\/wp-json\/wp\/v2\/types\/post"}],"author":[{"embeddable":true,"href":"https:\/\/wncri.org\/fr\/wp-json\/wp\/v2\/users\/4"}],"replies":[{"embeddable":true,"href":"https:\/\/wncri.org\/fr\/wp-json\/wp\/v2\/comments?post=11883"}],"version-history":[{"count":0,"href":"https:\/\/wncri.org\/fr\/wp-json\/wp\/v2\/posts\/11883\/revisions"}],"wp:featuredmedia":[{"embeddable":true,"href":"https:\/\/wncri.org\/fr\/wp-json\/wp\/v2\/media\/11885"}],"wp:attachment":[{"href":"https:\/\/wncri.org\/fr\/wp-json\/wp\/v2\/media?parent=11883"}],"wp:term":[{"taxonomy":"category","embeddable":true,"href":"https:\/\/wncri.org\/fr\/wp-json\/wp\/v2\/categories?post=11883"},{"taxonomy":"post_tag","embeddable":true,"href":"https:\/\/wncri.org\/fr\/wp-json\/wp\/v2\/tags?post=11883"}],"curies":[{"name":"wp","href":"https:\/\/api.w.org\/{rel}","templated":true}]}}