{"id":11839,"date":"2020-09-03T15:54:00","date_gmt":"2020-09-03T13:54:00","guid":{"rendered":"https:\/\/wncri.org\/fr\/?p=11839"},"modified":"2020-09-05T16:16:58","modified_gmt":"2020-09-05T14:16:58","slug":"deux-femmes-kurdes-entament-une-greve-de-la-faim-a-la-prison-devine-en-iran","status":"publish","type":"post","link":"https:\/\/wncri.org\/fr\/2020\/09\/03\/deux-femmes-kurdes-entament-une-greve-de-la-faim-a-la-prison-devine-en-iran\/","title":{"rendered":"Deux femmes kurdes entament une gr\u00e8ve de la faim \u00e0 la prison d&#8217;Evine en Iran"},"content":{"rendered":"\n<p>Deux femmes kurdes, prisonni\u00e8res politiques d\u00e9tenues \u00e0 la prison d&#8217;Evine, ont entam\u00e9 une gr\u00e8ve de la faim le 1er septembre 2020.<\/p>\n\n\n\n<p><a href=\"https:\/\/wncri.org\/fr\/2020\/05\/19\/des-militantes-civiles-condamnees-et-emprisonnees-malgre-la-montee-du-covid-19\/\" target=\"_blank\" rel=\"noreferrer noopener\">Mojgan Kavousi<\/a> et <a href=\"https:\/\/wncri.org\/fr\/2020\/07\/22\/crime-silencieux-au-covid-19-contre-les-prisonnieres-politiques-resistantes\/\" target=\"_blank\" rel=\"noreferrer noopener\">Sakineh Parvaneh<\/a> ont cess\u00e9 de s\u2019alimenter pour protester contre le refus des autorit\u00e9s d&#8217;accorder des permissions aux prisonni\u00e8res et prisonniers politiques pendant la pand\u00e9mie de coronavirus.\u00a0<\/p>\n\n\n\n<p>Une autre revendication des deux femmes kurdes est de mettre fin \u00e0 la discrimination sexuelle en ce qui concerne le droit des prisonni\u00e8res \u00e0 utiliser le t\u00e9l\u00e9phone. Tous les hommes d\u00e9tenus dans la prison d&#8217;Evine ont un droit illimit\u00e9 d&#8217;utiliser le t\u00e9l\u00e9phone, mais les femmes ne peuvent utiliser le t\u00e9l\u00e9phone qu&#8217;une demi-heure par semaine.<\/p>\n\n\n\n<p>L&#8217;\u00e9crivaine et chercheuse kurde Mojgan Kavousi a \u00e9t\u00e9 arr\u00eat\u00e9 en novembre 2019 dans la ville de Noshahr, au nord de l&#8217;Iran. Elle a \u00e9t\u00e9 transf\u00e9r\u00e9e au centre de d\u00e9tention des services de renseignement des pasdarans \u00e0 Sari, capitale de la province de Mazandaran, dans le nord de l&#8217;Iran.<\/p>\n\n\n\n<figure class=\"wp-block-image size-large is-resized\"><img decoding=\"async\" src=\"data:image\/gif;base64,R0lGODlhAQABAIAAAAAAAP\/\/\/yH5BAEAAAAALAAAAAABAAEAAAIBRAA7\" data-src=\"https:\/\/wncri.org\/fr\/wp-content\/uploads\/2020\/09\/Shakila-Monfared.jpg\" alt=\"En d\u00e9cembre 2019, elle a \u00e9t\u00e9 renvoy\u00e9e \u00e0 la prison de Noshahr\" class=\"wp-image-11841 lazyload\" width=\"822\" height=\"411\"\/><noscript><img decoding=\"async\" src=\"https:\/\/wncri.org\/fr\/wp-content\/uploads\/2020\/09\/Shakila-Monfared.jpg\" alt=\"En d\u00e9cembre 2019, elle a \u00e9t\u00e9 renvoy\u00e9e \u00e0 la prison de Noshahr\" class=\"wp-image-11841 lazyload\" width=\"822\" height=\"411\" srcset=\"https:\/\/wncri.org\/fr\/wp-content\/uploads\/2020\/09\/Shakila-Monfared.jpg 750w, https:\/\/wncri.org\/fr\/wp-content\/uploads\/2020\/09\/Shakila-Monfared-300x150.jpg 300w, https:\/\/wncri.org\/fr\/wp-content\/uploads\/2020\/09\/Shakila-Monfared-360x180.jpg 360w\" sizes=\"(max-width: 822px) 100vw, 822px\" \/><\/noscript><\/figure>\n\n\n\n<p>En d\u00e9cembre 2019, elle a \u00e9t\u00e9 renvoy\u00e9e \u00e0 la prison de Noshahr. Le tribunal r\u00e9volutionnaire l&#8217;a ensuite condamn\u00e9e \u00e0 5 ans et 7 mois de prison, et l&#8217;a lib\u00e9r\u00e9e temporairement moyennant une caution de 100 000 tomans. Sa peine a ensuite \u00e9t\u00e9 port\u00e9e \u00e0 6 ans et 3 mois par le tribunal de r\u00e9vision de la province de Mazandaran. Le 19 mai 2020, elle a \u00e9t\u00e9 arr\u00eat\u00e9e et conduite \u00e0 la prison de Noshahr pour commencer \u00e0 purger sa peine. Elle a ensuite \u00e9t\u00e9 transf\u00e9r\u00e9e \u00e0 T\u00e9h\u00e9ran et \u00e0 la prison d&#8217;Evine le 22 juin.<\/p>\n\n\n\n<p>Sakineh Parvaneh est n\u00e9e en 1988 \u00e0 Kermanj, dans la province de Khorassan-Razavi. Elle a \u00e9t\u00e9 arr\u00eat\u00e9e le 7 f\u00e9vrier 2020 et transf\u00e9r\u00e9e dans la section 209 des services de renseignements de la prison d&#8217;Evine. Elle a \u00e9t\u00e9 d\u00e9tenue pendant 10 jours en isolement, puis transf\u00e9r\u00e9e \u00e0 la prison d\u2019Evine de T\u00e9h\u00e9ran. En mars 2020, elle a \u00e9t\u00e9 envoy\u00e9e \u00e0 la terrible prison de Qarchak en guise de punition pour avoir \u00e9crit des graffitis sur les murs d&#8217;Evine.<\/p>\n\n\n\n<p>Elle a \u00e9t\u00e9 brutalis\u00e9e au cours de ce transfert et maintenue en isolement pieds et mains menott\u00e9s. Ensuite, pour augmenter la pression sur cette prisonni\u00e8re politique kurde et la briser, les autorit\u00e9s de la prison de Qarchak l&#8217;ont envoy\u00e9e \u00e0 l&#8217;h\u00f4pital psychiatrique d&#8217;Aminabad \u00e0 T\u00e9h\u00e9ran. Au bout de 25 jours, elle a \u00e9t\u00e9 renvoy\u00e9e en quarantaine de la prison de Qarchak.<\/p>\n\n\n\n<p>Le tribunal r\u00e9volutionnaire de T\u00e9h\u00e9ran a condamn\u00e9 Sakineh Parvaneh \u00e0 5 ans de prison et l&#8217;a priv\u00e9e de toute appartenance \u00e0 un groupe politique pendant deux ans. Elle n&#8217;a eu acc\u00e8s \u00e0 aucun repr\u00e9sentant l\u00e9gal pendant sa proc\u00e9dure judiciaire.<\/p>\n\n\n\n<p>Sakineh Parvaneh a entam\u00e9 <a href=\"https:\/\/wncri.org\/fr\/2020\/05\/28\/la-greve-de-la-faim-de-sakineh-parvaneh-un-plaidoyer-pour-les-droits-fondamentaux\/\" target=\"_blank\" rel=\"noreferrer noopener\">une gr\u00e8ve de la faim<\/a> le 18 juin 2020 pour protester contre son propre <a href=\"https:\/\/wncri.org\/fr\/2020\/06\/21\/une-prisonniere-politique-kurde-tabassee-a-la-prison-de-qarchak\/\" target=\"_blank\" rel=\"noreferrer noopener\">harc\u00e8lement<\/a> et celui de sa famille, et a demand\u00e9 \u00e0 retourner \u00e0 Evine. D\u00e9but juillet, sa demande a \u00e9t\u00e9 accept\u00e9e et elle a \u00e9t\u00e9 renvoy\u00e9e \u00e0 Evine.<\/p>\n","protected":false},"excerpt":{"rendered":"<p>Deux femmes kurdes, prisonni\u00e8res politiques d\u00e9tenues \u00e0 la prison d&#8217;Evine, ont entam\u00e9 une gr\u00e8ve de la faim le 1er septembre 2020. Mojgan Kavousi et Sakineh Parvaneh ont cess\u00e9 de s\u2019alimenter pour protester contre le refus des autorit\u00e9s d&#8217;accorder des permissions aux prisonni\u00e8res et prisonniers politiques pendant la pand\u00e9mie de coronavirus.\u00a0 Une autre revendication des deux [&hellip;]<\/p>\n","protected":false},"author":4,"featured_media":11840,"comment_status":"closed","ping_status":"closed","sticky":false,"template":"","format":"standard","meta":{"jnews-multi-image_gallery":[],"jnews_single_post":{"subtitle":"","format":"standard","video":"","gallery":"","source_name":"","source_url":"","via_name":"","via_url":"","override":[{"single_blog_custom":"","sidebar":"","second_sidebar":"","share_position":"","share_float_style":"","post_date_format":"","post_date_format_custom":"","post_reading_time_wpm":"","zoom_button_out_step":"1","zoom_button_in_step":"1","number_popup_post":"1"}],"image_override":[{"single_post_thumbnail_size":"","single_post_gallery_size":""}],"trending_post_position":"","trending_post_label":"","sponsored_post_label":"","sponsored_post_name":"","sponsored_post_url":"","sponsored_post_logo":"","sponsored_post_desc":""},"jnews_primary_category":{"id":""},"jnews_social_meta":[],"jnews_override_counter":{"view_counter_number":"0","share_counter_number":"0","like_counter_number":"0","dislike_counter_number":"0"},"footnotes":""},"categories":[3],"tags":[370],"class_list":["post-11839","post","type-post","status-publish","format-standard","has-post-thumbnail","hentry","category-infos-des-femmes","tag-prisonnieres"],"_links":{"self":[{"href":"https:\/\/wncri.org\/fr\/wp-json\/wp\/v2\/posts\/11839","targetHints":{"allow":["GET"]}}],"collection":[{"href":"https:\/\/wncri.org\/fr\/wp-json\/wp\/v2\/posts"}],"about":[{"href":"https:\/\/wncri.org\/fr\/wp-json\/wp\/v2\/types\/post"}],"author":[{"embeddable":true,"href":"https:\/\/wncri.org\/fr\/wp-json\/wp\/v2\/users\/4"}],"replies":[{"embeddable":true,"href":"https:\/\/wncri.org\/fr\/wp-json\/wp\/v2\/comments?post=11839"}],"version-history":[{"count":0,"href":"https:\/\/wncri.org\/fr\/wp-json\/wp\/v2\/posts\/11839\/revisions"}],"wp:featuredmedia":[{"embeddable":true,"href":"https:\/\/wncri.org\/fr\/wp-json\/wp\/v2\/media\/11840"}],"wp:attachment":[{"href":"https:\/\/wncri.org\/fr\/wp-json\/wp\/v2\/media?parent=11839"}],"wp:term":[{"taxonomy":"category","embeddable":true,"href":"https:\/\/wncri.org\/fr\/wp-json\/wp\/v2\/categories?post=11839"},{"taxonomy":"post_tag","embeddable":true,"href":"https:\/\/wncri.org\/fr\/wp-json\/wp\/v2\/tags?post=11839"}],"curies":[{"name":"wp","href":"https:\/\/api.w.org\/{rel}","templated":true}]}}