{"id":11775,"date":"2020-08-28T10:43:37","date_gmt":"2020-08-28T08:43:37","guid":{"rendered":"https:\/\/wncri.org\/fr\/?p=11775"},"modified":"2020-08-28T10:43:47","modified_gmt":"2020-08-28T08:43:47","slug":"la-prisonniere-politique-zahra-safai-brutalisee-a-la-prison-de-qarchak","status":"publish","type":"post","link":"https:\/\/wncri.org\/fr\/2020\/08\/28\/la-prisonniere-politique-zahra-safai-brutalisee-a-la-prison-de-qarchak\/","title":{"rendered":"La prisonni\u00e8re politique Zahra Safa\u2019i brutalis\u00e9e \u00e0 la prison de Qarchak"},"content":{"rendered":"\n<p>CNRI Femmes &#8211; La prisonni\u00e8re politique Zahra Safa\u2019i a \u00e9t\u00e9 brutalis\u00e9e par de dangereux d\u00e9tenus dans la prison de Qarchak<\/p>\n\n\n\n<p>La prisonni\u00e8re politique Zahra Safa\u2019i a \u00e9t\u00e9 brutalis\u00e9e jeudi matin, 27 ao\u00fbt 2020, dans la terrible prison de Qarchak par de dangereuses criminelles engag\u00e9es et provoqu\u00e9es par le minist\u00e8re du Renseignement.<\/p>\n\n\n\n<p>La <a href=\"https:\/\/wncri.org\/fr\/2020\/08\/24\/situation-dangereuse-des-prisonnieres-politiques-a-qarchak-en-iran\/\" target=\"_blank\" rel=\"noreferrer noopener\">commission des femmes du CNRI<\/a> avait d\u00e9j\u00e0 mis en garde sur le danger qui menace <a href=\"https:\/\/wncri.org\/fr\/2020\/08\/22\/la-vie-des-prisonnieres-politiques-en-danger-a-la-prison-de-qarchak\/\" target=\"_blank\" rel=\"noreferrer noopener\">la vie des prisonni\u00e8res politiques<\/a> dans cette prison. Le directeur de Qarchak a envoy\u00e9 de dangereuses criminelles dans les quartiers des prisonni\u00e8res politiques, afin d\u2019y provoquer des rixes o\u00f9 elles pourraient frapper et tuer les d\u00e9tenues politiques.<\/p>\n\n\n\n<p>Comme dans beaucoup d&#8217;autres \u00e9tablissements p\u00e9nitenciers en Iran, le principe de s\u00e9paration des cat\u00e9gories de prisonniers n&#8217;est pas respect\u00e9 dans la prison pour femmes de Qarchak. Les conditions carc\u00e9rales sont \u00e9pouvantables. Le r\u00e9gime cl\u00e9rical utilise cette prison pour augmenter la pression sur les prisonni\u00e8res politiques et les \u00e9loigner de T\u00e9h\u00e9ran.<\/p>\n\n\n\n<p>Le 3 juin 2020, la prisonni\u00e8re politique Zahra Safa\u2019i avait \u00e9t\u00e9 menac\u00e9e par plusieurs d\u00e9tenues engag\u00e9es par le minist\u00e8re du Renseignement. Elles avaient menac\u00e9 de l\u2019agresser et de la tuer.<\/p>\n\n\n\n<p>Les forces de s\u00e9curit\u00e9 ont arr\u00eat\u00e9 Zahra Safa\u2019i \u00e0 T\u00e9h\u00e9ran le 24 f\u00e9vrier 2020. Ils ont \u00e9galement arr\u00eat\u00e9 sa fille Parastou Mo\u00efni, ainsi que <a href=\"https:\/\/wncri.org\/fr\/2020\/05\/06\/la-resistance-iranienne-publie-les-noms-de-20-personnes-dont-six-femmes-sous-la-torture\/\" target=\"_blank\" rel=\"noreferrer noopener\">Forough Taghipour et sa m\u00e8re, Nasim Jabbari<\/a>. Elles ont ensuite \u00e9t\u00e9 transf\u00e9r\u00e9es au centre de d\u00e9tention du minist\u00e8re du Renseignement (quartier 209 de la prison d&#8217;Evine). Parastou Mo\u00efni et Forough Taghipour ont \u00e9t\u00e9 transf\u00e9r\u00e9es \u00e0 la prison de Qarchak au d\u00e9but du mois de mars 2020.<\/p>\n\n\n\n<p>Le 28 juin 2020, Zahra Safa\u2019i avait \u00e9t\u00e9 temporairement lib\u00e9r\u00e9e de la prison de Qarchak, jusqu&#8217;\u00e0 la fin de son proc\u00e8s, moyennant une caution de 300 millions de Toman. Mais elle a \u00e9t\u00e9 \u00e0 nouveau arr\u00eat\u00e9e le 26 juillet 2020, lorsqu&#8217;elle a saisi le bureau du procureur de la prison d&#8217;Evine pour qu&#8217;il r\u00e9examine son dossier et celui de sa fille. Le 27 juillet 2020, elle a \u00e9t\u00e9 transf\u00e9r\u00e9e \u00e0 la prison de Qarchak.<\/p>\n\n\n\n<p>Mme Maryam Radjavi, pr\u00e9sidente \u00e9lue du Conseil national de la R\u00e9sistance iranienne (CNRI), a appel\u00e9 \u00e0 plusieurs reprises le Secr\u00e9taire g\u00e9n\u00e9ral de l&#8217;ONU, la Haut-Commissaire aux droits de l&#8217;homme, le Conseil des droits de l&#8217;homme, les rapporteurs sp\u00e9ciaux concern\u00e9s et les organisations internationales de d\u00e9fense des droits des femmes et des droits humains \u00e0 prendre des mesures urgentes pour sauver la vie des prisonniers politiques en Iran. Une fois de plus le 24 ao\u00fbt 2020, elle a r\u00e9it\u00e9r\u00e9 la n\u00e9cessit\u00e9 de lancer une mission internationale d&#8217;enqu\u00eate pour visiter les prisons et rencontrer les prisonniers iraniens, en particulier les prisonniers politiques et les femmes emprisonn\u00e9es.<\/p>\n","protected":false},"excerpt":{"rendered":"<p>CNRI Femmes &#8211; La prisonni\u00e8re politique Zahra Safa\u2019i a \u00e9t\u00e9 brutalis\u00e9e par de dangereux d\u00e9tenus dans la prison de Qarchak La prisonni\u00e8re politique Zahra Safa\u2019i a \u00e9t\u00e9 brutalis\u00e9e jeudi matin, 27 ao\u00fbt 2020, dans la terrible prison de Qarchak par de dangereuses criminelles engag\u00e9es et provoqu\u00e9es par le minist\u00e8re du Renseignement. La commission des femmes [&hellip;]<\/p>\n","protected":false},"author":4,"featured_media":11776,"comment_status":"closed","ping_status":"closed","sticky":false,"template":"","format":"standard","meta":{"jnews-multi-image_gallery":[],"jnews_single_post":{"subtitle":"","format":"standard","video":"","gallery":"","source_name":"","source_url":"","via_name":"","via_url":"","override":[{"single_blog_custom":"","sidebar":"","second_sidebar":"","share_position":"","share_float_style":"","post_date_format":"","post_date_format_custom":"","post_reading_time_wpm":"","zoom_button_out_step":"1","zoom_button_in_step":"1","number_popup_post":"1"}],"image_override":[{"single_post_thumbnail_size":"","single_post_gallery_size":""}],"trending_post_position":"","trending_post_label":"","sponsored_post_label":"","sponsored_post_name":"","sponsored_post_url":"","sponsored_post_logo":"","sponsored_post_desc":""},"jnews_primary_category":{"id":""},"jnews_social_meta":[],"jnews_override_counter":{"view_counter_number":"0","share_counter_number":"0","like_counter_number":"0","dislike_counter_number":"0"},"footnotes":""},"categories":[3],"tags":[374,370,376],"class_list":["post-11775","post","type-post","status-publish","format-standard","has-post-thumbnail","hentry","category-infos-des-femmes","tag-coronavirus","tag-prisonnieres","tag-violence-contre-les-femmes"],"_links":{"self":[{"href":"https:\/\/wncri.org\/fr\/wp-json\/wp\/v2\/posts\/11775","targetHints":{"allow":["GET"]}}],"collection":[{"href":"https:\/\/wncri.org\/fr\/wp-json\/wp\/v2\/posts"}],"about":[{"href":"https:\/\/wncri.org\/fr\/wp-json\/wp\/v2\/types\/post"}],"author":[{"embeddable":true,"href":"https:\/\/wncri.org\/fr\/wp-json\/wp\/v2\/users\/4"}],"replies":[{"embeddable":true,"href":"https:\/\/wncri.org\/fr\/wp-json\/wp\/v2\/comments?post=11775"}],"version-history":[{"count":0,"href":"https:\/\/wncri.org\/fr\/wp-json\/wp\/v2\/posts\/11775\/revisions"}],"wp:featuredmedia":[{"embeddable":true,"href":"https:\/\/wncri.org\/fr\/wp-json\/wp\/v2\/media\/11776"}],"wp:attachment":[{"href":"https:\/\/wncri.org\/fr\/wp-json\/wp\/v2\/media?parent=11775"}],"wp:term":[{"taxonomy":"category","embeddable":true,"href":"https:\/\/wncri.org\/fr\/wp-json\/wp\/v2\/categories?post=11775"},{"taxonomy":"post_tag","embeddable":true,"href":"https:\/\/wncri.org\/fr\/wp-json\/wp\/v2\/tags?post=11775"}],"curies":[{"name":"wp","href":"https:\/\/api.w.org\/{rel}","templated":true}]}}