{"id":11687,"date":"2020-08-22T10:52:00","date_gmt":"2020-08-22T08:52:00","guid":{"rendered":"https:\/\/wncri.org\/fr\/?p=11687"},"modified":"2020-08-31T15:16:36","modified_gmt":"2020-08-31T13:16:36","slug":"la-vie-des-prisonnieres-politiques-en-danger-a-la-prison-de-qarchak","status":"publish","type":"post","link":"https:\/\/wncri.org\/fr\/2020\/08\/22\/la-vie-des-prisonnieres-politiques-en-danger-a-la-prison-de-qarchak\/","title":{"rendered":"La vie des prisonni\u00e8res politiques en danger \u00e0 la prison de Qarchak"},"content":{"rendered":"\n<h2 class=\"wp-block-heading\"><em>Des prisonni\u00e8res ordinaires incit\u00e9es par les autorit\u00e9s p\u00e9nitentiaires \u00e0 brutaliser et \u00e0 tuer des prisonni\u00e8res politiques en incitant \u00e0 la bagarre<\/em><\/h2>\n\n\n\n<p>La vie des prisonni\u00e8res politiques de la prison de Qarchak est en danger. En plus des risques aigus pour la sant\u00e9 dus au manque d&#8217;hygi\u00e8ne dans cette prison, ces femmes courent \u00e9galement le risque d&#8217;\u00eatre tu\u00e9es par de dangereux criminels.<\/p>\n\n\n\n<p>Des informations publi\u00e9es le 21 ao\u00fbt 2020 contiennent de nouveaux d\u00e9tails sur les conditions de vie dans la prison de Qarchak.<\/p>\n\n\n\n<h2 class=\"wp-block-heading\"><strong>Des prisonni\u00e8res de droit commun pouss\u00e9es au crime<\/strong><\/h2>\n\n\n\n<p>Selon ces informations, sur ordre du directeur de la prison de Qarchak, les gardiens ont engag\u00e9 plusieurs d\u00e9tenues et les ont envoy\u00e9es dans les salles o\u00f9 se touvent les prisonni\u00e8res politiques. Elles recherchent la moindre occasion d&#8217;inciter \u00e0 la bagarre et de brutaliser les prisonni\u00e8res politiques.<\/p>\n\n\n\n<p>Comme dans beaucoup d&#8217;autres prisons en Iran, le principe de s\u00e9paration des cat\u00e9gories de prisonniers n&#8217;est pas respect\u00e9 \u00e0 Qarchak. Les autorit\u00e9s p\u00e9nitentiaires ont donc toute latitude pour inciter ou engager des criminelles dangereuses pour se battre avec les prisonni\u00e8res politiques et les frapper.<\/p>\n\n\n\n<p>Cela a \u00e9t\u00e9 le cas \u00e0 plusieurs reprises dans le pass\u00e9. Il y a eu des cas plus graves dans les prisons pour hommes.<\/p>\n\n\n\n<p>Dans le grand p\u00e9nitencier de T\u00e9h\u00e9ran, des criminels dangereux se sont battus avec des manifestants arr\u00eat\u00e9s, ce qui a entra\u00een\u00e9 la mort d&#8217;Alireza Shir Mohammad Ali.<\/p>\n\n\n\n<p>Le 3 juin 2020, la prisonni\u00e8re politique Zahra Safa\u2019i a \u00e9t\u00e9 menac\u00e9e par plusieurs d\u00e9tenues engag\u00e9es par le minist\u00e8re du Renseignement. Elles ont menac\u00e9 d&#8217;attaquer et de tuer Mme Safa\u2019i.<\/p>\n\n\n\n<h2 class=\"wp-block-heading\"><strong>Tuer des prisonni\u00e8res en leur refusant les soins m\u00e9dicaux<\/strong><\/h2>\n\n\n\n<p>Les responsables de la prison refusent \u00e9galement les soins m\u00e9dicaux aux prisonni\u00e8res politiques pour qu&#8217;elles succombent \u00e0 leur propre maladie. Ils leur refusent des soins m\u00e9dicaux.<\/p>\n\n\n\n<p>Avec l&#8217;apparition du coronavirus, les autorit\u00e9s p\u00e9nitentiaires ont \u00e9galement l&#8217;intention d&#8217;utiliser la pand\u00e9mie contre les opposants au r\u00e9gime, en propageant d\u00e9lib\u00e9r\u00e9ment la maladie.<\/p>\n\n\n\n<p>Parmi les prisonni\u00e8res politiques de la prison de Qarchak figurent Golrokh Ebrahimi Iraee, Forouq Taqipour, Parastou Mo\u00efni, Marzieh Farsi, Zahra Safa\u2019i, Zohreh Sarv, Gita Horr, Samira Hadian, Raha Ahmadi, Marjan Davari, Parizad Hamidi Shafaq, Mojgan Eskandari, Afsaneh Jafari Panah et Maryam Alishahi.<\/p>\n\n\n\n<p>La prisonni\u00e8re politique <a href=\"https:\/\/wncri.org\/fr\/2020\/07\/03\/la-prisonniere-politique-zeinab-jalalian-peut-etre-transferee-a-la-prison-de-kerman\/\" target=\"_blank\" rel=\"noreferrer noopener\">Zeinab Jalalian<\/a> a \u00e9galement \u00e9t\u00e9 transf\u00e9r\u00e9e en mai \u00e0 la prison de Qarchak o\u00f9 elle a contract\u00e9 le virus. Elle est actuellement emprisonn\u00e9e \u00e0 la prison centrale de Kerman.<\/p>\n\n\n\n<p>La prisonni\u00e8re politique kurde Sakineh Parvaneh a aussi \u00e9t\u00e9 d\u00e9tenue dans cette prison pendant une longue p\u00e9riode. Elle a protest\u00e9 contre les conditions de d\u00e9tention \u00e9pouvantables en faisant plusieurs gr\u00e8ves de la faim. Elle a finalement \u00e9t\u00e9 transf\u00e9r\u00e9e \u00e0 la prison d&#8217;Evine.<\/p>\n\n\n\n<h2 class=\"wp-block-heading\"><strong>Conditions g\u00e9n\u00e9rales de la prison de Qarchak<\/strong><\/h2>\n\n\n\n<p>Assainissement des eaux<\/p>\n\n\n\n<p>Le r\u00e9cent rapport publi\u00e9 le 21 ao\u00fbt 2020 indique que le syst\u00e8me d&#8217;\u00e9gout de la prison ne fonctionne pas mais les autorit\u00e9s p\u00e9nitentiaires n&#8217;avaient pris aucune mesure pour r\u00e9soudre ce probl\u00e8me quatre jours apr\u00e8s.<\/p>\n\n\n\n<p>L&#8217;odeur pestilentielle des eaux us\u00e9es a envahi tous les quartiers de la prison et pourrait entra\u00eener des maladies respiratoires et contagieuses.<\/p>\n\n\n\n<h2 class=\"wp-block-heading\">Covid-19<\/h2>\n\n\n\n<p>Malgr\u00e9 le grand nombre de prisonni\u00e8res souffrant de Covid-19 dans cette prison, les m\u00e9decins les ont abandonn\u00e9es.<\/p>\n\n\n\n<p> Ils visitent les salles une fois tous les 2 ou 3 mois, et m\u00eame alors, ils ne font rien pour les malades.<\/p>\n\n\n\n<h2 class=\"wp-block-heading\">Services dentaires<\/h2>\n\n\n\n<p>Les services dentaires sont tr\u00e8s co\u00fbteux. Ainsi, les jeunes femmes d\u00e9tenues \u00e0 la prison de Qarchak doivent se faire arracher les dents pour une simple douleur car elles n&#8217;ont pas les moyens de payer les lourdes d\u00e9penses li\u00e9es aux soins dentaires.<\/p>\n\n\n\n<h2 class=\"wp-block-heading\">Droguer les d\u00e9tenues<\/h2>\n\n\n\n<p>Les gardiennes de prison distribuent aussi largement le Tramadol et la M\u00e9thadone. Les d\u00e9tenues d\u00e9veloppent g\u00e9n\u00e9ralement une d\u00e9pendance \u00e0 ces drogues et la plupart des femmes emprisonn\u00e9es dorment la plupart du temps. Cela les emp\u00eache de dire quoi que ce soit sur les terribles conditions de vie en prison.<\/p>\n","protected":false},"excerpt":{"rendered":"<p>Des prisonni\u00e8res ordinaires incit\u00e9es par les autorit\u00e9s p\u00e9nitentiaires \u00e0 brutaliser et \u00e0 tuer des prisonni\u00e8res politiques en incitant \u00e0 la bagarre La vie des prisonni\u00e8res politiques de la prison de Qarchak est en danger. En plus des risques aigus pour la sant\u00e9 dus au manque d&#8217;hygi\u00e8ne dans cette prison, ces femmes courent \u00e9galement le risque [&hellip;]<\/p>\n","protected":false},"author":4,"featured_media":11817,"comment_status":"closed","ping_status":"closed","sticky":false,"template":"","format":"standard","meta":{"jnews-multi-image_gallery":[],"jnews_single_post":{"subtitle":"","format":"standard","video":"","gallery":"","source_name":"","source_url":"","via_name":"","via_url":"","override":[{"single_blog_custom":"","sidebar":"","second_sidebar":"","share_position":"","share_float_style":"","post_date_format":"","post_date_format_custom":"","post_reading_time_wpm":"","zoom_button_out_step":"1","zoom_button_in_step":"1","number_popup_post":"1"}],"image_override":[{"single_post_thumbnail_size":"","single_post_gallery_size":""}],"trending_post_position":"","trending_post_label":"","sponsored_post_label":"","sponsored_post_name":"","sponsored_post_url":"","sponsored_post_logo":"","sponsored_post_desc":""},"jnews_primary_category":{"id":""},"jnews_social_meta":[],"jnews_override_counter":{"view_counter_number":"0","share_counter_number":"0","like_counter_number":"0","dislike_counter_number":"0"},"footnotes":""},"categories":[3],"tags":[374,370],"class_list":["post-11687","post","type-post","status-publish","format-standard","has-post-thumbnail","hentry","category-infos-des-femmes","tag-coronavirus","tag-prisonnieres"],"_links":{"self":[{"href":"https:\/\/wncri.org\/fr\/wp-json\/wp\/v2\/posts\/11687","targetHints":{"allow":["GET"]}}],"collection":[{"href":"https:\/\/wncri.org\/fr\/wp-json\/wp\/v2\/posts"}],"about":[{"href":"https:\/\/wncri.org\/fr\/wp-json\/wp\/v2\/types\/post"}],"author":[{"embeddable":true,"href":"https:\/\/wncri.org\/fr\/wp-json\/wp\/v2\/users\/4"}],"replies":[{"embeddable":true,"href":"https:\/\/wncri.org\/fr\/wp-json\/wp\/v2\/comments?post=11687"}],"version-history":[{"count":0,"href":"https:\/\/wncri.org\/fr\/wp-json\/wp\/v2\/posts\/11687\/revisions"}],"wp:featuredmedia":[{"embeddable":true,"href":"https:\/\/wncri.org\/fr\/wp-json\/wp\/v2\/media\/11817"}],"wp:attachment":[{"href":"https:\/\/wncri.org\/fr\/wp-json\/wp\/v2\/media?parent=11687"}],"wp:term":[{"taxonomy":"category","embeddable":true,"href":"https:\/\/wncri.org\/fr\/wp-json\/wp\/v2\/categories?post=11687"},{"taxonomy":"post_tag","embeddable":true,"href":"https:\/\/wncri.org\/fr\/wp-json\/wp\/v2\/tags?post=11687"}],"curies":[{"name":"wp","href":"https:\/\/api.w.org\/{rel}","templated":true}]}}