{"id":1161,"date":"2015-12-10T23:13:41","date_gmt":"2015-12-10T23:13:41","guid":{"rendered":"https:\/\/wncri.org\/frdev\/2015\/12\/10\/maryam-radjavi-les-droits-humains-et-la-liberte-gagneront-avec-la-lutte-du-peuple-iranien-et-de-sa-resistance\/"},"modified":"2015-12-10T23:13:41","modified_gmt":"2015-12-10T23:13:41","slug":"maryam-radjavi-les-droits-humains-et-la-liberte-gagneront-avec-la-lutte-du-peuple-iranien-et-de-sa-resistance","status":"publish","type":"post","link":"https:\/\/wncri.org\/fr\/2015\/12\/10\/maryam-radjavi-les-droits-humains-et-la-liberte-gagneront-avec-la-lutte-du-peuple-iranien-et-de-sa-resistance\/","title":{"rendered":"Maryam Radjavi : Les droits humains et la libert\u00e9 gagneront avec la lutte du peuple iranien et de sa R\u00e9sistance"},"content":{"rendered":"<p style=\"text-align: justify;\" dir=\"ltr\">Message de Maryam Rajavi \u00e0 la conf\u00e9rence au parlement britannique<br \/>A l\u2019occasion de la journ\u00e9e mondiale des droits de l\u2019homme<\/p>\n<p>  <!--more-->  <\/p>\n<p style=\"text-align: justify;\" dir=\"ltr\">Chers Lord Carlile, M. David Jones et Sir David Amess,<br \/>Honorables membres du Parlement britannique,<br \/>Je salue votre conf\u00e9rence.<\/p>\n<p style=\"text-align: justify;\" dir=\"ltr\">La Journ\u00e9e internationale des Droits humains est en fait le jour de l&#8217;Iran et du peuple iranien parce que dans mon pays, on trouve le peuple qui d\u00e9sire le plus ardemment les droits humains.<br \/>C\u2019est le jour de l&#8217;Iran parce que c\u2019est le pays le plus opprim\u00e9s dans le monde d&#8217;aujourd&#8217;hui avec toutes ses libert\u00e9s encha\u00een\u00e9s.<br \/>C\u2019est le jour de l&#8217;Iran, parce que son peuple s\u2019est le plus battu \u00e0 notre \u00e9poque pour les droits humains.<br \/>120.000 r\u00e9sistants de l\u2019OMPI et autres combattants de la libert\u00e9 ont \u00e9t\u00e9 ex\u00e9cut\u00e9s, dont 30.000 prisonniers politiques massacr\u00e9s en 1988.<\/p>\n<p style=\"text-align: justify;\" dir=\"ltr\">Il y a aussi les membres de l&#8217;OMPI dans les camps d&#8217;Achraf et de Liberty qui ont perdu la vie pour avoir r\u00e9sist\u00e9 au r\u00e9gime des mollahs.<br \/>Tous ont \u00e9crit avec leur sang l&#8217;histoire des droits humains en Iran ; le mot \u00e9ternel qu&#8217;ils ont \u00e9crit est \u00ab libert\u00e9 \u00bb, une cause qui vaincra avec la r\u00e9sistance du peuple iranien.<br \/>Certes, cela fait longtemps que les mollahs ont int\u00e9gr\u00e9 la r\u00e9pression dans la vie des Iraniens comme un facteur permanent.<br \/>Ils n\u2019ont pas renonc\u00e9 \u00e0 arracher des yeux ni \u00e0 amputer des membres et les ex\u00e9cutions se r\u00e9p\u00e8tent \u00e0 quelques heures d\u2019intervalle.<br \/>Nos compatriotes, cependant, n\u2019ont pas capitul\u00e9 devant cette barbarie. Ils n\u2019ont jamais accept\u00e9 les violations de leurs droits et la disparition de leurs libert\u00e9s.<br \/>Voici les questions qui ne cessent de hanter l\u2019esprit de tous les Iraniens, surtout des jeunes :<br \/>Pourquoi n\u2019avons-nous pas de libert\u00e9 d&#8217;expression ?<br \/>Pourquoi vivons-nous constamment dans l&#8217;horreur ?<br \/>Pourquoi n\u2019y a-t-il pas un seul m\u00e9dia ind\u00e9pendant et libre en Iran ?<br \/>Pourquoi sommes-nous priv\u00e9s de la libert\u00e9 de choisir nos v\u00eatements ?<br \/>Pourquoi n\u2019avons-nous pas le droit de protester ?<br \/>Pourquoi ne devrions-nous pas renverser ce r\u00e9gime tyrannique sauvage et instaurer un gouvernement d\u00e9mocratique ?<\/p>\n<p>Ces questions et les protestations qui ont inspir\u00e9 de nombreux soul\u00e8vements jusqu&#8217;\u00e0 pr\u00e9sent finiront par engendrer le grand changement et faire de l&#8217;Iran le berceau des droits humains et de la libert\u00e9.<\/p>\n<p>Chers amis,<\/p>\n<p>Les mollahs violent avec brutalit\u00e9 les droits de notre peuple parce qu&#8217;ils veulent se maintenir au pouvoir. Parce que les Iraniens ont organis\u00e9 une vaste r\u00e9sistance contre ce r\u00e9gime. Chaque mois, les enseignants, les \u00e9tudiants, les travailleurs et d&#8217;autres couches sociales m\u00e8nent des centaines de manifestations. Chaque jour, ces manifestations s\u2019intensifient.<br \/>M\u00eame les prisonniers politiques envoient des messages depuis les prisons appelant la population \u00e0 r\u00e9sister.<br \/>Le mois dernier, la prisonni\u00e8re Maryam Akbari a envoy\u00e9 un message aux membres de l&#8217;OMPI au camp Liberty en Irak en disant : Vous \u00eates la lumi\u00e8re dans les t\u00e9n\u00e8bres de la tyrannie et vous serez certainement vainqueurs.<br \/>Cependant notre peuple interroge la communaut\u00e9 internationale :<br \/>Pourquoi fermez-vous les yeux sur les violations flagrantes des droits humains en Iran?<br \/>Pourquoi gardez-vous le silence sur les plus de 2000 ex\u00e9cutions sous Rohani ?<br \/>Pourquoi ne r\u00e9agissez-vous pas \u00e0 sept massacres \u00e0 Achraf et de Liberty, avec 141 morts et des centaines de mutil\u00e9s ?<br \/>Pourquoi ne faites-vous rien pour la protection du camp Liberty sans d\u00e9fense ?<br \/>Pourquoi le bilan de crimes de ce r\u00e9gime n&#8217;a pas \u00e9t\u00e9 envoy\u00e9 au Conseil de s\u00e9curit\u00e9 de l&#8217;ONU malgr\u00e9 62 condamnations pour violations des droits en Iran ?<br \/>Pourquoi ne prenez-vous pas de mesures pour traduire les dirigeants du r\u00e9gime, en particulier Khamenei, devant un tribunal international pour avoir ordonn\u00e9 et commis\u00a0 d&#8217;innombrables ex\u00e9cutions, en particulier le massacre des prisonniers politiques en Iran, et le massacre de 300.000 Syriens ?<\/p>\n<p>Je demande \u00e0 la communaut\u00e9 internationale, et en particulier \u00e0 la Grande-Bretagne, de conditionner leurs relations avec T\u00e9h\u00e9ran \u00e0 la fin des ex\u00e9cutions et la lib\u00e9ration des prisonniers politiques.<br \/>Je leur demande de respecter la lutte du peuple iranien pour la libert\u00e9 et les droits humains.<br \/>Le Camp Liberty a \u00e9t\u00e9 la cible d&#8217;une attaque \u00e0 la roquette \u00e9norme le 29 octobre 2015.<\/p>\n<p>Depuis 2009, 141 membres de l&#8217;OMPI ont \u00e9t\u00e9 tu\u00e9es et des centaines d&#8217;autres gri\u00e8vement bless\u00e9s ou handicap\u00e9s dans ces attaques.<br \/>Je souhaiterais que vous puissiez concentrer vos efforts sur la lev\u00e9e du blocus du camp Liberty, la protection et la s\u00e9curit\u00e9 du camp et le transfert de la responsabilit\u00e9 du camp \u00e0 un parti qui ne soit pas affili\u00e9 au r\u00e9gime iranien.<br \/>Plus pr\u00e9cis\u00e9ment, il est absolument n\u00e9cessaire que Fallah Fayadh, le chef de la commission charg\u00e9 de la r\u00e9pression du camp Liberty, soit d\u00e9mis de ses fonctions. Il est poursuivi par la justice espagnole pour ses crimes contre la communaut\u00e9 internationale.<br \/>Il est temps pour les Etats-Unis et l&#8217;ONU de tenir leur promesse et de s\u2019assurer que les habitants soient autoris\u00e9s \u00e0 vendre leurs biens au camp d&#8217;Achraf pour financer leur r\u00e9installation.<br \/>\u00a0<br \/>Chers amis du peuple iranien, je vous remercie sinc\u00e8rement pour vos efforts toutes ces ann\u00e9es pour la d\u00e9fense les droits humains opprim\u00e9s en Iran.<\/p>\n","protected":false},"excerpt":{"rendered":"<p>Message de Maryam Rajavi \u00e0 la conf\u00e9rence au parlement britanniqueA l\u2019occasion de la journ\u00e9e mondiale des droits de l\u2019homme<\/p>\n","protected":false},"author":1,"featured_media":3751,"comment_status":"open","ping_status":"open","sticky":false,"template":"","format":"standard","meta":{"jnews-multi-image_gallery":[],"jnews_single_post":[],"jnews_primary_category":[],"jnews_social_meta":[],"jnews_override_counter":[],"footnotes":""},"categories":[19],"tags":[],"class_list":["post-1161","post","type-post","status-publish","format-standard","has-post-thumbnail","hentry","category-discours-de-maryam-radjavi"],"_links":{"self":[{"href":"https:\/\/wncri.org\/fr\/wp-json\/wp\/v2\/posts\/1161","targetHints":{"allow":["GET"]}}],"collection":[{"href":"https:\/\/wncri.org\/fr\/wp-json\/wp\/v2\/posts"}],"about":[{"href":"https:\/\/wncri.org\/fr\/wp-json\/wp\/v2\/types\/post"}],"author":[{"embeddable":true,"href":"https:\/\/wncri.org\/fr\/wp-json\/wp\/v2\/users\/1"}],"replies":[{"embeddable":true,"href":"https:\/\/wncri.org\/fr\/wp-json\/wp\/v2\/comments?post=1161"}],"version-history":[{"count":0,"href":"https:\/\/wncri.org\/fr\/wp-json\/wp\/v2\/posts\/1161\/revisions"}],"wp:featuredmedia":[{"embeddable":true,"href":"https:\/\/wncri.org\/fr\/wp-json\/wp\/v2\/media\/3751"}],"wp:attachment":[{"href":"https:\/\/wncri.org\/fr\/wp-json\/wp\/v2\/media?parent=1161"}],"wp:term":[{"taxonomy":"category","embeddable":true,"href":"https:\/\/wncri.org\/fr\/wp-json\/wp\/v2\/categories?post=1161"},{"taxonomy":"post_tag","embeddable":true,"href":"https:\/\/wncri.org\/fr\/wp-json\/wp\/v2\/tags?post=1161"}],"curies":[{"name":"wp","href":"https:\/\/api.w.org\/{rel}","templated":true}]}}