{"id":11580,"date":"2020-08-13T10:38:00","date_gmt":"2020-08-13T08:38:00","guid":{"rendered":"https:\/\/wncri.org\/fr\/?p=11580"},"modified":"2020-08-14T15:04:57","modified_gmt":"2020-08-14T13:04:57","slug":"les-familles-des-prisonniers-politiques-en-iran-defendent-leurs-proches","status":"publish","type":"post","link":"https:\/\/wncri.org\/fr\/2020\/08\/13\/les-familles-des-prisonniers-politiques-en-iran-defendent-leurs-proches\/","title":{"rendered":"Les familles des prisonniers politiques en Iran d\u00e9fendent leurs proches"},"content":{"rendered":"\n<h2 class=\"wp-block-heading\">La m\u00e8re de Majid Assadi exhorte les organisations internationales de d\u00e9fense des droits humains \u00e0 prendre des mesures pour obtenir la lib\u00e9ration imm\u00e9diate de ce prisonnier politique r\u00e9sistant<\/h2>\n\n\n\n<p>CNRI Femmes &#8211; Des familles de prisonniers politiques en Iran ont entrepris divers actes de protestation ces derniers jours pour r\u00e9tablir la libert\u00e9 et les droits de leurs proches en captivit\u00e9.<\/p>\n\n\n\n<p>Le rassemblement de protestation de familles de prisonniers politiques \u00e0 Machad, une interview de la m\u00e8re du prisonnier politique Majid Assadi, et la publication d&#8217;un clip vid\u00e9o de la femme du prisonnier politique kurde Heydar Ghorbani apr\u00e8s la confirmation de sa peine de mort, font partie de ces protestations.<\/p>\n\n\n\n<p>Les m\u00e8res, les \u00e9pouses et les proches des prisonniers politiques ont toujours jou\u00e9 un r\u00f4le important dans la d\u00e9fense des droits bafou\u00e9s en Iran sous les dictatures.<\/p>\n\n\n\n<h2 class=\"wp-block-heading\"><strong>Interdiction de contact avec les prisonniers politiques \u00e0 Machad<\/strong><\/h2>\n\n\n\n<p>Les familles des prisonniers politiques de la prison centrale de Machad ont organis\u00e9 un rassemblement devant cette prison le 10 ao\u00fbt 2020 pour protester contre le fait que leurs proches ont \u00e9t\u00e9 interdit de contact et visite avec leur famille pendant 10 jours.<\/p>\n\n\n\n<p>Les femmes ont particip\u00e9 activement \u00e0 cette manifestation organis\u00e9e le jour anniversaire de leur arrestation, il y a deux ans. L&#8217;une des manifestantes a d\u00e9clar\u00e9&nbsp;: \u00ab&nbsp;Cela fait maintenant dix jours que nous n&#8217;avons re\u00e7u aucun appel de nos proches ni aucune visite. Quel est leur p\u00e9ch\u00e9 ? Ils purgent leur peine ! Pourquoi ne nous laissent-ils pas (les autorit\u00e9s) voir nos proches ? Pourquoi les ont-ils priv\u00e9s de t\u00e9l\u00e9phoner ?&nbsp;\u00bb<\/p>\n\n\n\n<h2 class=\"wp-block-heading\"><strong>Une m\u00e8re demande la lib\u00e9ration imm\u00e9diate de son fils<\/strong><\/h2>\n\n\n\n<div class=\"wp-block-image\"><figure class=\"alignright size-large\"><img decoding=\"async\" src=\"data:image\/gif;base64,R0lGODlhAQABAIAAAAAAAP\/\/\/yH5BAEAAAAALAAAAAABAAEAAAIBRAA7\" data-src=\"https:\/\/wncri.org\/fr\/wp-content\/uploads\/2020\/08\/\u0641\u0627\u0637\u0645\u0647-\u0648\u06a9\u06cc\u0644\u06cc-\u0645\u0627\u062f\u0631-\u0645\u062c\u06cc\u062f-\u0627\u0633\u062f\u06cc-\u0632\u0646\u062f\u0627\u0646\u06cc-\u0633\u06cc\u0627\u0633\u06cc.jpg\" alt=\"Une m\u00e8re demande la lib\u00e9ration imm\u00e9diate de son fils\" class=\"wp-image-11583 lazyload\"\/><noscript><img decoding=\"async\" width=\"300\" height=\"150\" src=\"https:\/\/wncri.org\/fr\/wp-content\/uploads\/2020\/08\/\u0641\u0627\u0637\u0645\u0647-\u0648\u06a9\u06cc\u0644\u06cc-\u0645\u0627\u062f\u0631-\u0645\u062c\u06cc\u062f-\u0627\u0633\u062f\u06cc-\u0632\u0646\u062f\u0627\u0646\u06cc-\u0633\u06cc\u0627\u0633\u06cc.jpg\" alt=\"Une m\u00e8re demande la lib\u00e9ration imm\u00e9diate de son fils\" class=\"wp-image-11583 lazyload\"\/><\/noscript><\/figure><\/div>\n\n\n\n<p>La m\u00e8re et le fr\u00e8re de Majid Assadi faisaient \u00e9galement partie des familles de prisonniers politiques qui ont protest\u00e9 la semaine derni\u00e8re contre le refus de la justice iranienne de le lib\u00e9rer. Ils ont exprim\u00e9 leur inqui\u00e9tude quant \u00e0 son \u00e9tat de sant\u00e9.<\/p>\n\n\n\n<p>Fatemeh Vakili, la m\u00e8re de Majid Assadi, a d\u00e9clar\u00e9 dans une interview le 30 juillet que la justice leur avait envoy\u00e9 une lettre les informant qu&#8217;il serait lib\u00e9r\u00e9 le 20 juillet apr\u00e8s avoir purg\u00e9 3,5 ans de sa peine. \u00ab&nbsp;Mais le minist\u00e8re du Renseignement lui a ouvert un nouveau dossier fabriqu\u00e9 de toutes pi\u00e8ces&nbsp;\u00bb et lui et deux autres prisonniers, Mohammad Bannazadeh-Amirkhizi et Payam Shakiba, ont \u00e9t\u00e9 transf\u00e9r\u00e9s de la prison de Gohardasht (Rajai Shahr) \u00e0 Karaj, \u00e0 la section 209 de la prison d\u2019Evine de T\u00e9h\u00e9ran.<\/p>\n\n\n\n<p>Mme Vakili s&#8217;est prononc\u00e9e contre le pouvoir judiciaire et a d\u00e9clar\u00e9&nbsp;: \u00ab&nbsp;Comment peuvent-ils fabriquer un nouveau dossier contre un prisonnier qui est dans leur propre prison ? Pourquoi ne le laissent-ils pas tranquille ? Il est malade.&nbsp;\u00bb<\/p>\n\n\n\n<p>Majid Assadi est actuellement d\u00e9tenu \u00e0 l&#8217;isolement dans le quartier 209 d&#8217;Evine et subit des pressions physiques et psychologiques.<\/p>\n\n\n\n<p>M. Assadi souffre de diverses maladies, dont une inflammation de la moelle \u00e9pini\u00e8re, des complications gastro-intestinales, des probl\u00e8mes de vision, une grosseur au foie, des sympt\u00f4mes d&#8217;infection au coronavirus, une perte de poids et une faiblesse physique.<\/p>\n\n\n\n<p>Sa m\u00e8re dit qu&#8217;il a \u00e9t\u00e9 priv\u00e9 de soins m\u00e9dicaux pendant sa d\u00e9tention \u00e0 la prison de Gohardasht et que les autorit\u00e9s p\u00e9nitentiaires ne l&#8217;ont pas envoy\u00e9 dans un h\u00f4pital ext\u00e9rieur pour recevoir un traitement appropri\u00e9.<\/p>\n\n\n\n<p>Morteza Assadi, son fr\u00e8re, a tweet\u00e9 le 3 ao\u00fbt 2020 : \u00ab&nbsp;Dans un appel t\u00e9l\u00e9phonique du quartier 209 d&#8217;Evine, il dit qu\u2019il est en mauvaise sant\u00e9. Il luttait encore contre le virus lorsqu&#8217;il a \u00e9t\u00e9 transf\u00e9r\u00e9 \u00e0 Evine. Maintenant, son \u0153il s&#8217;est \u00e0 nouveau gonfl\u00e9 et il pourrait perdre son \u0153il droit si cette situation continue.&nbsp;\u00bb<\/p>\n\n\n\n<p>\u00ab&nbsp;La vie de Majid est en danger, et il doit \u00eatre lib\u00e9r\u00e9 sans condition&nbsp;\u00bb, a \u00e9crit Morteza Assadi.<\/p>\n\n\n\n<p>Mme Vakili a \u00e9galement appel\u00e9 les organisations internationales des droits humains : \u00ab&nbsp;Nous demandons aux organisations des droits de l&#8217;homme d&#8217;\u00eatre notre voix. Majid doit \u00eatre lib\u00e9r\u00e9, imm\u00e9diatement.&nbsp;\u00bb<\/p>\n\n\n\n<p>Majid Assadi \u00e9tait \u00e9tudiant \u00e0 l&#8217;universit\u00e9 Allameh de T\u00e9h\u00e9ran lorsqu&#8217;il a \u00e9t\u00e9 arr\u00eat\u00e9 le 3 juillet 2008 pour s&#8217;\u00eatre engag\u00e9 dans des activit\u00e9s politiques pacifiques.<\/p>\n\n\n\n<p>En mars 2010, il a \u00e9t\u00e9 condamn\u00e9 \u00e0 quatre ans de prison pour \u00ab&nbsp;rassemblement et collusion contre la s\u00e9curit\u00e9 nationale&nbsp;\u00bb. Il a \u00e9t\u00e9 lib\u00e9r\u00e9 apr\u00e8s avoir purg\u00e9 sa peine, mais a \u00e9t\u00e9 arr\u00eat\u00e9 de nouveau en f\u00e9vrier 2017 par les services du renseignement. En d\u00e9cembre 2017, il a \u00e9t\u00e9 condamn\u00e9 \u00e0 six ans de prison. Selon les lois du r\u00e9gime, il aurait d\u00fb \u00eatre lib\u00e9r\u00e9 apr\u00e8s avoir purg\u00e9 les deux tiers de sa peine, mais cela ne s\u2019est pas fait en raison du nouveau dossier fabriqu\u00e9 contre lui.<\/p>\n\n\n\n<h2 class=\"wp-block-heading\"><strong>La femme d&#8217;un prisonnier politique proteste contre sa peine de mort<\/strong><\/h2>\n\n\n\n<div class=\"wp-block-image\"><figure class=\"alignright size-large\"><img decoding=\"async\" src=\"data:image\/gif;base64,R0lGODlhAQABAIAAAAAAAP\/\/\/yH5BAEAAAAALAAAAAABAAEAAAIBRAA7\" data-src=\"https:\/\/wncri.org\/fr\/wp-content\/uploads\/2020\/08\/\u062d\u06cc\u062f\u0631-\u0642\u0631\u0628\u0627\u0646\u06cc-\u0648-\u0634\u0631\u0627\u0631\u0647-\u0635\u0627\u062f\u0642\u06cc-\u0647\u0645\u0633\u0631\u0634-\u0645\u0639\u062a\u0631\u0636-\u0628\u0647-\u062d\u06a9\u0645-\u0627\u0639\u062f\u0627\u0645.jpg\" alt=\"La femme d'un prisonnier politique proteste contre sa peine de mort\" class=\"wp-image-11581 lazyload\"\/><noscript><img decoding=\"async\" width=\"300\" height=\"150\" src=\"https:\/\/wncri.org\/fr\/wp-content\/uploads\/2020\/08\/\u062d\u06cc\u062f\u0631-\u0642\u0631\u0628\u0627\u0646\u06cc-\u0648-\u0634\u0631\u0627\u0631\u0647-\u0635\u0627\u062f\u0642\u06cc-\u0647\u0645\u0633\u0631\u0634-\u0645\u0639\u062a\u0631\u0636-\u0628\u0647-\u062d\u06a9\u0645-\u0627\u0639\u062f\u0627\u0645.jpg\" alt=\"La femme d'un prisonnier politique proteste contre sa peine de mort\" class=\"wp-image-11581 lazyload\"\/><\/noscript><\/figure><\/div>\n\n\n\n<p>Sharareh Sadeghi, \u00e9pouse du prisonnier politique kurde <a href=\"https:\/\/www.iranfocus.com\/en\/human-rights\/34694-iran-supreme-court-upholds-death-sentence-on-protester\" target=\"_blank\" rel=\"noreferrer noopener\">Heydar Ghorbani,<\/a> a protest\u00e9 contre sa condamnation \u00e0 mort.<\/p>\n\n\n\n<p>Heydar Ghorbani a \u00e9t\u00e9 inform\u00e9 de sa condamnation \u00e0 mort le 28 janvier 2020 alors qu&#8217;il \u00e9tait d\u00e9tenu \u00e0 la prison de Sanandaj, dans la capitale du Kurdistan iranien.<\/p>\n\n\n\n<p>Le verdict de mort a \u00e9t\u00e9 confirm\u00e9 le 6 ao\u00fbt 2020 par la cour supr\u00eame du r\u00e9gime, et transmis au procureur de Kamayaran pour \u00eatre appliqu\u00e9e.<\/p>\n\n\n\n<p>Sharareh Sadeghi a mis en ligne un clip vid\u00e9o sur Internet, exhortant la population iranienne et les organisations et d\u00e9fenseurs des droits humains dans le monde \u00e0 sauver son mari. Elle a d\u00e9clar\u00e9 dans ce clip&nbsp;: \u00ab&nbsp;Mon mari a \u00e9t\u00e9 arr\u00eat\u00e9 et interrog\u00e9 pendant un an par le minist\u00e8re du Renseignement et les services de renseignement des pasdarans. Il a \u00e9t\u00e9 tortur\u00e9 sous diverses formes. Finalement, il a \u00e9t\u00e9 condamn\u00e9 \u00e0 mort sans avoir acc\u00e8s \u00e0 un avocat de son choix, et sur la base d&#8217;aveux forc\u00e9s et d&#8217;une affaire fabriqu\u00e9e sans fondement.&nbsp;\u00bb<\/p>\n","protected":false},"excerpt":{"rendered":"<p>La m\u00e8re de Majid Assadi exhorte les organisations internationales de d\u00e9fense des droits humains \u00e0 prendre des mesures pour obtenir la lib\u00e9ration imm\u00e9diate de ce prisonnier politique r\u00e9sistant CNRI Femmes &#8211; Des familles de prisonniers politiques en Iran ont entrepris divers actes de protestation ces derniers jours pour r\u00e9tablir la libert\u00e9 et les droits de [&hellip;]<\/p>\n","protected":false},"author":4,"featured_media":11582,"comment_status":"closed","ping_status":"closed","sticky":false,"template":"","format":"standard","meta":{"jnews-multi-image_gallery":[],"jnews_single_post":{"subtitle":"","format":"standard","video":"","gallery":"","source_name":"","source_url":"","via_name":"","via_url":"","override":[{"single_blog_custom":"","sidebar":"","second_sidebar":"","share_position":"","share_float_style":"","post_date_format":"","post_date_format_custom":"","post_reading_time_wpm":"","zoom_button_out_step":"1","zoom_button_in_step":"1","number_popup_post":"1"}],"image_override":[{"single_post_thumbnail_size":"","single_post_gallery_size":""}],"trending_post_position":"","trending_post_label":"","sponsored_post_label":"","sponsored_post_name":"","sponsored_post_url":"","sponsored_post_logo":"","sponsored_post_desc":""},"jnews_primary_category":{"id":""},"jnews_social_meta":[],"jnews_override_counter":{"view_counter_number":"0","share_counter_number":"0","like_counter_number":"0","dislike_counter_number":"0"},"footnotes":""},"categories":[3],"tags":[],"class_list":["post-11580","post","type-post","status-publish","format-standard","has-post-thumbnail","hentry","category-infos-des-femmes"],"_links":{"self":[{"href":"https:\/\/wncri.org\/fr\/wp-json\/wp\/v2\/posts\/11580","targetHints":{"allow":["GET"]}}],"collection":[{"href":"https:\/\/wncri.org\/fr\/wp-json\/wp\/v2\/posts"}],"about":[{"href":"https:\/\/wncri.org\/fr\/wp-json\/wp\/v2\/types\/post"}],"author":[{"embeddable":true,"href":"https:\/\/wncri.org\/fr\/wp-json\/wp\/v2\/users\/4"}],"replies":[{"embeddable":true,"href":"https:\/\/wncri.org\/fr\/wp-json\/wp\/v2\/comments?post=11580"}],"version-history":[{"count":0,"href":"https:\/\/wncri.org\/fr\/wp-json\/wp\/v2\/posts\/11580\/revisions"}],"wp:featuredmedia":[{"embeddable":true,"href":"https:\/\/wncri.org\/fr\/wp-json\/wp\/v2\/media\/11582"}],"wp:attachment":[{"href":"https:\/\/wncri.org\/fr\/wp-json\/wp\/v2\/media?parent=11580"}],"wp:term":[{"taxonomy":"category","embeddable":true,"href":"https:\/\/wncri.org\/fr\/wp-json\/wp\/v2\/categories?post=11580"},{"taxonomy":"post_tag","embeddable":true,"href":"https:\/\/wncri.org\/fr\/wp-json\/wp\/v2\/tags?post=11580"}],"curies":[{"name":"wp","href":"https:\/\/api.w.org\/{rel}","templated":true}]}}