{"id":11555,"date":"2020-08-12T13:03:00","date_gmt":"2020-08-12T11:03:00","guid":{"rendered":"https:\/\/wncri.org\/fr\/?p=11555"},"modified":"2020-08-13T15:12:19","modified_gmt":"2020-08-13T13:12:19","slug":"des-peines-injustes-pour-les-opposants-et-les-minorites-religieuses-en-iran","status":"publish","type":"post","link":"https:\/\/wncri.org\/fr\/2020\/08\/12\/des-peines-injustes-pour-les-opposants-et-les-minorites-religieuses-en-iran\/","title":{"rendered":"Des peines injustes pour les opposants et les minorit\u00e9s religieuses en Iran"},"content":{"rendered":"\n<p>CNRI Femmes &#8211; Le r\u00e9gime cl\u00e9rical continue de prononcer des peines injustes pour r\u00e9primer ses opposants, les manifestants et les minorit\u00e9s religieuses. Et ce, alors que <a href=\"https:\/\/wncri.org\/fr\/2020\/07\/06\/le-quartier-des-femmes-de-la-prison-devine-conditions-inhumaines-en-pandemie\/\" target=\"_blank\" rel=\"noreferrer noopener\">les prisons iraniennes<\/a> sont submerg\u00e9es par la propagation du coronavirus.<\/p>\n\n\n\n<p>Chaque jour, on apprend que de nouveaux prisonniers et agents de s\u00e9curit\u00e9 ont \u00e9t\u00e9 infect\u00e9s. La protection personnelle et l&#8217;\u00e9quipement m\u00e9dical de base font d\u00e9faut dans les prisons.<\/p>\n\n\n\n<p>Les prisonniers politiques, y compris les femmes, protestent contre cette situation en tenant des sit-in et des gr\u00e8ves de la faim. Ils exigent que les autorit\u00e9s iraniennes lib\u00e8rent les prisonniers, imm\u00e9diatement.<\/p>\n\n\n\n<p>La R\u00e9sistance iranienne a demand\u00e9 \u00e0 plusieurs reprises aux Nations unies et aux organisations internationales des droits de l&#8217;homme d&#8217;envoyer une d\u00e9l\u00e9gation en Iran pour visiter les prisons et y voir les prisonniers politiques. Elle les a \u00e9galement exhort\u00e9s \u00e0 prendre des mesures urgentes pour sauver la vie des d\u00e9tenus iraniens.<\/p>\n\n\n\n<h2 class=\"wp-block-heading\"><strong>8 ans de prison pour soutien \u00e0 l\u2019OMPI, l\u2019opposition d\u00e9mocratique<\/strong><\/h2>\n\n\n\n<div class=\"wp-block-image\"><figure class=\"alignleft size-large\"><img decoding=\"async\" src=\"data:image\/gif;base64,R0lGODlhAQABAIAAAAAAAP\/\/\/yH5BAEAAAAALAAAAAABAAEAAAIBRAA7\" data-src=\"https:\/\/wncri.org\/fr\/wp-content\/uploads\/2020\/08\/Massoumeh-Senobari-min.jpg\" alt=\"8 ans de prison pour soutien \u00e0 l\u2019OMPI, l\u2019opposition d\u00e9mocratique\" class=\"wp-image-11559 lazyload\"\/><noscript><img decoding=\"async\" width=\"150\" height=\"150\" src=\"https:\/\/wncri.org\/fr\/wp-content\/uploads\/2020\/08\/Massoumeh-Senobari-min.jpg\" alt=\"8 ans de prison pour soutien \u00e0 l\u2019OMPI, l\u2019opposition d\u00e9mocratique\" class=\"wp-image-11559 lazyload\" srcset=\"https:\/\/wncri.org\/fr\/wp-content\/uploads\/2020\/08\/Massoumeh-Senobari-min.jpg 150w, https:\/\/wncri.org\/fr\/wp-content\/uploads\/2020\/08\/Massoumeh-Senobari-min-75x75.jpg 75w\" sizes=\"(max-width: 150px) 100vw, 150px\" \/><\/noscript><figcaption>Massoumeh Senobari<\/figcaption><\/figure><\/div>\n\n\n\n<p><a href=\"https:\/\/twitter.com\/womenncri\/status\/1292091765302976512\/photo\/1\" target=\"_blank\" rel=\"noreferrer noopener\">Massoumeh Senobari<\/a> a \u00e9t\u00e9 condamn\u00e9e \u00e0 un total de 8 ans d&#8217;emprisonnement. Elle a \u00e9t\u00e9 condamn\u00e9e \u00e0 un an pour &#8220;propagande contre l&#8217;\u00c9tat&#8221;, 5 ans pour &#8220;appartenance aux Moudjahidine du peuple&#8221; et 2 ans pour &#8220;outrage \u00e0 Khamenei&#8221;.<\/p>\n\n\n\n<p>Mme Senobari est n\u00e9e en 1988. Elle a un enfant et vit \u00e0 Tabriz, capitale de la province de l&#8217;Azerba\u00efdjan oriental, au nord-ouest de l&#8217;Iran. Elle est actuellement d\u00e9tenue dans le quartier des femmes de la prison de Tabriz.<\/p>\n\n\n\n<p>Elle a \u00e9t\u00e9 arr\u00eat\u00e9e le 6 mars 2019 et emmen\u00e9e au centre de d\u00e9tention des services de renseignements de Tabriz. La m\u00eame nuit, sa maison a \u00e9t\u00e9 perquisitionn\u00e9e et endommag\u00e9e et ses effets personnels confisqu\u00e9s.<\/p>\n\n\n\n<p>Dans le centre de d\u00e9tention, elle a \u00e9t\u00e9 tortur\u00e9e lors de l&#8217;interrogatoire, \u00e0 tel point qu&#8217;elle ne pouvait plus marcher. Les coups de fouet sur ses jambes et ses pieds lui ont caus\u00e9 des fractures qui n&#8217;ont pas encore gu\u00e9ri. De plus, \u00e0 la suite des coups port\u00e9s \u00e0 la t\u00eate, sa vision est devenue floue.<\/p>\n\n\n\n<p>En juillet 2019, elle a \u00e9t\u00e9 temporairement lib\u00e9r\u00e9e moyennant une caution de 600 millions de tomans jusqu&#8217;\u00e0 son proc\u00e8s. Cependant, elle a \u00e9t\u00e9 arr\u00eat\u00e9e \u00e0 nouveau au domicile de sa s\u0153ur le 5 f\u00e9vrier 2020, sans aucun pr\u00e9avis. Elle a \u00e9t\u00e9 emmen\u00e9e au centre de d\u00e9tention des pasdarans \u00e0 Tabriz.<\/p>\n\n\n\n<p>La premi\u00e8re audience a eu lieu le 6 mars 2020, la condamnant \u00e0 deux ans de prison. Mais les services de renseignements ont fabriqu\u00e9 une nouvelle affaire contre elle, sur la base de laquellz elle a r\u00e9cemment re\u00e7u une peine de 8 ans.<\/p>\n\n\n\n<h2 class=\"wp-block-heading\"><strong>Cinq ans de prison pour avoir protest\u00e9 en novembre 2019<\/strong><\/h2>\n\n\n\n<div class=\"wp-block-image\"><figure class=\"alignleft size-large\"><img decoding=\"async\" src=\"data:image\/gif;base64,R0lGODlhAQABAIAAAAAAAP\/\/\/yH5BAEAAAAALAAAAAABAAEAAAIBRAA7\" data-src=\"https:\/\/wncri.org\/fr\/wp-content\/uploads\/2020\/08\/Fatemeh-Davand-min.jpg\" alt=\"Cinq ans de prison pour avoir protest\u00e9 en novembre 2019\" class=\"wp-image-11558 lazyload\"\/><noscript><img decoding=\"async\" width=\"150\" height=\"150\" src=\"https:\/\/wncri.org\/fr\/wp-content\/uploads\/2020\/08\/Fatemeh-Davand-min.jpg\" alt=\"Cinq ans de prison pour avoir protest\u00e9 en novembre 2019\" class=\"wp-image-11558 lazyload\" srcset=\"https:\/\/wncri.org\/fr\/wp-content\/uploads\/2020\/08\/Fatemeh-Davand-min.jpg 150w, https:\/\/wncri.org\/fr\/wp-content\/uploads\/2020\/08\/Fatemeh-Davand-min-75x75.jpg 75w\" sizes=\"(max-width: 150px) 100vw, 150px\" \/><\/noscript><figcaption>Fatemeh Davand<\/figcaption><\/figure><\/div>\n\n\n\n<p>Fatemeh Davand, une des manifestantes de novembre 2019 \u00e0 Boukan, a \u00e9t\u00e9 incarc\u00e9r\u00e9e \u00e0 la prison centrale d\u2019Oroumieh le 6 ao\u00fbt 2020 pour commencer \u00e0 purger sa peine de cinq ans de d\u00e9tention.<\/p>\n\n\n\n<p>Mme Davand, 42 ans, originaire de Boukan et m\u00e8re de trois enfants, avait \u00e9t\u00e9 arr\u00eat\u00e9e lors du soul\u00e8vement de novembre 2019. Le tribunal r\u00e9volutionnaire de Boukan l&#8217;a condamn\u00e9e \u00e0 5 ans et 5 mois de prison et \u00e0 30 coups de fouet.<\/p>\n\n\n\n<p>Boukan est l&#8217;une des villes du Kurdistan iranien.<\/p>\n\n\n\n<p><\/p>\n\n\n\n<h2 class=\"wp-block-heading\"><strong>Un an de prison pour la comm\u00e9moration de Cyrus le Grand<\/strong><\/h2>\n\n\n\n<div class=\"wp-block-image\"><figure class=\"alignleft size-large\"><img decoding=\"async\" src=\"data:image\/gif;base64,R0lGODlhAQABAIAAAAAAAP\/\/\/yH5BAEAAAAALAAAAAABAAEAAAIBRAA7\" data-src=\"https:\/\/wncri.org\/fr\/wp-content\/uploads\/2020\/08\/Yasamin-Hanifeh-Tabatabaii-min.jpg\" alt=\"Un an de prison pour la comm\u00e9moration de Cyrus le Grand\" class=\"wp-image-11563 lazyload\"\/><noscript><img decoding=\"async\" width=\"150\" height=\"150\" src=\"https:\/\/wncri.org\/fr\/wp-content\/uploads\/2020\/08\/Yasamin-Hanifeh-Tabatabaii-min.jpg\" alt=\"Un an de prison pour la comm\u00e9moration de Cyrus le Grand\" class=\"wp-image-11563 lazyload\" srcset=\"https:\/\/wncri.org\/fr\/wp-content\/uploads\/2020\/08\/Yasamin-Hanifeh-Tabatabaii-min.jpg 150w, https:\/\/wncri.org\/fr\/wp-content\/uploads\/2020\/08\/Yasamin-Hanifeh-Tabatabaii-min-75x75.jpg 75w\" sizes=\"(max-width: 150px) 100vw, 150px\" \/><\/noscript><figcaption>Yasamin-Hanifeh Tabataba\u2019i<\/figcaption><\/figure><\/div>\n\n\n\n<p>Le tribunal r\u00e9volutionnaire de T\u00e9h\u00e9ran a condamn\u00e9 Yasamin-Hanifeh Tabataba\u2019i \u00e0 une ann\u00e9e de prison, l&#8217;a priv\u00e9e de toute activit\u00e9 politique pendant deux ans et lui a ordonn\u00e9 de faire des travaux forc\u00e9s pendant quatre ans dans une maison de convalescence.<\/p>\n\n\n\n<p>Mme Tabataba\u2019i est accus\u00e9e d&#8217;\u00eatre all\u00e9e \u00e0 Pasargades le 29 octobre 2019 pour comm\u00e9morer la naissance de Cyrus le Grand. Elle avait \u00e9t\u00e9 arr\u00eat\u00e9e \u00e0 un point de contr\u00f4le par les forces de s\u00e9curit\u00e9 et transf\u00e9r\u00e9e \u00e0 la section 209 de la prison d&#8217;Evine.<\/p>\n\n\n\n<p>Cyrus le Grand \u00e9tait le roi de Perse en 529-550 avant J.-C. qui a r\u00e9dig\u00e9 la premi\u00e8re charte des droits de l&#8217;homme au monde.<\/p>\n\n\n\n<h2 class=\"wp-block-heading\"><strong>Des peines injustes pour les minorit\u00e9s religieuses<\/strong><\/h2>\n\n\n\n<div class=\"wp-block-image\"><figure class=\"alignleft size-large\"><img decoding=\"async\" src=\"data:image\/gif;base64,R0lGODlhAQABAIAAAAAAAP\/\/\/yH5BAEAAAAALAAAAAABAAEAAAIBRAA7\" data-src=\"https:\/\/wncri.org\/fr\/wp-content\/uploads\/2020\/08\/Cathrine-Sajjadpour-min.jpg\" alt=\"Des peines injustes pour les minorit\u00e9s religieuses\" class=\"wp-image-11556 lazyload\"\/><noscript><img decoding=\"async\" width=\"150\" height=\"150\" src=\"https:\/\/wncri.org\/fr\/wp-content\/uploads\/2020\/08\/Cathrine-Sajjadpour-min.jpg\" alt=\"Des peines injustes pour les minorit\u00e9s religieuses\" class=\"wp-image-11556 lazyload\" srcset=\"https:\/\/wncri.org\/fr\/wp-content\/uploads\/2020\/08\/Cathrine-Sajjadpour-min.jpg 150w, https:\/\/wncri.org\/fr\/wp-content\/uploads\/2020\/08\/Cathrine-Sajjadpour-min-75x75.jpg 75w\" sizes=\"(max-width: 150px) 100vw, 150px\" \/><\/noscript><figcaption>Cathrine Sajjadpour<\/figcaption><\/figure><\/div>\n\n\n\n<p>Cathrine (Sa\u00efdeh) Sajjadpour et Sakineh Behjati ont chacune \u00e9t\u00e9 condamn\u00e9es \u00e0 deux ans de prison pour &#8220;atteinte \u00e0 la s\u00e9curit\u00e9 nationale&#8221; et &#8220;participation \u00e0 des \u00e9glises locales&#8221;.<\/p>\n\n\n\n<p>Ces deux chr\u00e9tiennes converties de Racht avaient \u00e9t\u00e9 interrog\u00e9es par les forces de s\u00e9curit\u00e9 \u00e0 leur domicile en f\u00e9vrier 2020, et ont dit qu&#8217;elles seraient convoqu\u00e9es, bient\u00f4t.<\/p>\n\n\n\n<p>Par ailleurs, le 6 ao\u00fbt 2020, le tribunal r\u00e9volutionnaire de Shahriar a condamn\u00e9 trois femmes baha\u00efes \u00e0 un an de prison. Jamileh Pakru, Elham Salmanzadeh et Neda Shabani sont accus\u00e9es de &#8220;propagande contre l&#8217;\u00c9tat&#8221;.<\/p>\n\n\n\n<p>Mitra Bandi Amirabadi et Hiva Yazdan Mehdi, deux autres femmes baha\u00efes, sont en prison depuis juin 2020 sans proc\u00e8s. La d\u00e9tention de ces deux habitantes de Yazd a r\u00e9cemment \u00e9t\u00e9 prolong\u00e9e d&#8217;un mois.<\/p>\n\n\n\n<div class=\"wp-block-image\"><figure class=\"aligncenter size-large is-resized\"><img decoding=\"async\" src=\"data:image\/gif;base64,R0lGODlhAQABAIAAAAAAAP\/\/\/yH5BAEAAAAALAAAAAABAAEAAAIBRAA7\" data-src=\"https:\/\/wncri.org\/fr\/wp-content\/uploads\/2020\/08\/Neda-Shabani-Jamileh-Pakru-Elham-Salmanzadeh-min.jpg\" alt=\"Les conditions de vie d\u00e9plorables de Shahnaz Sadeghifar\" class=\"wp-image-11562 lazyload\" width=\"386\" height=\"193\"\/><noscript><img decoding=\"async\" src=\"https:\/\/wncri.org\/fr\/wp-content\/uploads\/2020\/08\/Neda-Shabani-Jamileh-Pakru-Elham-Salmanzadeh-min.jpg\" alt=\"Les conditions de vie d\u00e9plorables de Shahnaz Sadeghifar\" class=\"wp-image-11562 lazyload\" width=\"386\" height=\"193\"\/><\/noscript><figcaption>Neda Shabani, Jamileh Pakru, et Elham Salmanzadeh<\/figcaption><\/figure><\/div>\n\n\n\n<div class=\"wp-block-image\"><figure class=\"aligncenter size-large is-resized\"><img decoding=\"async\" src=\"data:image\/gif;base64,R0lGODlhAQABAIAAAAAAAP\/\/\/yH5BAEAAAAALAAAAAABAAEAAAIBRAA7\" data-src=\"https:\/\/wncri.org\/fr\/wp-content\/uploads\/2020\/08\/Mitra-Bandi-Amirabadi-and-Hiva-Yazdan-Mehdi-min.jpg\" alt=\"Shahnaz Sadeghifar fait une gr\u00e8ve de la faim dans le quartier des femmes de la prison \" class=\"wp-image-11560 lazyload\" width=\"391\" height=\"196\"\/><noscript><img decoding=\"async\" src=\"https:\/\/wncri.org\/fr\/wp-content\/uploads\/2020\/08\/Mitra-Bandi-Amirabadi-and-Hiva-Yazdan-Mehdi-min.jpg\" alt=\"Shahnaz Sadeghifar fait une gr\u00e8ve de la faim dans le quartier des femmes de la prison \" class=\"wp-image-11560 lazyload\" width=\"391\" height=\"196\"\/><\/noscript><figcaption>Mitra Bandi Amirabadi et Hiva Yazdan Mehdi<\/figcaption><\/figure><\/div>\n\n\n\n<h2 class=\"wp-block-heading\"><strong>Les conditions de vie d\u00e9plorables de Shahnaz Sadeghifar<\/strong><\/h2>\n\n\n\n<p><a href=\"https:\/\/wncri.org\/fr\/2020\/08\/06\/detention-de-militantes-civiles-pression-sur-les-detenues-politiques-en-iran\/\" target=\"_blank\" rel=\"noreferrer noopener\">Shahnaz Sadeghifar<\/a> <a href=\"#_msocom_1\" target=\"_blank\" rel=\"noreferrer noopener\">[WU1]<\/a>&nbsp;fait une gr\u00e8ve de la faim dans le quartier des femmes de la prison centrale d\u2019Oroumieh. Elle est dans un \u00e9tat de sant\u00e9 d\u00e9plorable. Mme Sadeghifar a commenc\u00e9 sa gr\u00e8ve de la faim le 28 juillet 2020 pour protester contre la peine de 15 ans de prison prononc\u00e9e contre elle et sa fille.<\/p>\n\n\n\n<h2 class=\"wp-block-heading\"><strong>Nasrin Sotoudeh en gr\u00e8ve de la faim<\/strong><\/h2>\n\n\n\n<div class=\"wp-block-image\"><figure class=\"alignleft size-large\"><img decoding=\"async\" src=\"data:image\/gif;base64,R0lGODlhAQABAIAAAAAAAP\/\/\/yH5BAEAAAAALAAAAAABAAEAAAIBRAA7\" data-src=\"https:\/\/wncri.org\/fr\/wp-content\/uploads\/2020\/08\/Nasrin-Sotoudeh-min.jpg\" alt=\"Nasrin Sotoudeh en gr\u00e8ve de la faim\" class=\"wp-image-11561 lazyload\"\/><noscript><img decoding=\"async\" width=\"150\" height=\"150\" src=\"https:\/\/wncri.org\/fr\/wp-content\/uploads\/2020\/08\/Nasrin-Sotoudeh-min.jpg\" alt=\"Nasrin Sotoudeh en gr\u00e8ve de la faim\" class=\"wp-image-11561 lazyload\" srcset=\"https:\/\/wncri.org\/fr\/wp-content\/uploads\/2020\/08\/Nasrin-Sotoudeh-min.jpg 150w, https:\/\/wncri.org\/fr\/wp-content\/uploads\/2020\/08\/Nasrin-Sotoudeh-min-75x75.jpg 75w\" sizes=\"(max-width: 150px) 100vw, 150px\" \/><\/noscript><figcaption><strong>Nasrin Sotoudeh<\/strong><\/figcaption><\/figure><\/div>\n\n\n\n<p>L&#8217;avocate des droits de l&#8217;homme Nasrin Sotoudeh a envoy\u00e9 une lettre depuis la prison d&#8217;Evine le 11 ao\u00fbt 2020, annon\u00e7ant qu&#8217;elle avait entam\u00e9 une nouvelle s\u00e9rie de gr\u00e8ves de la faim, demandant la lib\u00e9ration des prisonniers politiques.<\/p>\n\n\n\n<p>Notant la pand\u00e9mie de Coronavirus, Mme Sotoudeh a \u00e9crit dans sa lettre qu&#8217;en raison \u00ab&nbsp;des conditions oppressantes en prison, et apr\u00e8s n&#8217;avoir re\u00e7u aucune r\u00e9ponse aux lettres et aux demandes l\u00e9gales des prisonniers, je vais entamer une gr\u00e8ve de la faim pour demander la lib\u00e9ration des prisonniers politiques&nbsp;\u00bb.<\/p>\n\n\n\n<p>La prisonni\u00e8re politique Nasrin Sotoudeh est incarc\u00e9r\u00e9e \u00e0 la prison d&#8217;Evine depuis le 13 juin 2018. Sa peine est de 38 ans d&#8217;emprisonnement et 148 coups de fouet.<\/p>\n\n\n\n<hr class=\"wp-block-separator\"\/>\n\n\n\n<p><\/p>\n","protected":false},"excerpt":{"rendered":"<p>CNRI Femmes &#8211; Le r\u00e9gime cl\u00e9rical continue de prononcer des peines injustes pour r\u00e9primer ses opposants, les manifestants et les minorit\u00e9s religieuses. Et ce, alors que les prisons iraniennes sont submerg\u00e9es par la propagation du coronavirus. Chaque jour, on apprend que de nouveaux prisonniers et agents de s\u00e9curit\u00e9 ont \u00e9t\u00e9 infect\u00e9s. La protection personnelle et [&hellip;]<\/p>\n","protected":false},"author":4,"featured_media":11564,"comment_status":"closed","ping_status":"closed","sticky":false,"template":"","format":"standard","meta":{"jnews-multi-image_gallery":[],"jnews_single_post":{"subtitle":"","format":"standard","video":"","gallery":"","source_name":"","source_url":"","via_name":"","via_url":"","override":[{"single_blog_custom":"","sidebar":"","second_sidebar":"","share_position":"","share_float_style":"","post_date_format":"","post_date_format_custom":"","post_reading_time_wpm":"","zoom_button_out_step":"1","zoom_button_in_step":"1","number_popup_post":"1"}],"image_override":[{"single_post_thumbnail_size":"","single_post_gallery_size":""}],"trending_post_position":"","trending_post_label":"","sponsored_post_label":"","sponsored_post_name":"","sponsored_post_url":"","sponsored_post_logo":"","sponsored_post_desc":""},"jnews_primary_category":{"id":""},"jnews_social_meta":[],"jnews_override_counter":{"view_counter_number":"0","share_counter_number":"0","like_counter_number":"0","dislike_counter_number":"0"},"footnotes":""},"categories":[3],"tags":[369,370,376],"class_list":["post-11555","post","type-post","status-publish","format-standard","has-post-thumbnail","hentry","category-infos-des-femmes","tag-manifestations","tag-prisonnieres","tag-violence-contre-les-femmes"],"_links":{"self":[{"href":"https:\/\/wncri.org\/fr\/wp-json\/wp\/v2\/posts\/11555","targetHints":{"allow":["GET"]}}],"collection":[{"href":"https:\/\/wncri.org\/fr\/wp-json\/wp\/v2\/posts"}],"about":[{"href":"https:\/\/wncri.org\/fr\/wp-json\/wp\/v2\/types\/post"}],"author":[{"embeddable":true,"href":"https:\/\/wncri.org\/fr\/wp-json\/wp\/v2\/users\/4"}],"replies":[{"embeddable":true,"href":"https:\/\/wncri.org\/fr\/wp-json\/wp\/v2\/comments?post=11555"}],"version-history":[{"count":0,"href":"https:\/\/wncri.org\/fr\/wp-json\/wp\/v2\/posts\/11555\/revisions"}],"wp:featuredmedia":[{"embeddable":true,"href":"https:\/\/wncri.org\/fr\/wp-json\/wp\/v2\/media\/11564"}],"wp:attachment":[{"href":"https:\/\/wncri.org\/fr\/wp-json\/wp\/v2\/media?parent=11555"}],"wp:term":[{"taxonomy":"category","embeddable":true,"href":"https:\/\/wncri.org\/fr\/wp-json\/wp\/v2\/categories?post=11555"},{"taxonomy":"post_tag","embeddable":true,"href":"https:\/\/wncri.org\/fr\/wp-json\/wp\/v2\/tags?post=11555"}],"curies":[{"name":"wp","href":"https:\/\/api.w.org\/{rel}","templated":true}]}}