{"id":11538,"date":"2020-08-08T10:40:00","date_gmt":"2020-08-08T08:40:00","guid":{"rendered":"https:\/\/wncri.org\/fr\/?p=11538"},"modified":"2020-08-13T15:16:58","modified_gmt":"2020-08-13T13:16:58","slug":"la-manifestante-fatemeh-davand-entame-sa-peine-de-5-ans-de-prison-en-iran","status":"publish","type":"post","link":"https:\/\/wncri.org\/fr\/2020\/08\/08\/la-manifestante-fatemeh-davand-entame-sa-peine-de-5-ans-de-prison-en-iran\/","title":{"rendered":"La manifestante Fatemeh Davand entame sa peine de 5 ans de prison en Iran"},"content":{"rendered":"\n<h2 class=\"wp-block-heading\"><em>Mme Davand est condamn\u00e9e \u00e0 30 coups de fouet et 65 mois de prison pour avoir particip\u00e9 aux manifestations de novembre 2019<\/em><\/h2>\n\n\n\n<p>CNRI femmes &#8211; Une manifestante iranienne, Mme Fatemeh Davand, a \u00e9t\u00e9 incarc\u00e9r\u00e9e \u00e0 la prison centrale d\u2019Oroumieh le 6 ao\u00fbt 2020, afin d\u2019entamer sa peine de prison pour avoir particip\u00e9 aux manifestations de Boukan en novembre 2019.<\/p>\n\n\n\n<p>Mme Davand avait \u00e9t\u00e9 arr\u00eat\u00e9e lors des manifestations de novembre 2019 et condamn\u00e9e \u00e0 cinq ans et cinq mois et 30 coups de fouet par le tribunal r\u00e9volutionnaire de Boukan, dans le Kurdistan iranien.<\/p>\n\n\n\n<p>Mme Davand est \u00e2g\u00e9e de 42 ans et a trois enfants.<\/p>\n\n\n\n<p>Le 6 f\u00e9vrier 2020, elle a \u00e9t\u00e9 condamn\u00e9e \u00e0 cinq mois de prison et \u00e0 30 coups de fouet pour avoir \u00ab&nbsp;troubl\u00e9 l&#8217;ordre et le calme publics en participant \u00e0 des \u00e9meutes&nbsp;\u00bb et pour avoir \u00ab&nbsp;retir\u00e9 son voile&nbsp;\u00bb.<\/p>\n\n\n\n<p>Le 12 mai 2020, Mme Davand a \u00e9t\u00e9 jug\u00e9e par la premi\u00e8re branche du tribunal r\u00e9volutionnaire de Mahabad pour \u00ab&nbsp;rassemblement et collusion contre la s\u00e9curit\u00e9 nationale&nbsp;\u00bb. Fin juin, le tribunal a prononc\u00e9 une peine de 5 ans de prison et a inform\u00e9 son avocat.<\/p>\n\n\n\n<p>Au total, Fatemeh Davand est condamn\u00e9 \u00e0 5 ans et 5 mois de prison et \u00e0 30 coups de fouet.<\/p>\n\n\n\n<p>Apr\u00e8s avoir \u00e9t\u00e9 arr\u00eat\u00e9e lors des manifestations de novembre, elle a \u00e9t\u00e9 lib\u00e9r\u00e9e temporairement de la prison centrale d&#8217;Oroumieh, le 25 mars 2020, moyennant une caution d&#8217;un milliard de tomans.<\/p>\n\n\n\n<p><a href=\"https:\/\/twitter.com\/AmnestyIran\/status\/1291451694501462017?cxt=HHwWgoCw9aielOwjAAAA\" target=\"_blank\" rel=\"noreferrer noopener\">Amnesty International<\/a> a post\u00e9 un tweet le 6 ao\u00fbt, disant que \u00ab&nbsp;la Kurde iranienne Fatemeh Davand a \u00e9t\u00e9 emprisonn\u00e9e apr\u00e8s un proc\u00e8s in\u00e9quitable qui a utilis\u00e9 des &#8220;aveux&#8221; qu&#8217;elle aurait faits sous la torture et d&#8217;autres mauvais traitements pour la condamner&nbsp;\u00bb.<\/p>\n\n\n\n<p>Amnesty a exhort\u00e9 les autorit\u00e9s iraniennes \u00e0 lib\u00e9rer Mme Davand \u00ab&nbsp;car elle a \u00e9t\u00e9 emprisonn\u00e9e sur la base de l&#8217;exercice pacifique de ses droits \u00e0 la libert\u00e9 de r\u00e9union pacifique et des &#8220;aveux&#8221; forc\u00e9s qu&#8217;elle aurait faits sous la torture&nbsp;\u00bb.<\/p>\n\n\n\n<p>Au moins <a href=\"https:\/\/wncri.org\/fr\/2019\/12\/23\/1500-personnes-dont-400-femmes-tuees-dans-le-soulevement-en-iran-reuters\/\" target=\"_blank\" rel=\"noreferrer noopener\">400 femmes<\/a> faisaient partie des 1 500 personnes qui ont \u00e9t\u00e9 tu\u00e9es par les forces de s\u00e9curit\u00e9 et de renseignement du r\u00e9gime iranien et des agents en civil lors des manifestations de novembre 2019. Au moins 12 000 autres ont \u00e9t\u00e9 arr\u00eat\u00e9es et emprisonn\u00e9es pendant les manifestations nationales<\/p>\n\n\n\n<div class=\"wp-block-image\"><figure class=\"aligncenter size-large\"><img decoding=\"async\" src=\"data:image\/gif;base64,R0lGODlhAQABAIAAAAAAAP\/\/\/yH5BAEAAAAALAAAAAABAAEAAAIBRAA7\" data-src=\"https:\/\/wncri.org\/fr\/wp-content\/uploads\/2020\/08\/Fatemeh-Davand-in-Boukan-November-2019-min-1.jpg\" alt=\"La manifestante Fatemeh Davand entame sa peine de 5 ans de prison en Iran\" class=\"wp-image-11570 lazyload\"\/><noscript><img decoding=\"async\" width=\"750\" height=\"375\" src=\"https:\/\/wncri.org\/fr\/wp-content\/uploads\/2020\/08\/Fatemeh-Davand-in-Boukan-November-2019-min-1.jpg\" alt=\"La manifestante Fatemeh Davand entame sa peine de 5 ans de prison en Iran\" class=\"wp-image-11570 lazyload\" srcset=\"https:\/\/wncri.org\/fr\/wp-content\/uploads\/2020\/08\/Fatemeh-Davand-in-Boukan-November-2019-min-1.jpg 750w, https:\/\/wncri.org\/fr\/wp-content\/uploads\/2020\/08\/Fatemeh-Davand-in-Boukan-November-2019-min-1-300x150.jpg 300w, https:\/\/wncri.org\/fr\/wp-content\/uploads\/2020\/08\/Fatemeh-Davand-in-Boukan-November-2019-min-1-360x180.jpg 360w\" sizes=\"(max-width: 750px) 100vw, 750px\" \/><\/noscript><figcaption>Mme Davand lors des manifestations de novembre 2019 en Boukan<\/figcaption><\/figure><\/div>\n\n\n\n<p>.<\/p>\n","protected":false},"excerpt":{"rendered":"<p>Mme Davand est condamn\u00e9e \u00e0 30 coups de fouet et 65 mois de prison pour avoir particip\u00e9 aux manifestations de novembre 2019 CNRI femmes &#8211; Une manifestante iranienne, Mme Fatemeh Davand, a \u00e9t\u00e9 incarc\u00e9r\u00e9e \u00e0 la prison centrale d\u2019Oroumieh le 6 ao\u00fbt 2020, afin d\u2019entamer sa peine de prison pour avoir particip\u00e9 aux manifestations de [&hellip;]<\/p>\n","protected":false},"author":4,"featured_media":11571,"comment_status":"closed","ping_status":"closed","sticky":false,"template":"","format":"standard","meta":{"jnews-multi-image_gallery":[],"jnews_single_post":{"subtitle":"","format":"standard","video":"","gallery":"","source_name":"","source_url":"","via_name":"","via_url":"","override":[{"single_blog_custom":"","sidebar":"","second_sidebar":"","share_position":"","share_float_style":"","post_date_format":"","post_date_format_custom":"","post_reading_time_wpm":"","zoom_button_out_step":"1","zoom_button_in_step":"1","number_popup_post":"1"}],"image_override":[{"single_post_thumbnail_size":"","single_post_gallery_size":""}],"trending_post_position":"","trending_post_label":"","sponsored_post_label":"","sponsored_post_name":"","sponsored_post_url":"","sponsored_post_logo":"","sponsored_post_desc":""},"jnews_primary_category":{"id":""},"jnews_social_meta":[],"jnews_override_counter":{"view_counter_number":"0","share_counter_number":"0","like_counter_number":"0","dislike_counter_number":"0"},"footnotes":""},"categories":[3],"tags":[369,370],"class_list":["post-11538","post","type-post","status-publish","format-standard","has-post-thumbnail","hentry","category-infos-des-femmes","tag-manifestations","tag-prisonnieres"],"_links":{"self":[{"href":"https:\/\/wncri.org\/fr\/wp-json\/wp\/v2\/posts\/11538","targetHints":{"allow":["GET"]}}],"collection":[{"href":"https:\/\/wncri.org\/fr\/wp-json\/wp\/v2\/posts"}],"about":[{"href":"https:\/\/wncri.org\/fr\/wp-json\/wp\/v2\/types\/post"}],"author":[{"embeddable":true,"href":"https:\/\/wncri.org\/fr\/wp-json\/wp\/v2\/users\/4"}],"replies":[{"embeddable":true,"href":"https:\/\/wncri.org\/fr\/wp-json\/wp\/v2\/comments?post=11538"}],"version-history":[{"count":0,"href":"https:\/\/wncri.org\/fr\/wp-json\/wp\/v2\/posts\/11538\/revisions"}],"wp:featuredmedia":[{"embeddable":true,"href":"https:\/\/wncri.org\/fr\/wp-json\/wp\/v2\/media\/11571"}],"wp:attachment":[{"href":"https:\/\/wncri.org\/fr\/wp-json\/wp\/v2\/media?parent=11538"}],"wp:term":[{"taxonomy":"category","embeddable":true,"href":"https:\/\/wncri.org\/fr\/wp-json\/wp\/v2\/categories?post=11538"},{"taxonomy":"post_tag","embeddable":true,"href":"https:\/\/wncri.org\/fr\/wp-json\/wp\/v2\/tags?post=11538"}],"curies":[{"name":"wp","href":"https:\/\/api.w.org\/{rel}","templated":true}]}}