{"id":11444,"date":"2020-07-20T19:44:39","date_gmt":"2020-07-20T17:44:39","guid":{"rendered":"https:\/\/wncri.org\/fr\/?p=11444"},"modified":"2020-07-25T19:59:19","modified_gmt":"2020-07-25T17:59:19","slug":"appel-a-la-justice-pour-le-massacre-de-1988-au-2e-jour-du-sommet-mondial-pour-un-iran-libre","status":"publish","type":"post","link":"https:\/\/wncri.org\/fr\/2020\/07\/20\/appel-a-la-justice-pour-le-massacre-de-1988-au-2e-jour-du-sommet-mondial-pour-un-iran-libre\/","title":{"rendered":"Appel \u00e0 la justice pour le massacre de 1988 au 2e jour du sommet mondial pour un Iran libre"},"content":{"rendered":"<p>CNRI Femmes &#8211; Le dimanche 19 juillet 2020 marque le deuxi\u00e8me jour du Sommet mondial pour un Iran libre avec une conf\u00e9rence internationale virtuelle intitul\u00e9e \u00ab\u00a0Le massacre de 1988, un crime contre l&#8217;humanit\u00e9, reste impuni 32 ans apr\u00e8s\u00a0\u00bb, qui s&#8217;est tenue \u00e0 Ashraf-3, en Albanie. Plusieurs personnalit\u00e9s de premier plan, notamment des parlementaires, et d&#8217;anciens prisonniers politiques et t\u00e9moins du massacre de 1988, ont pris la parole lors du sommet.<\/p>\n<p>Ce sont deux femmes de l&#8217;Organisation des Moudjahidines du peuple d&#8217;Iran (OMPI), qui ont ouvert la conf\u00e9rence par leur t\u00e9moignage.<\/p>\n<p><a href=\"https:\/\/wncri.org\/fr\/2019\/07\/15\/le-massacre-de-1988-en-iran-est-reexamine-lors-dune-conference-pour-la-justice-a-achraf\/\" target=\"_blank\" rel=\"noopener noreferrer\"><strong><img decoding=\"async\" class=\"alignnone wp-image-11448 size-full lazyload\" src=\"data:image\/gif;base64,R0lGODlhAQABAIAAAAAAAP\/\/\/yH5BAEAAAAALAAAAAABAAEAAAIBRAA7\" data-src=\"https:\/\/wncri.org\/fr\/wp-content\/uploads\/2020\/07\/Homa-Jaberi.jpg\" alt=\"Homa Jaberi,\" width=\"750\" height=\"375\" \/><noscript><img decoding=\"async\" class=\"alignnone wp-image-11448 size-full lazyload\" src=\"https:\/\/wncri.org\/fr\/wp-content\/uploads\/2020\/07\/Homa-Jaberi.jpg\" alt=\"Homa Jaberi,\" width=\"750\" height=\"375\" srcset=\"https:\/\/wncri.org\/fr\/wp-content\/uploads\/2020\/07\/Homa-Jaberi.jpg 750w, https:\/\/wncri.org\/fr\/wp-content\/uploads\/2020\/07\/Homa-Jaberi-300x150.jpg 300w, https:\/\/wncri.org\/fr\/wp-content\/uploads\/2020\/07\/Homa-Jaberi-360x180.jpg 360w\" sizes=\"(max-width: 750px) 100vw, 750px\" \/><\/noscript>Homa Jaberi<\/strong><\/a>, une ancienne prisonni\u00e8re politique du r\u00e9gime des mollahs a d\u00e9clar\u00e9 : \u00ab\u00a0J&#8217;ai \u00e9t\u00e9 en isolement pendant 2 ans dans les prisons d&#8217;Evine et de Gohardasht. J&#8217;ai \u00e9galement pass\u00e9 du temps dans la prison de Ghezel-Hessar, un lieu de d\u00e9tention r\u00e9pugnant cr\u00e9\u00e9 par le r\u00e9gime pour briser la volont\u00e9 des femmes affili\u00e9es \u00e0 l&#8217;OMPI. Les femmes d\u00e9tenues dans cette prison pendant un an ou plus sont devenues mentalement instables en raison des conditions inhumaines et n&#8217;ont m\u00eame pas pu expliquer ce qui leur \u00e9tait arriv\u00e9. Celles qui se sont r\u00e9tablies ont pu d\u00e9crire comment elles ont \u00e9t\u00e9 oblig\u00e9es de se mettre \u00e0 quatre pattes et de crier comme des animaux pendant que leurs tortionnaires leur montaient sur le dos. Plusieurs de ces femmes avaient \u00e9t\u00e9 viol\u00e9es.\u00a0\u00bb<\/p>\n<p>\u00ab\u00a0Nous repr\u00e9sentons la g\u00e9n\u00e9ration qui a souffert de la torture et de l&#8217;ex\u00e9cution par milliers pour obtenir la libert\u00e9. C&#8217;est pourquoi nous avons choisi l&#8217;OMPI, avec tout notre amour et notre foi, en empruntant ce chemin les yeux grands ouverts. Nous l&#8217;avons fait en toute connaissance des risques, et nous avons choisi de tout sacrifier pour apporter la libert\u00e9 et la justice \u00e0 notre peuple.\u00a0\u00bb<\/p>\n<p>\u00ab\u00a0Le changement se produira en Iran avec l\u2019OMPI. Nous sommes d\u00e9termin\u00e9s, et nous allons renverser ce r\u00e9gime et aucun obstacle ne nous en emp\u00eachera.\u00a0\u00bb<\/p>\n<p><img decoding=\"async\" class=\"alignnone wp-image-11446 size-full lazyload\" src=\"data:image\/gif;base64,R0lGODlhAQABAIAAAAAAAP\/\/\/yH5BAEAAAAALAAAAAABAAEAAAIBRAA7\" data-src=\"https:\/\/wncri.org\/fr\/wp-content\/uploads\/2020\/07\/Damona_Taavoni.jpg\" alt=\"Damona Taavoni\" width=\"750\" height=\"375\" \/><noscript><img decoding=\"async\" class=\"alignnone wp-image-11446 size-full lazyload\" src=\"https:\/\/wncri.org\/fr\/wp-content\/uploads\/2020\/07\/Damona_Taavoni.jpg\" alt=\"Damona Taavoni\" width=\"750\" height=\"375\" srcset=\"https:\/\/wncri.org\/fr\/wp-content\/uploads\/2020\/07\/Damona_Taavoni.jpg 750w, https:\/\/wncri.org\/fr\/wp-content\/uploads\/2020\/07\/Damona_Taavoni-300x150.jpg 300w, https:\/\/wncri.org\/fr\/wp-content\/uploads\/2020\/07\/Damona_Taavoni-360x180.jpg 360w\" sizes=\"(max-width: 750px) 100vw, 750px\" \/><\/noscript>L&#8217;oratrice suivante \u00e9tait <strong>Damona Taavoni<\/strong>. Dans son discours, elle a d\u00e9clar\u00e9 : \u00ab\u00a0Mon p\u00e8re a \u00e9t\u00e9 ex\u00e9cut\u00e9 lors du massacre de 1988. Ma m\u00e8re \u00e9tait une militante politique ; j&#8217;ai \u00e9t\u00e9 arr\u00eat\u00e9e avec elle \u00e0 deux reprises et j&#8217;ai connu la prison quand j&#8217;\u00e9tais enfant. La deuxi\u00e8me fois que je suis all\u00e9e en prison, je n&#8217;avais que 6 ans. Je me souviens des prisonniers aux yeux band\u00e9s, assis, les jambes en sang, devant les portes des salles d&#8217;interrogatoire. Je me souviens des voix des prisonniers qui criaient et hurlaient pendant qu&#8217;on les torturait.\u00a0\u00bb<\/p>\n<p>\u00ab\u00a0Mon p\u00e8re a \u00e9t\u00e9 ex\u00e9cut\u00e9 lors du massacre de 1988. Il fait partie de ces 30 000 noms, o\u00f9 figurent les noms de filles de 13 ans et de femmes de 60 ans.\u00a0\u00bb<\/p>\n<p>\u00ab\u00a0Maintenant, je dis \u00e0 Khamenei, Ra\u00efssi, Rohani et aux autres impliqu\u00e9s dans le massacre de 1988 et qui sont toujours au pouvoir : Les crimes horribles que vous commettez chaque jour ne font qu&#8217;ajouter \u00e0 notre d\u00e9termination de renverser votre r\u00e9gime. Le jour est proche o\u00f9 chacun d&#8217;entre vous devra rendre des comptes.\u00a0\u00bb<\/p>\n<p><img decoding=\"async\" class=\"alignnone wp-image-11451 size-full lazyload\" src=\"data:image\/gif;base64,R0lGODlhAQABAIAAAAAAAP\/\/\/yH5BAEAAAAALAAAAAABAAEAAAIBRAA7\" data-src=\"https:\/\/wncri.org\/fr\/wp-content\/uploads\/2020\/07\/Mrs.-Maryam-Rajavi-coronaviruose.jpg\" alt=\"Mme Radjavi\" width=\"750\" height=\"375\" \/><noscript><img decoding=\"async\" class=\"alignnone wp-image-11451 size-full lazyload\" src=\"https:\/\/wncri.org\/fr\/wp-content\/uploads\/2020\/07\/Mrs.-Maryam-Rajavi-coronaviruose.jpg\" alt=\"Mme Radjavi\" width=\"750\" height=\"375\" srcset=\"https:\/\/wncri.org\/fr\/wp-content\/uploads\/2020\/07\/Mrs.-Maryam-Rajavi-coronaviruose.jpg 750w, https:\/\/wncri.org\/fr\/wp-content\/uploads\/2020\/07\/Mrs.-Maryam-Rajavi-coronaviruose-300x150.jpg 300w, https:\/\/wncri.org\/fr\/wp-content\/uploads\/2020\/07\/Mrs.-Maryam-Rajavi-coronaviruose-360x180.jpg 360w\" sizes=\"(max-width: 750px) 100vw, 750px\" \/><\/noscript>Mme Maryam Radjavi, pr\u00e9sidente \u00e9lue du Conseil national de la R\u00e9sistance iranienne (CNRI), a assist\u00e9 \u00e0 la c\u00e9r\u00e9monie. Elle a visit\u00e9 les photo-m\u00e9moriaux des soul\u00e8vements de 2019 en Iran et a rendu hommage aux 1 500 manifestants tu\u00e9s, ainsi qu&#8217;aux victimes innocentes du coronavirus.<\/p>\n<p>S&#8217;exprimant \u00e0 cette conf\u00e9rence, Mme Maryam Radjavi a qualifi\u00e9 le massacre de 1988 de \u00ab\u00a0plus grand crime contre l&#8217;humanit\u00e9 rest\u00e9 impuni\u00a0\u00bb. En lan\u00e7ant une fatwa ordonnant le massacre de 1988, Khomeiny avait l&#8217;intention d&#8217;an\u00e9antir, \u00e0 la mani\u00e8re des Mongoles, la g\u00e9n\u00e9ration de l&#8217;OMPI\/MEK, pour garantir son r\u00e9gime. \u00a0C&#8217;est pourquoi depuis le tout d\u00e9but, lorsque les d\u00e9tails de ce massacre ont \u00e9t\u00e9 r\u00e9v\u00e9l\u00e9s, nous avons demand\u00e9 que les commanditaires et les auteurs de ce grand crime contre l&#8217;humanit\u00e9 soient traduits en justice.\u00a0\u00bb<\/p>\n<p>Mme Radjavi, s\u2019est \u00e9galement adress\u00e9 aux Iraniens en Iran : &#8220;F\u00e9licitations pour avoir contraint le r\u00e9gime cl\u00e9rical et son syst\u00e8me judiciaire criminel \u00e0 reculer et \u00e0 suspendre les ex\u00e9cutions de trois jeunes manifestants au lendemain d&#8217;une temp\u00eate d&#8217;indignation sur les r\u00e9seaux sociaux avec plus de 11 millions de protestations. Cependant, le pouvoir judiciaire des mollahs a condamn\u00e9 trois courageux jeunes Kurdes de Saqqez \u00e0 un total de 16 ans de prison pour avoir mis le feu \u00e0 des affiches de Qassem Soleimani.<\/p>\n<p>\u00ab\u00a0Ainsi, la fureur et les protestations du peuple iranien se poursuivront jusqu&#8217;\u00e0 la victoire finale et le renversement du r\u00e9gime cl\u00e9rical.<\/p>\n<p>\u00ab\u00a0De plus, \u00e0 Behbahan, le r\u00e9gime a eu recours \u00e0 une contre-manifestation, en scandant ses slogans de mort habituels contre les Moudjahidine. Mais cette mise en sc\u00e8ne ne r\u00e9sout en rien ses probl\u00e8mes incurables, notamment la valeur de la monnaie du pays, qui a chut\u00e9 \u00e0 26 000 tomans pour un dollar.\u00a0\u00bb<\/p>\n<figure id=\"attachment_11447\" aria-describedby=\"caption-attachment-11447\" style=\"width: 750px\" class=\"wp-caption alignnone\"><img decoding=\"async\" class=\"wp-image-11447 size-full lazyload\" src=\"data:image\/gif;base64,R0lGODlhAQABAIAAAAAAAP\/\/\/yH5BAEAAAAALAAAAAABAAEAAAIBRAA7\" data-src=\"https:\/\/wncri.org\/fr\/wp-content\/uploads\/2020\/07\/Els-Van-Hoof.jpg\" alt=\"Els Van Hoof\" width=\"750\" height=\"375\" \/><figcaption id=\"caption-attachment-11447\" class=\"wp-caption-text\"><noscript><img decoding=\"async\" class=\"wp-image-11447 size-full lazyload\" src=\"https:\/\/wncri.org\/fr\/wp-content\/uploads\/2020\/07\/Els-Van-Hoof.jpg\" alt=\"Els Van Hoof\" width=\"750\" height=\"375\" srcset=\"https:\/\/wncri.org\/fr\/wp-content\/uploads\/2020\/07\/Els-Van-Hoof.jpg 750w, https:\/\/wncri.org\/fr\/wp-content\/uploads\/2020\/07\/Els-Van-Hoof-300x150.jpg 300w, https:\/\/wncri.org\/fr\/wp-content\/uploads\/2020\/07\/Els-Van-Hoof-360x180.jpg 360w\" sizes=\"(max-width: 750px) 100vw, 750px\" \/><\/noscript> Els Van Hoof<\/figcaption><\/figure>\n<p><strong>Els Van Hoof, <\/strong>pr\u00e9sidente de la Commission des relations ext\u00e9rieures du Parlement f\u00e9d\u00e9ral belge, a \u00e9galement pris la parole lors du sommet. Elle a d\u00e9clar\u00e9 : &#8220;Dans mon travail parlementaire, mes premi\u00e8res pens\u00e9es vont toujours \u00e0 ceux qui souffrent. \u00c0 ceux qui ne sont pas consid\u00e9r\u00e9s comme des \u00e9gaux, ceux qui n&#8217;ont pas acc\u00e8s \u00e0 la libert\u00e9 et \u00e0 l&#8217;\u00e9galit\u00e9 des chances. La violence syst\u00e9matique du r\u00e9gime iranien et la r\u00e9pression de ses droits doivent \u00eatre combattues. Une fois de plus, je d\u00e9clare mon soutien \u00e0 votre mouvement, dirig\u00e9 par Mme Radjavi, et je vous souhaite la victoire dans votre lutte pour les droits humains et la d\u00e9mocratie en Iran.&#8221;<\/p>\n<figure id=\"attachment_11452\" aria-describedby=\"caption-attachment-11452\" style=\"width: 750px\" class=\"wp-caption alignnone\"><img decoding=\"async\" class=\"wp-image-11452 size-full lazyload\" src=\"data:image\/gif;base64,R0lGODlhAQABAIAAAAAAAP\/\/\/yH5BAEAAAAALAAAAAABAAEAAAIBRAA7\" data-src=\"https:\/\/wncri.org\/fr\/wp-content\/uploads\/2020\/07\/Reneta_Polverini.jpg\" alt=\"Renata Polverini\" width=\"750\" height=\"375\" \/><figcaption id=\"caption-attachment-11452\" class=\"wp-caption-text\"><noscript><img decoding=\"async\" class=\"wp-image-11452 size-full lazyload\" src=\"https:\/\/wncri.org\/fr\/wp-content\/uploads\/2020\/07\/Reneta_Polverini.jpg\" alt=\"Renata Polverini\" width=\"750\" height=\"375\" srcset=\"https:\/\/wncri.org\/fr\/wp-content\/uploads\/2020\/07\/Reneta_Polverini.jpg 750w, https:\/\/wncri.org\/fr\/wp-content\/uploads\/2020\/07\/Reneta_Polverini-300x150.jpg 300w, https:\/\/wncri.org\/fr\/wp-content\/uploads\/2020\/07\/Reneta_Polverini-360x180.jpg 360w\" sizes=\"(max-width: 750px) 100vw, 750px\" \/><\/noscript> Renata Polverini<\/figcaption><\/figure>\n<p>Souhaitant un succ\u00e8s au peuple iranien qui lutte contre la dictature r\u00e9gime, <strong>Renata Polverini<\/strong>, vice-pr\u00e9sidente de la commission du Travail du Parlement italien, a d\u00e9clar\u00e9 : \u00ab\u00a0Lorsque j&#8217;ai fait votre connaissance, le Camp Liberty \u00e9tait attaqu\u00e9 dans ce qui est devenu une crise humanitaire. Je suis honor\u00e9e d\u2019avoir \u00e9t\u00e9 pr\u00e9sente pour accueillir des bless\u00e9s de cette attaque. En tant que d\u00e9put\u00e9e, j&#8217;ai essay\u00e9 depuis lors de ne pas manquer une seule occasion sur le chemin de la justice.\u00a0\u00bb<\/p>\n<figure id=\"attachment_11449\" aria-describedby=\"caption-attachment-11449\" style=\"width: 750px\" class=\"wp-caption alignnone\"><img decoding=\"async\" class=\"wp-image-11449 size-full lazyload\" src=\"data:image\/gif;base64,R0lGODlhAQABAIAAAAAAAP\/\/\/yH5BAEAAAAALAAAAAABAAEAAAIBRAA7\" data-src=\"https:\/\/wncri.org\/fr\/wp-content\/uploads\/2020\/07\/Ingrid-Betancourt.jpg\" alt=\"Ingrid Betancourt\" width=\"750\" height=\"375\" \/><figcaption id=\"caption-attachment-11449\" class=\"wp-caption-text\"><noscript><img decoding=\"async\" class=\"wp-image-11449 size-full lazyload\" src=\"https:\/\/wncri.org\/fr\/wp-content\/uploads\/2020\/07\/Ingrid-Betancourt.jpg\" alt=\"Ingrid Betancourt\" width=\"750\" height=\"375\" srcset=\"https:\/\/wncri.org\/fr\/wp-content\/uploads\/2020\/07\/Ingrid-Betancourt.jpg 750w, https:\/\/wncri.org\/fr\/wp-content\/uploads\/2020\/07\/Ingrid-Betancourt-300x150.jpg 300w, https:\/\/wncri.org\/fr\/wp-content\/uploads\/2020\/07\/Ingrid-Betancourt-360x180.jpg 360w\" sizes=\"(max-width: 750px) 100vw, 750px\" \/><\/noscript> Ingrid Betancourt<\/figcaption><\/figure>\n<p><strong>Ingrid Betancourt<\/strong>, ancienne candidate \u00e0 la pr\u00e9sidence colombienne, s&#8217;est adress\u00e9e \u00e0 la conf\u00e9rence en d\u00e9clarant : \u00ab\u00a0Le peuple iranien crie \u00ab\u00a0A bas le tyran, qu\u2019il soit chah ou mollah\u00a0\u00bb. Il fait r\u00e9f\u00e9rence \u00e0 une alliance en cours. Les monarchistes et les th\u00e9ocrates sont constamment de connivence contre les combattants de la libert\u00e9 en Iran. Le peuple iranien, dans les rues de l&#8217;Iran, nous dit qu&#8217;il comprend mieux que quiconque comment ces deux forces travaillent ensemble. Les Iraniens comprennent que la meilleure fa\u00e7on de faire rendre des comptes aux criminels pour leurs 40 ann\u00e9es de crime est de renverser ce r\u00e9gime.\u00a0\u00bb<\/p>\n<figure id=\"attachment_11445\" aria-describedby=\"caption-attachment-11445\" style=\"width: 750px\" class=\"wp-caption alignnone\"><img decoding=\"async\" class=\"wp-image-11445 size-full lazyload\" src=\"data:image\/gif;base64,R0lGODlhAQABAIAAAAAAAP\/\/\/yH5BAEAAAAALAAAAAABAAEAAAIBRAA7\" data-src=\"https:\/\/wncri.org\/fr\/wp-content\/uploads\/2020\/07\/Baroness_Betty-Boothroyd.jpg\" alt=\"La baronne Betty Boothroyd\" width=\"750\" height=\"375\" \/><figcaption id=\"caption-attachment-11445\" class=\"wp-caption-text\"><noscript><img decoding=\"async\" class=\"wp-image-11445 size-full lazyload\" src=\"https:\/\/wncri.org\/fr\/wp-content\/uploads\/2020\/07\/Baroness_Betty-Boothroyd.jpg\" alt=\"La baronne Betty Boothroyd\" width=\"750\" height=\"375\" srcset=\"https:\/\/wncri.org\/fr\/wp-content\/uploads\/2020\/07\/Baroness_Betty-Boothroyd.jpg 750w, https:\/\/wncri.org\/fr\/wp-content\/uploads\/2020\/07\/Baroness_Betty-Boothroyd-300x150.jpg 300w, https:\/\/wncri.org\/fr\/wp-content\/uploads\/2020\/07\/Baroness_Betty-Boothroyd-360x180.jpg 360w\" sizes=\"(max-width: 750px) 100vw, 750px\" \/><\/noscript> La baronne Betty Boothroyd<\/figcaption><\/figure>\n<p><strong>La baronne Betty Boothroyd<\/strong>, ancienne pr\u00e9sidente de la Chambre des Communes britannique, a \u00e9galement pris la parole lors du sommet. Elle a r\u00e9affirm\u00e9 son soutien continu \u00e0 la R\u00e9sistance iranienne, en d\u00e9clarant : \u00ab\u00a0Ce que nous d\u00e9montrons, c&#8217;est que m\u00eame une pand\u00e9mie ne peut nous emp\u00eacher de nous tenir aux c\u00f4t\u00e9s du courageux peuple iranien alors que nous soutenons ses efforts pour un changement d\u00e9mocratique en Iran. Maryam Radjavi et son message de libert\u00e9 appellent \u00e0 un changement complet du r\u00e9gime. Son plan <a href=\"https:\/\/www.maryam-rajavi.com\/fr\/points-de-vue\/programme-politique-iran\" target=\"_blank\" rel=\"noopener noreferrer\">en dix points<\/a> offre une alternative d\u00e9mocratique aux g\u00e9n\u00e9rations futures en Iran et donne aux femmes une chance de diriger leur pays. C&#8217;est pour cela que nous nous battons.\u00a0\u00bb<\/p>\n<p>Parmi les personnalit\u00e9s et juristes \u00e9minents qui ont pris la parole lors de la conf\u00e9rence, citons Henri Leclerc, \u00e9minent avocat fran\u00e7ais et pr\u00e9sident honoraire de la Ligue des droits de l&#8217;homme ; Els Van Hoof, pr\u00e9sidente de la commission des relations ext\u00e9rieures de la Chambre des d\u00e9put\u00e9s belge ; la Baronne Boothroyd, ancienne pr\u00e9sidente de la Chambre des Communes britannique, Renata Polverini, d\u00e9put\u00e9e italienne et ancienne pr\u00e9sidente de la r\u00e9gion du Latium ; Giulio Terzi, ancien ministre italien des affaires \u00e9trang\u00e8res, Saleh \u0650Al-Qallab, ancien ministre jordanien de l&#8217;information\u00a0: Geoffrey Robertson QC, avocat sp\u00e9cialis\u00e9 dans les droits de l&#8217;homme\u00a0; Ingrid Betancourt, \u00e9crivaine et candidate colombienne \u00e0 la pr\u00e9sidence ; Steve McCabe, d\u00e9put\u00e9 britannique, le s\u00e9nateur Lucio Malan, vice-pr\u00e9sident honoraire du Parti italien du peuple de la libert\u00e9 ; le s\u00e9nateur Leo Housakos, s\u00e9nateur canadien ; l&#8217;ambassadeur Lincoln Bloomfield, ancien vice-secr\u00e9taire d&#8217;\u00c9tat am\u00e9ricain aux affaires politico-militaires ; Alejo Vidal Quadras, ancien vice-pr\u00e9sident du Parlement europ\u00e9en ; Struan Stevenson, ancien pr\u00e9sident de la d\u00e9l\u00e9gation du Parlement europ\u00e9en pour les relations avec l&#8217;Irak le professeur Alan Dershowitz, avocat am\u00e9ricain des droits civils, l&#8217;ambassadeur Ken Blackwell, ex-ambassadeur des \u00c9tats-Unis aupr\u00e8s de la Commission des droits de l&#8217;homme des Nations unies ; Sir Geoffrey Bindman, repr\u00e9sentant de la Commission internationale des juristes pour les missions des droits de l&#8217;homme ; Taissir Tamimi, ancien juge en chef islamique de l&#8217;Autorit\u00e9 nationale palestinienne ; Tahar Boumedra, ancien chef du Bureau des droits de l&#8217;homme de la Mission d&#8217;assistance des Nations unies pour l&#8217;Irak (MANUI) ; et Lars Rise, pr\u00e9sident du Comit\u00e9 des amis d&#8217;un Iran libre en Norv\u00e8ge.<\/p>\n<p>&nbsp;<\/p>\n","protected":false},"excerpt":{"rendered":"<p>CNRI Femmes &#8211; Le dimanche 19 juillet 2020 marque le deuxi\u00e8me jour du Sommet mondial pour un Iran libre avec une conf\u00e9rence internationale virtuelle intitul\u00e9e \u00ab\u00a0Le massacre de 1988, un crime contre l&#8217;humanit\u00e9, reste impuni 32 ans apr\u00e8s\u00a0\u00bb, qui s&#8217;est tenue \u00e0 Ashraf-3, en Albanie. Plusieurs personnalit\u00e9s de premier plan, notamment des parlementaires, et d&#8217;anciens [&hellip;]<\/p>\n","protected":false},"author":4,"featured_media":11450,"comment_status":"closed","ping_status":"closed","sticky":false,"template":"","format":"standard","meta":{"jnews-multi-image_gallery":[],"jnews_single_post":{"source_name":"","source_url":"","via_name":"","via_url":"","override_template":"0","override":[{"template":"1","single_blog_custom":"","parallax":"1","fullscreen":"0","layout":"right-sidebar","sidebar":"default-sidebar","second_sidebar":"default-sidebar","sticky_sidebar":"1","share_position":"top","share_float_style":"share-monocrhome","show_share_counter":"1","show_view_counter":"1","show_featured":"1","show_post_meta":"1","show_post_author":"1","show_post_author_image":"1","show_post_date":"1","post_date_format":"default","post_date_format_custom":"Y\/m\/d","show_post_category":"1","show_post_reading_time":"0","post_reading_time_wpm":"300","show_zoom_button":"0","zoom_button_out_step":"2","zoom_button_in_step":"3","show_post_tag":"1","show_prev_next_post":"1","show_popup_post":"1","number_popup_post":"1","show_author_box":"0","show_post_related":"0","show_inline_post_related":"0"}],"override_image_size":"0","image_override":[{"single_post_thumbnail_size":"crop-500","single_post_gallery_size":"crop-500"}],"trending_post":"0","trending_post_position":"meta","trending_post_label":"Trending","sponsored_post":"0","sponsored_post_label":"Sponsored by","sponsored_post_name":"","sponsored_post_url":"","sponsored_post_logo_enable":"0","sponsored_post_logo":"","sponsored_post_desc":""},"jnews_primary_category":{"id":""},"jnews_social_meta":[],"jnews_override_counter":{"override_view_counter":"0","view_counter_number":"0","override_share_counter":"0","share_counter_number":"0","override_like_counter":"0","like_counter_number":"0","override_dislike_counter":"0","dislike_counter_number":"0"},"footnotes":""},"categories":[8],"tags":[373],"class_list":["post-11444","post","type-post","status-publish","format-standard","has-post-thumbnail","hentry","category-articles","tag-le-leadership-des-femmes"],"_links":{"self":[{"href":"https:\/\/wncri.org\/fr\/wp-json\/wp\/v2\/posts\/11444","targetHints":{"allow":["GET"]}}],"collection":[{"href":"https:\/\/wncri.org\/fr\/wp-json\/wp\/v2\/posts"}],"about":[{"href":"https:\/\/wncri.org\/fr\/wp-json\/wp\/v2\/types\/post"}],"author":[{"embeddable":true,"href":"https:\/\/wncri.org\/fr\/wp-json\/wp\/v2\/users\/4"}],"replies":[{"embeddable":true,"href":"https:\/\/wncri.org\/fr\/wp-json\/wp\/v2\/comments?post=11444"}],"version-history":[{"count":0,"href":"https:\/\/wncri.org\/fr\/wp-json\/wp\/v2\/posts\/11444\/revisions"}],"wp:featuredmedia":[{"embeddable":true,"href":"https:\/\/wncri.org\/fr\/wp-json\/wp\/v2\/media\/11450"}],"wp:attachment":[{"href":"https:\/\/wncri.org\/fr\/wp-json\/wp\/v2\/media?parent=11444"}],"wp:term":[{"taxonomy":"category","embeddable":true,"href":"https:\/\/wncri.org\/fr\/wp-json\/wp\/v2\/categories?post=11444"},{"taxonomy":"post_tag","embeddable":true,"href":"https:\/\/wncri.org\/fr\/wp-json\/wp\/v2\/tags?post=11444"}],"curies":[{"name":"wp","href":"https:\/\/api.w.org\/{rel}","templated":true}]}}