{"id":11414,"date":"2020-07-22T13:03:36","date_gmt":"2020-07-22T11:03:36","guid":{"rendered":"https:\/\/wncri.org\/fr\/?p=11414"},"modified":"2020-07-23T13:45:16","modified_gmt":"2020-07-23T11:45:16","slug":"crime-silencieux-au-covid-19-contre-les-prisonnieres-politiques-resistantes","status":"publish","type":"post","link":"https:\/\/wncri.org\/fr\/2020\/07\/22\/crime-silencieux-au-covid-19-contre-les-prisonnieres-politiques-resistantes\/","title":{"rendered":"Crime silencieux au Covid-19 contre les prisonni\u00e8res politiques r\u00e9sistantes"},"content":{"rendered":"<p>CNRI Femmes &#8211; Avec l&#8217;\u00e9mergence du r\u00f4le des femmes dans les soul\u00e8vements de 2019 et 2020 en Iran, les prisonni\u00e8res politiques r\u00e9sistante sont une fois de plus la cible du r\u00e9gime cl\u00e9rical qui fabriquant des dossiers sans fondement \u00e0 leur encontre pour les maintenir derri\u00e8re les barreaux. Pendant ce temps, l\u2019\u00e9pid\u00e9mie de <a href=\"https:\/\/www.maryam-rajavi.com\/fr\/item\/maryam-radjavi-iran-66-900-coronavirus-342-villes\" target=\"_blank\" rel=\"noopener noreferrer\">Covid-19<\/a> a cr\u00e9\u00e9 pour les mollahs l\u2019opportunit\u00e9 <a href=\"https:\/\/wncri.org\/fr\/2020\/04\/06\/la-vie-des-prisonnieres-politiques-en-danger-dans-lepidemie-de-coronavirus\/\" target=\"_blank\" rel=\"noopener noreferrer\">d&#8217;\u00e9liminer physiquement<\/a> ses opposants. Sous le couvert des ravages du coronavirus, le r\u00e9gime cherche \u00e0 \u00e9liminer discr\u00e8tement ses opposants en \u00e9vitant les condamnations internationales.<\/p>\n<h4><strong>Nouvelles mesures r\u00e9pressives contre les prisonni\u00e8res politiques r\u00e9sistantes<\/strong><\/h4>\n<p>En pleine crise du coronavirus, les prisonni\u00e8res politiques les plus r\u00e9sistantes et d&#8217;\u00e9minentes militantes font l&#8217;objet de nouvelles poursuites, de nouvelles condamnations et d&#8217;autres formes de r\u00e9pression et de harc\u00e8lement.<\/p>\n<p>Des agents du bureau du procureur ont p\u00e9n\u00e9tr\u00e9 dans la maison de <a href=\"https:\/\/wncri.org\/fr\/2020\/05\/08\/la-prisonniere-politique-fatemeh-mosanna-renvoyee-en-prison-malgre-lepidemie-de-covid-19\/\" target=\"_blank\" rel=\"noopener noreferrer\">Fatemeh Mosanna<\/a> sans pr\u00e9avis. Ils l&#8217;ont menott\u00e9e et emmen\u00e9e \u00e0 la prison d&#8217;Evine pour y purger sa peine. Les agents ont perp\u00e9tr\u00e9 cet acte brutal le 6 mai 2020, devant sa fille et son fils. Mme Mossanna avait \u00e9t\u00e9 lib\u00e9r\u00e9e sous caution de la prison d&#8217;Evine le 31 mars 2020.<\/p>\n<p>La prisonni\u00e8re politique Maryam <a href=\"https:\/\/wncri.org\/fr\/2020\/06\/11\/davantage-de-pression-sur-les-prisonnieres-politiques-avec-de-fausses-accusations\/\" target=\"_blank\" rel=\"noopener noreferrer\">Akbari-Monfared<\/a> a re\u00e7u une convocation orale au tribunal d&#8217;Evine le 10 juin 2020. Les nouvelles accusations port\u00e9es contre elle incluent le fait d&#8217;avoir scand\u00e9 des slogans dans la nuit du 11 f\u00e9vrier 2020, date anniversaire de la r\u00e9volution iranienne de 1979 qui a renvers\u00e9 le chah. Maryam Akbari-Monfared purge sa onzi\u00e8me ann\u00e9e de d\u00e9tention \u00e0 la prison d&#8217;Evine sans m\u00eame une seule autorisation de sortie, pour un appel t\u00e9l\u00e9phonique \u00e0 sa famille qui se trouve dans l\u2019organisation des Moudjahidine du peuple d\u2019Iran (OMPI), l\u2019opposition d\u00e9mocratique aux mollahs.<\/p>\n<p>La prisonni\u00e8re politique r\u00e9sistante <a href=\"https:\/\/wncri.org\/fr\/2020\/07\/07\/force-et-resilience-message-datena-daemi-depuis-sa-prison-en-iran\/\" target=\"_blank\" rel=\"noopener noreferrer\">Atena Daemi<\/a>, qui a d\u00e9j\u00e0 purg\u00e9 5 ans, aurait d\u00fb \u00eatre lib\u00e9r\u00e9e le 4 juillet 2020. Cependant, elle a \u00e9t\u00e9 condamn\u00e9e \u00e0 5 ans suppl\u00e9mentaires et \u00e0 74 coups de fouet. Alors qu&#8217;Atena Daemi purgeait sa peine en prison, le service de renseignement du Corps des gardiens de la r\u00e9volution a d\u00e9pos\u00e9 deux nouvelles plaintes contre elle.<\/p>\n<p><a href=\"women.ncr-iran.org\/fr\/2019\/08\/22\/greve-de-la-faim-de-faranguisse-mazloumi-en-cellule-disolement-en-iran\/\" target=\"_blank\" rel=\"noopener noreferrer\">Faranguisse Mazloumi<\/a>, m\u00e8re d&#8217;un prisonnier politique et qui a \u00e9t\u00e9 personnellement d\u00e9tenue pendant quelque temps l&#8217;ann\u00e9e derni\u00e8re, a \u00e9t\u00e9 condamn\u00e9e \u00e0 6 ans de prison pour avoir eu des contacts avec l\u2019OMPI, et pour avoir diffus\u00e9 de la propagande contre l&#8217;Etat en faveur des groupes d&#8217;opposition.<\/p>\n<p><a href=\"https:\/\/wncri.org\/fr\/2020\/05\/08\/golrokh-ebrahimi-iraee-zeinab-jalalian-est-le-symbole-de-la-lutte\/\" target=\"_blank\" rel=\"noopener noreferrer\">Golrokh Ebrahimi Iraee<\/a> a \u00e9t\u00e9 condamn\u00e9e \u00e0 nouveau apr\u00e8s avoir \u00e9t\u00e9 lib\u00e9r\u00e9e de prison &#8211; cette fois \u00e0 3 ans et 7 mois. Elle est d\u00e9tenue \u00e0 la prison de Qarchak depuis le 9 novembre 2019, et s&#8217;est vue refuser une permission de sortir.<\/p>\n<p>La prisonni\u00e8re politique <a href=\"https:\/\/wncri.org\/fr\/2020\/07\/10\/narguesse-mohammadi-parmi-les-detenues-soupconnees-de-covid-19-a-zandjan\/\" target=\"_blank\" rel=\"noopener noreferrer\">Narguesse Mohammadi<\/a> a \u00e9t\u00e9 \u00e9loign\u00e9e \u00e0 la prison de Zandjan pour avoir organis\u00e9 un sit-in de protestation \u00e0 la prison d&#8217;Evine, en solidarit\u00e9 avec les familles des tu\u00e9es du soul\u00e8vement de novembre 2019. Mme Mohammadi a \u00e9t\u00e9 priv\u00e9e de ses droits fondamentaux depuis son transfert \u00e0 la prison de Zanjan le 25 d\u00e9cembre 2019. La militante des droits humains a annonc\u00e9 qu&#8217;elle avait \u00e9t\u00e9 agress\u00e9e physiquement et insult\u00e9e par Gholamreza Zia\u2019i, le directeur de la prison d&#8217;Evine.<\/p>\n<p>&nbsp;<\/p>\n<p>Les agents des services de renseignement ont fait sortir <a href=\"https:\/\/wncri.org\/fr\/2020\/07\/03\/la-prisonniere-politique-zeinab-jalalian-peut-etre-transferee-a-la-prison-de-kerman\/\" target=\"_blank\" rel=\"noopener noreferrer\">Zeinab Jalalian<\/a> de la prison de Khoy le 29 avril 2020, avant de la transf\u00e9rer \u00e0 la prison de Qarchak au bout de deux jours. Zeinab Jalalian a entam\u00e9 une gr\u00e8ve de la faim le 20 juin, exigeant d\u2019\u00eatre renvoy\u00e9e \u00e0 la prison de Khoy ou transf\u00e9r\u00e9e \u00e0 la prison d&#8217;Evine, apr\u00e8s avoir \u00e9t\u00e9 contamin\u00e9e par le coronavirus. Cependant, des agents des services de renseignement l&#8217;ont transf\u00e9r\u00e9e dans un lieu inconnu au 6\u00e8me jour de sa gr\u00e8ve de la faim. Selon la famille Jalalian, Zeinab a probablement \u00e9t\u00e9 transf\u00e9r\u00e9e \u00e0 la prison de Kerman.<\/p>\n<p>Les anciennes prisonni\u00e8res politiques <a href=\"https:\/\/wncri.org\/fr\/2019\/07\/12\/sedigheh-moradi-et-son-mari-arretes-par-les-services-de-renseignement-en-iran\/\" target=\"_blank\" rel=\"noopener noreferrer\">Sedigheh Moradi<\/a> et Zahra Akbari-Nejad Dorcheh ont \u00e9galement \u00e9t\u00e9 condamn\u00e9es chacune \u00e0 95 jours de prison. Leurs peines ont \u00e9t\u00e9 annonc\u00e9es par le tribunal d&#8217;Evine au d\u00e9but du mois de juillet 2020.<\/p>\n<p><strong>\u00a0<\/strong><\/p>\n<h4><strong>Arrestations et mesures r\u00e9pressives contre d&#8217;autres militantes<\/strong><\/h4>\n<p>Parmi les autres prisonniers politiques<a href=\"https:\/\/wncri.org\/fr\/2020\/05\/06\/la-resistance-iranienne-publie-les-noms-de-20-personnes-dont-six-femmes-sous-la-torture\/\" target=\"_blank\" rel=\"noopener noreferrer\">, Parastoo Mo\u2019ini et Forough Taghipour<\/a> ont \u00e9t\u00e9 arr\u00eat\u00e9es le 24 f\u00e9vrier 2020, accus\u00e9s de soutenir l&#8217;OMPI\/MEK. Elles ont \u00e9t\u00e9 transf\u00e9r\u00e9es au centre de d\u00e9tention du minist\u00e8re du Renseignement.<\/p>\n<p>Dans la troisi\u00e8me semaine d&#8217;avril 2020, les deux prisonni\u00e8res ont \u00e9t\u00e9 transf\u00e9r\u00e9es de la prison d&#8217;Evine \u00e0 celle de Qarchak. Pendant leurs 5 mois d&#8217;incarc\u00e9ration, elles ont \u00e9t\u00e9 soumises \u00e0 une intense pression pour des aveux t\u00e9l\u00e9vis\u00e9s.<\/p>\n<p><a href=\"https:\/\/wncri.org\/fr\/2020\/06\/21\/une-prisonniere-politique-kurde-tabassee-a-la-prison-de-qarchak\/\" target=\"_blank\" rel=\"noopener noreferrer\">Sakineh Parvaneh,<\/a> une prisonni\u00e8re politique kurde emprisonn\u00e9e dans la prison Qarchak \u00e0 Varamin, a \u00e9t\u00e9 condamn\u00e9e \u00e0 5 ans de prison et s&#8217;est vu interdire pendant 2 ans l&#8217;appartenance \u00e0 des groupes politiques. Elle a \u00e9t\u00e9 arr\u00eat\u00e9e le 7 f\u00e9vrier 2020 et transf\u00e9r\u00e9e au centre de d\u00e9tention d&#8217;Evine. La prisonni\u00e8re politique a \u00e9t\u00e9 battue \u00e0 plusieurs reprises depuis son arrestation et a \u00e9t\u00e9 conduite \u00e0 plusieurs reprises dans un h\u00f4pital psychiatrique.<\/p>\n<figure id=\"attachment_11421\" aria-describedby=\"caption-attachment-11421\" style=\"width: 300px\" class=\"wp-caption alignright\"><img decoding=\"async\" class=\"wp-image-11421  lazyload\" src=\"data:image\/gif;base64,R0lGODlhAQABAIAAAAAAAP\/\/\/yH5BAEAAAAALAAAAAABAAEAAAIBRAA7\" data-src=\"https:\/\/wncri.org\/fr\/wp-content\/uploads\/2020\/07\/Soha-Mortezaii-min.jpg\" alt=\"Soha Morteza'i\" width=\"300\" height=\"300\" \/><figcaption id=\"caption-attachment-11421\" class=\"wp-caption-text\"><noscript><img decoding=\"async\" class=\"wp-image-11421  lazyload\" src=\"https:\/\/wncri.org\/fr\/wp-content\/uploads\/2020\/07\/Soha-Mortezaii-min.jpg\" alt=\"Soha Morteza'i\" width=\"300\" height=\"300\" srcset=\"https:\/\/wncri.org\/fr\/wp-content\/uploads\/2020\/07\/Soha-Mortezaii-min.jpg 300w, https:\/\/wncri.org\/fr\/wp-content\/uploads\/2020\/07\/Soha-Mortezaii-min-150x150.jpg 150w, https:\/\/wncri.org\/fr\/wp-content\/uploads\/2020\/07\/Soha-Mortezaii-min-75x75.jpg 75w\" sizes=\"(max-width: 300px) 100vw, 300px\" \/><\/noscript> Soha Morteza&#8217;i<\/figcaption><\/figure>\n<figure id=\"attachment_11417\" aria-describedby=\"caption-attachment-11417\" style=\"width: 300px\" class=\"wp-caption alignnone\"><img decoding=\"async\" class=\"wp-image-11417  lazyload\" src=\"data:image\/gif;base64,R0lGODlhAQABAIAAAAAAAP\/\/\/yH5BAEAAAAALAAAAAABAAEAAAIBRAA7\" data-src=\"https:\/\/wncri.org\/fr\/wp-content\/uploads\/2020\/07\/Nahid-Khodajoo-min.jpg\" alt=\"Nahid Khodajou\" width=\"300\" height=\"300\" \/><figcaption id=\"caption-attachment-11417\" class=\"wp-caption-text\"><noscript><img decoding=\"async\" class=\"wp-image-11417  lazyload\" src=\"https:\/\/wncri.org\/fr\/wp-content\/uploads\/2020\/07\/Nahid-Khodajoo-min.jpg\" alt=\"Nahid Khodajou\" width=\"300\" height=\"300\" srcset=\"https:\/\/wncri.org\/fr\/wp-content\/uploads\/2020\/07\/Nahid-Khodajoo-min.jpg 300w, https:\/\/wncri.org\/fr\/wp-content\/uploads\/2020\/07\/Nahid-Khodajoo-min-150x150.jpg 150w, https:\/\/wncri.org\/fr\/wp-content\/uploads\/2020\/07\/Nahid-Khodajoo-min-75x75.jpg 75w\" sizes=\"(max-width: 300px) 100vw, 300px\" \/><\/noscript> Nahid Khodajou<\/figcaption><\/figure>\n<figure id=\"attachment_11416\" aria-describedby=\"caption-attachment-11416\" style=\"width: 300px\" class=\"wp-caption alignleft\"><img decoding=\"async\" class=\"wp-image-11416  lazyload\" src=\"data:image\/gif;base64,R0lGODlhAQABAIAAAAAAAP\/\/\/yH5BAEAAAAALAAAAAABAAEAAAIBRAA7\" data-src=\"https:\/\/wncri.org\/fr\/wp-content\/uploads\/2020\/07\/Mojgan-Kavousi-min.jpg\" alt=\"Mojgan Kavousi\" width=\"300\" height=\"300\" \/><figcaption id=\"caption-attachment-11416\" class=\"wp-caption-text\"><noscript><img decoding=\"async\" class=\"wp-image-11416  lazyload\" src=\"https:\/\/wncri.org\/fr\/wp-content\/uploads\/2020\/07\/Mojgan-Kavousi-min.jpg\" alt=\"Mojgan Kavousi\" width=\"300\" height=\"300\" srcset=\"https:\/\/wncri.org\/fr\/wp-content\/uploads\/2020\/07\/Mojgan-Kavousi-min.jpg 300w, https:\/\/wncri.org\/fr\/wp-content\/uploads\/2020\/07\/Mojgan-Kavousi-min-150x150.jpg 150w, https:\/\/wncri.org\/fr\/wp-content\/uploads\/2020\/07\/Mojgan-Kavousi-min-75x75.jpg 75w\" sizes=\"(max-width: 300px) 100vw, 300px\" \/><\/noscript> Mojgan Kavousi<\/figcaption><\/figure>\n<figure id=\"attachment_11420\" aria-describedby=\"caption-attachment-11420\" style=\"width: 300px\" class=\"wp-caption alignright\"><img decoding=\"async\" class=\"wp-image-11420  lazyload\" src=\"data:image\/gif;base64,R0lGODlhAQABAIAAAAAAAP\/\/\/yH5BAEAAAAALAAAAAABAAEAAAIBRAA7\" data-src=\"https:\/\/wncri.org\/fr\/wp-content\/uploads\/2020\/07\/Shora-Fekri-min.jpg\" alt=\"Shora Fekri\" width=\"300\" height=\"300\" \/><figcaption id=\"caption-attachment-11420\" class=\"wp-caption-text\"><noscript><img decoding=\"async\" class=\"wp-image-11420  lazyload\" src=\"https:\/\/wncri.org\/fr\/wp-content\/uploads\/2020\/07\/Shora-Fekri-min.jpg\" alt=\"Shora Fekri\" width=\"300\" height=\"300\" srcset=\"https:\/\/wncri.org\/fr\/wp-content\/uploads\/2020\/07\/Shora-Fekri-min.jpg 300w, https:\/\/wncri.org\/fr\/wp-content\/uploads\/2020\/07\/Shora-Fekri-min-150x150.jpg 150w, https:\/\/wncri.org\/fr\/wp-content\/uploads\/2020\/07\/Shora-Fekri-min-75x75.jpg 75w\" sizes=\"(max-width: 300px) 100vw, 300px\" \/><\/noscript> Shora Fekri<\/figcaption><\/figure>\n<p>&nbsp;<\/p>\n<p>&nbsp;<\/p>\n<p>&nbsp;<\/p>\n<p>&nbsp;<\/p>\n<p>&nbsp;<\/p>\n<p>&nbsp;<\/p>\n<p>&nbsp;<\/p>\n<p>&nbsp;<\/p>\n<figure id=\"attachment_11415\" aria-describedby=\"caption-attachment-11415\" style=\"width: 300px\" class=\"wp-caption alignleft\"><img decoding=\"async\" class=\"wp-image-11415 size-full lazyload\" src=\"data:image\/gif;base64,R0lGODlhAQABAIAAAAAAAP\/\/\/yH5BAEAAAAALAAAAAABAAEAAAIBRAA7\" data-src=\"https:\/\/wncri.org\/fr\/wp-content\/uploads\/2020\/07\/Ashraf-Nafari-min.jpg\" alt=\"Ashraf (Roghiyeh) Nafari\" width=\"300\" height=\"300\" \/><figcaption id=\"caption-attachment-11415\" class=\"wp-caption-text\"><noscript><img decoding=\"async\" class=\"wp-image-11415 size-full lazyload\" src=\"https:\/\/wncri.org\/fr\/wp-content\/uploads\/2020\/07\/Ashraf-Nafari-min.jpg\" alt=\"Ashraf (Roghiyeh) Nafari\" width=\"300\" height=\"300\" srcset=\"https:\/\/wncri.org\/fr\/wp-content\/uploads\/2020\/07\/Ashraf-Nafari-min.jpg 300w, https:\/\/wncri.org\/fr\/wp-content\/uploads\/2020\/07\/Ashraf-Nafari-min-150x150.jpg 150w, https:\/\/wncri.org\/fr\/wp-content\/uploads\/2020\/07\/Ashraf-Nafari-min-75x75.jpg 75w\" sizes=\"(max-width: 300px) 100vw, 300px\" \/><\/noscript> Ashraf (Roghiyeh) Nafari<\/figcaption><\/figure>\n<figure id=\"attachment_11422\" aria-describedby=\"caption-attachment-11422\" style=\"width: 300px\" class=\"wp-caption alignright\"><img decoding=\"async\" class=\"wp-image-11422 size-full lazyload\" src=\"data:image\/gif;base64,R0lGODlhAQABAIAAAAAAAP\/\/\/yH5BAEAAAAALAAAAAABAAEAAAIBRAA7\" data-src=\"https:\/\/wncri.org\/fr\/wp-content\/uploads\/2020\/07\/Zahra-Mohammadi-min-1.jpg\" alt=\"Zahra Mohammadi\" width=\"300\" height=\"300\" \/><figcaption id=\"caption-attachment-11422\" class=\"wp-caption-text\"><noscript><img decoding=\"async\" class=\"wp-image-11422 size-full lazyload\" src=\"https:\/\/wncri.org\/fr\/wp-content\/uploads\/2020\/07\/Zahra-Mohammadi-min-1.jpg\" alt=\"Zahra Mohammadi\" width=\"300\" height=\"300\" srcset=\"https:\/\/wncri.org\/fr\/wp-content\/uploads\/2020\/07\/Zahra-Mohammadi-min-1.jpg 300w, https:\/\/wncri.org\/fr\/wp-content\/uploads\/2020\/07\/Zahra-Mohammadi-min-1-150x150.jpg 150w, https:\/\/wncri.org\/fr\/wp-content\/uploads\/2020\/07\/Zahra-Mohammadi-min-1-75x75.jpg 75w\" sizes=\"(max-width: 300px) 100vw, 300px\" \/><\/noscript> Zahra Mohammadi<\/figcaption><\/figure>\n<p>&nbsp;<\/p>\n<p>&nbsp;<\/p>\n<p>&nbsp;<\/p>\n<p>&nbsp;<\/p>\n<p>&nbsp;<\/p>\n<p>&nbsp;<\/p>\n<p>&nbsp;<\/p>\n<p>&nbsp;<\/p>\n<p>&nbsp;<\/p>\n<p>&nbsp;<\/p>\n<p>En outre, au cours des cinq derniers mois, Massoumeh Akbari, Somayeh Ramouz, Akram Rahimpour, Zohreh Assadpour et <a title=\"Rezvaneh Ahmad-Khan-Beigi\" href=\"https:\/\/wncri.org\/fr\/2020\/04\/15\/la-prisonniere-epileptique-rezvaneh-ahmad-khan-beigui-privee-de-sortie-de-prison\/\" target=\"_blank\" rel=\"noopener noreferrer\">Rezvaneh Ahmad-Khan-Beigi<\/a> ont \u00e9t\u00e9 condamn\u00e9es \u00e0 de nouvelles peines de prison.<\/p>\n<p>Soha Morteza&#8217;i, Nahid Khodajou, Mojgan Kavousi et Shora Fekri ont \u00e9t\u00e9 convoqu\u00e9es en prison pour y purger leur peine.<\/p>\n<p>Ashraf (Roghiyeh) Nafari, \u00e9tudiante en math\u00e9matiques \u00e0 l&#8217;universit\u00e9 Khajeh-Nassir-Toussi et activiste sur Twitter, a \u00e9t\u00e9 arr\u00eat\u00e9e le 26 avril 2020 \u00e0 Shahriar. Elle a ensuite \u00e9t\u00e9 transf\u00e9r\u00e9e \u00e0 la prison de Qarchak \u00e0 Varamine.<\/p>\n<p>Le tribunal de Sanandaj a \u00e9galement condamn\u00e9 Zahra Mohammadi \u00e0 10 ans de prison. Elle avait \u00e9t\u00e9 arr\u00eat\u00e9e en mai 2019 et lib\u00e9r\u00e9e temporairement au bout de 7 mois.<\/p>\n<p>&nbsp;<\/p>\n<h4><strong>La propagation du Covid-19 dans les prisons<\/strong><\/h4>\n<p>Les arrestations et les peines s\u00e9v\u00e8res surviennent \u00e0 un moment o\u00f9 les conditions sanitaires dans les prisons sont jug\u00e9es extr\u00eamement mauvaises et o\u00f9 le virus s&#8217;est propag\u00e9 de mani\u00e8re incontr\u00f4l\u00e9e.<\/p>\n<p>Au cours de la premi\u00e8re semaine de mai 2020, plus de 50 femmes d\u00e9tenues ont \u00e9t\u00e9 infect\u00e9es par le coronavirus dans la prison de <a title=\"Sepidar \u00e0 Ahwaz\" href=\"https:\/\/wncri.org\/fr\/2020\/05\/04\/plus-de-50-prisonnieres-ont-contracte-le-covid-19-dans-le-sud-ouest-de-liran\/\" target=\"_blank\" rel=\"noopener noreferrer\">Sepidar \u00e0 Ahwaz<\/a>. Ces prisonni\u00e8res n&#8217;auraient pas acc\u00e8s \u00e0 des soins m\u00e9dicaux. Les autorit\u00e9s p\u00e9nitentiaires ne livrent m\u00eame pas les m\u00e9dicaments apport\u00e9s aux prisonni\u00e8res par leurs familles. La salle de quarantaine n&#8217;est s\u00e9par\u00e9e des autres salles que par quelques barreaux.<\/p>\n<p>Selon les nombreuses informations re\u00e7ues de la prison de Qarchak \u00e0 Varamine, au moins 130 prisonni\u00e8res sont infect\u00e9es par le coronavirus.<\/p>\n<p>Ces femmes sont d\u00e9tenues dans un lieu appel\u00e9 \u00ab\u00a0le club\u00a0\u00bb, qui est insalubre d\u00e9pourvu de ventilation ad\u00e9quate. Les prisonni\u00e8res sont priv\u00e9es de tous les soins m\u00e9dicaux.<\/p>\n<p>Le 7 juillet 2020, les responsables de la prison ont \u00e9mis un ordre de couper la communication entre les prisonni\u00e8res en quarantaine dans la section 5 et les autres d\u00e9tenues. Mais elles peuvent se rendre dans le couloir commun ou \u00e0 la cuisine de la prison sans aucune restriction.<\/p>\n<p>La propagation du coronavirus peut \u00eatre attribu\u00e9e \u00e0 un manque de services de base, \u00e0 des probl\u00e8mes avec le syst\u00e8me d&#8217;\u00e9gouts, \u00e0 l&#8217;eau saum\u00e2tre et \u00e0 des coupures d&#8217;eau continues en \u00e9t\u00e9. En outre, le manque d&#8217;installations m\u00e9dicales et sanitaires et la forte densit\u00e9 de d\u00e9tenues sont des facteurs qui contribuent \u00e0 la propagation du coronavirus en prison.<\/p>\n<p>Le 11 juillet 2020, la prisonni\u00e8re politique Narguesse Mohammadi a \u00e9crit sur les conditions de vie difficiles \u00e0 la prison de Zanjan. Elle a d\u00e9clar\u00e9 que 12 des 18 d\u00e9tenues \u00e9taient infect\u00e9es par le virus. \u00ab\u00a0Douze d&#8217;entre nous ont \u00e9t\u00e9 alit\u00e9es avec des sympt\u00f4mes de fatigue extr\u00eame, de douleurs abdominales, de diarrh\u00e9es et de vomissements, et la perte de l&#8217;odorat. Nous n&#8217;avons pas de m\u00e9dicaments et manquons de traitement ou de nourriture appropri\u00e9s\u00a0\u00bb, a-t-elle \u00e9crit.<\/p>\n<p>\u00ab\u00a0Le manque de traitement m\u00e9dical, l&#8217;espace insuffisant pour mettre les patientes en quarantaine, l&#8217;admission incontr\u00f4l\u00e9e de nouveaux prisonniers sans examen de leur \u00e9tat de sant\u00e9, ont tous conduit \u00e0 la propagation du coronavirus en prison\u00a0\u00bb, a-t-elle ajout\u00e9.<\/p>\n<p>&nbsp;<\/p>\n<h4><strong>Les prisonni\u00e8res politiques r\u00e9sistantes sont vis\u00e9es<\/strong><\/h4>\n<p>En raison de la politique inhumaine du r\u00e9gime, un certain nombre de prisonni\u00e8res politiques r\u00e9sistantes ont \u00e9t\u00e9 infect\u00e9es par le Covid-19.<\/p>\n<figure id=\"attachment_11418\" aria-describedby=\"caption-attachment-11418\" style=\"width: 300px\" class=\"wp-caption alignright\"><img decoding=\"async\" class=\"wp-image-11418 size-full lazyload\" src=\"data:image\/gif;base64,R0lGODlhAQABAIAAAAAAAP\/\/\/yH5BAEAAAAALAAAAAABAAEAAAIBRAA7\" data-src=\"https:\/\/wncri.org\/fr\/wp-content\/uploads\/2020\/07\/Nejat-Anwar-Hamidi-min.jpg\" alt=\"Nejat Anvar-Hamidi\" width=\"300\" height=\"300\" \/><figcaption id=\"caption-attachment-11418\" class=\"wp-caption-text\"><noscript><img decoding=\"async\" class=\"wp-image-11418 size-full lazyload\" src=\"https:\/\/wncri.org\/fr\/wp-content\/uploads\/2020\/07\/Nejat-Anwar-Hamidi-min.jpg\" alt=\"Nejat Anvar-Hamidi\" width=\"300\" height=\"300\" srcset=\"https:\/\/wncri.org\/fr\/wp-content\/uploads\/2020\/07\/Nejat-Anwar-Hamidi-min.jpg 300w, https:\/\/wncri.org\/fr\/wp-content\/uploads\/2020\/07\/Nejat-Anwar-Hamidi-min-150x150.jpg 150w, https:\/\/wncri.org\/fr\/wp-content\/uploads\/2020\/07\/Nejat-Anwar-Hamidi-min-75x75.jpg 75w\" sizes=\"(max-width: 300px) 100vw, 300px\" \/><\/noscript> Nejat Anvar-Hamidi<\/figcaption><\/figure>\n<p>L&#8217;une d\u2019entre elles est Nejat Anvar-Hamidi, 62 ans, \u00e0 la prison de Sepidar \u00e0 Ahwaz la derni\u00e8re semaine d&#8217;avril 2020. Elle n&#8217;a re\u00e7u aucun traitement m\u00e9dical depuis qu&#8217;elle a contract\u00e9 le virus et a \u00e9t\u00e9 transf\u00e9r\u00e9e en quarantaine dans la prison. Hamidi n&#8217;a m\u00eame pas re\u00e7u les m\u00e9dicaments n\u00e9cessaires que sa famille a livr\u00e9s \u00e0 la prison. La vie de cette femme emprisonn\u00e9e est en danger en raison de son \u00e2ge et de ses ant\u00e9c\u00e9dents m\u00e9dicaux.<\/p>\n<p>La prisonni\u00e8re politique Zeinab Jalalian a \u00e9t\u00e9 infect\u00e9e par le coronavirus \u00e0 la prison Qarchak de Varamine. Sa maladie a \u00e9t\u00e9 confirm\u00e9e le 8 juin 2020, lorsqu&#8217;elle a \u00e9t\u00e9 emmen\u00e9e dans un h\u00f4pital \u00e0 l&#8217;ext\u00e9rieur de la prison, sous de mesures de s\u00e9curit\u00e9 strictes. D&#8217;apr\u00e8s les scanners, les tissus de ses poumons ont \u00e9t\u00e9 endommag\u00e9s et des caillots de sang se sont form\u00e9s dans ses poumons. Elle souffrait d&#8217;asthme auparavant.<\/p>\n<p>La prisonni\u00e8re politique Narguesse Mohammadi souffre \u00e9galement de sympt\u00f4mes inqui\u00e9tants de Covid-19 depuis la premi\u00e8re semaine de juillet 2020. Elle avait d\u00e9j\u00e0 de nombreux probl\u00e8mes m\u00e9dicaux, ayant fait notamment une embolie pulmonaire.<\/p>\n<p>Forough Taghipour, qui est d\u00e9tenue \u00e0 la prison Qarchak de Varamine, a \u00e9galement contract\u00e9 le virus.<\/p>\n<p>L&#8217;intention d\u00e9lib\u00e9r\u00e9e et criminelle du r\u00e9gime des mollahs de mettre fin \u00e0 la vie des prisonni\u00e8res politiques r\u00e9sistantes est attest\u00e9e par l\u2019absence de soins m\u00e9dicaux pour les malades &#8211; qui luttaient d\u00e9j\u00e0 contre de graves maladies &#8211; et le refus de les lib\u00e9rer, m\u00eame provisoirement pendant l\u2019\u00e9pid\u00e9mie.<\/p>\n<p>&nbsp;<\/p>\n<p>&nbsp;<\/p>\n","protected":false},"excerpt":{"rendered":"<p>CNRI Femmes &#8211; Avec l&#8217;\u00e9mergence du r\u00f4le des femmes dans les soul\u00e8vements de 2019 et 2020 en Iran, les prisonni\u00e8res politiques r\u00e9sistante sont une fois de plus la cible du r\u00e9gime cl\u00e9rical qui fabriquant des dossiers sans fondement \u00e0 leur encontre pour les maintenir derri\u00e8re les barreaux. Pendant ce temps, l\u2019\u00e9pid\u00e9mie de Covid-19 a cr\u00e9\u00e9 [&hellip;]<\/p>\n","protected":false},"author":4,"featured_media":11419,"comment_status":"closed","ping_status":"closed","sticky":false,"template":"","format":"standard","meta":{"jnews-multi-image_gallery":[],"jnews_single_post":{"source_name":"","source_url":"","via_name":"","via_url":"","override_template":"0","override":[{"template":"1","single_blog_custom":"","parallax":"1","fullscreen":"0","layout":"right-sidebar","sidebar":"default-sidebar","second_sidebar":"default-sidebar","sticky_sidebar":"1","share_position":"top","share_float_style":"share-monocrhome","show_share_counter":"1","show_view_counter":"1","show_featured":"1","show_post_meta":"1","show_post_author":"1","show_post_author_image":"1","show_post_date":"1","post_date_format":"default","post_date_format_custom":"Y\/m\/d","show_post_category":"1","show_post_reading_time":"0","post_reading_time_wpm":"300","show_zoom_button":"0","zoom_button_out_step":"2","zoom_button_in_step":"3","show_post_tag":"1","show_prev_next_post":"1","show_popup_post":"1","number_popup_post":"1","show_author_box":"0","show_post_related":"0","show_inline_post_related":"0"}],"override_image_size":"0","image_override":[{"single_post_thumbnail_size":"crop-500","single_post_gallery_size":"crop-500"}],"trending_post":"0","trending_post_position":"meta","trending_post_label":"Trending","sponsored_post":"0","sponsored_post_label":"Sponsored by","sponsored_post_name":"","sponsored_post_url":"","sponsored_post_logo_enable":"0","sponsored_post_logo":"","sponsored_post_desc":""},"jnews_primary_category":{"id":""},"jnews_social_meta":[],"jnews_override_counter":{"override_view_counter":"0","view_counter_number":"0","override_share_counter":"0","share_counter_number":"0","override_like_counter":"0","like_counter_number":"0","override_dislike_counter":"0","dislike_counter_number":"0"},"footnotes":""},"categories":[3],"tags":[374,370,376],"class_list":["post-11414","post","type-post","status-publish","format-standard","has-post-thumbnail","hentry","category-infos-des-femmes","tag-coronavirus","tag-prisonnieres","tag-violence-contre-les-femmes"],"_links":{"self":[{"href":"https:\/\/wncri.org\/fr\/wp-json\/wp\/v2\/posts\/11414","targetHints":{"allow":["GET"]}}],"collection":[{"href":"https:\/\/wncri.org\/fr\/wp-json\/wp\/v2\/posts"}],"about":[{"href":"https:\/\/wncri.org\/fr\/wp-json\/wp\/v2\/types\/post"}],"author":[{"embeddable":true,"href":"https:\/\/wncri.org\/fr\/wp-json\/wp\/v2\/users\/4"}],"replies":[{"embeddable":true,"href":"https:\/\/wncri.org\/fr\/wp-json\/wp\/v2\/comments?post=11414"}],"version-history":[{"count":0,"href":"https:\/\/wncri.org\/fr\/wp-json\/wp\/v2\/posts\/11414\/revisions"}],"wp:featuredmedia":[{"embeddable":true,"href":"https:\/\/wncri.org\/fr\/wp-json\/wp\/v2\/media\/11419"}],"wp:attachment":[{"href":"https:\/\/wncri.org\/fr\/wp-json\/wp\/v2\/media?parent=11414"}],"wp:term":[{"taxonomy":"category","embeddable":true,"href":"https:\/\/wncri.org\/fr\/wp-json\/wp\/v2\/categories?post=11414"},{"taxonomy":"post_tag","embeddable":true,"href":"https:\/\/wncri.org\/fr\/wp-json\/wp\/v2\/tags?post=11414"}],"curies":[{"name":"wp","href":"https:\/\/api.w.org\/{rel}","templated":true}]}}