{"id":1135,"date":"2015-08-14T15:12:55","date_gmt":"2015-08-14T15:12:55","guid":{"rendered":"https:\/\/wncri.org\/frdev\/2015\/08\/14\/trente-hommes-et-deux-femmes-pendus-en-iran\/"},"modified":"2020-08-24T20:45:40","modified_gmt":"2020-08-24T18:45:40","slug":"trente-hommes-et-deux-femmes-pendus-en-iran","status":"publish","type":"post","link":"https:\/\/wncri.org\/fr\/2015\/08\/14\/trente-hommes-et-deux-femmes-pendus-en-iran\/","title":{"rendered":"Trente hommes et deux femmes pendus en Iran"},"content":{"rendered":"<p style=\"text-align: justify;\">Les \u00e9chafauds des mollahs ne connaissent pas de r\u00e9pit en Iran avec 32 ex\u00e9cutions ces derniers jours, dont deux femmes.<\/p>\n<p>  <!--more--><\/p>\n<p style=\"text-align: justify;\">La machine de la r\u00e9pression n\u2019\u00e9pargne pas les prisonniers politiques, comme <a href=\"http:\/\/www.ncr-iran.org\/fr\/communiques-cnri\/droits-humains\/16317-appel-a-condamner-l-execution-d-un-prisonnier-politique-kurde-en-iran.html\" rel=\"alternate noopener\" target=\"_blank\">Sirvan Nejavi<\/a>, un militant kurde pendu le 9 aout \u00e0 Tabriz.<\/p>\n<p style=\"text-align: justify;\">Le m\u00eame jour, deux jeunes \u00e2g\u00e9s de 24 et 25 ans ont \u00e9t\u00e9 pendus sur la place Hafez de la ville sainte de Machad. Un autre condamn\u00e9 a \u00e9t\u00e9 ex\u00e9cut\u00e9 en public \u00e0 Eghlid, dans la province de Fars (sud-ouest de l\u2019Iran).<\/p>\n<p style=\"text-align: justify;\">Le 10 aout, une prisonni\u00e8re, <a href=\"http:\/\/www.ncr-iran.org\/fr\/actualites\/femmes\/16325-pendaison-d-une-mere-de-39-ans-par-le-regime-iranien-qui-pretend-l-amener-a-l-infirmerie.html\" rel=\"alternate noopener\" target=\"_blank\">Fatemeh Hadadi, 39 ans et m\u00e8re<\/a>&nbsp;d\u2019une fillette de 8 ans, a \u00e9t\u00e9 pendue dans la prison de Gohardacht. Avant elle, une autre m\u00e8re de 43 ans, Paridokht Mola\u2019i avait \u00e9t\u00e9 pendue dans la prison de Ghezel-Hessar. Ces deux prisons sont dans la banlieue de T\u00e9h\u00e9ran.<\/p>\n<p style=\"text-align: justify;\">D\u2019autres ex\u00e9cutions dont les informations ont travers\u00e9 les murs de la censure en Iran sont les suivantes: trois pendaisons le 12 ao\u00fbt \u00e0 Gohardacht, celle d\u2019un jeune kurde de 20 ans \u00e0 la prison centrale de Sanandaj, de Hossein Bozorgnejad prisonnier de 27 ans le 19 aout \u00e0 Ispahan, de sept d\u00e9tenus \u00e0 Rafsanjan et Yazd le 4 aout, de Mansour Youssefi prisonnier kurde \u00e0 Oroumieh le 3 ao\u00fbt, de trois autres \u00e0 la prison centrale de Racht le 1er aout, et la pendaison collective de dix prisonniers le 28 juillet \u00e0 la prison centrale de Qom.<\/p>\n<p style=\"text-align: justify;\">Durant cette p\u00e9riode, l\u2019opinion publique a \u00e9t\u00e9 horrifi\u00e9e par le ch\u00e2timent d\u2019<a href=\"http:\/\/www.ncr-iran.org\/fr\/actualites\/droits-humains\/16310-le-regime-iranien-ampute-la-main-et-le-pied-d-un-deuxieme-prisonnier-cette-semaine.html\" rel=\"alternate noopener\" target=\"_blank\">amputation de la main et du pied de deux prisonniers<\/a> \u00e0 la prison centrale de Machad (presse iranienne, 3 aout 2015).<\/p>\n<p style=\"text-align: justify;\">Amnesty International a d\u00e9nonc\u00e9 le 23 juillet dernier la \u00ab fr\u00e9n\u00e9sie des ex\u00e9cutions \u00bb en Iran o\u00f9 selon elle<a href=\"http:\/\/www.ncr-iran.org\/fr\/actualites\/droits-humains\/16243-iran-pres-de-700-condamnes-mis-a-mort-depuis-le-debut-de-l-annee-amnesty-international.html\" rel=\"alternate noopener\" target=\"_blank\"> pr\u00e8s de 700 personnes condamn\u00e9es \u00e0 la peine capitale<\/a> ont \u00e9t\u00e9 ex\u00e9cut\u00e9es depuis le d\u00e9but de l&#8217;ann\u00e9e. \u00ab \u00c0 ce rythme choquant, l&#8217;Iran va d\u00e9passer le nombre des ex\u00e9cutions recens\u00e9es dans le pays \u00bb pour toute l&#8217;ann\u00e9e 2014.<\/p>\n<p style=\"text-align: justify;\">Ce pic, a indiqu\u00e9 Sa\u00efd Boumedouha, directeur-adjoint du programme d&#8217;Amnesty International pour le Moyen-Orient et l&#8217;Afrique du Nord, \u00ab brosse un tableau sinistre de l&#8217;appareil de l&#8217;Etat qui commet des meurtres \u00e0 grande \u00e9chelle \u00bb.<\/p>\n<p style=\"text-align: justify;\">Impuissants devant le m\u00e9contentement croissant et les revendications l\u00e9gitimes du peuple iranien, le fascisme religieux, que l\u2019opinion compare \u00e0 Daech, ajoute chaque jour \u00e0 sa f\u00e9rocit\u00e9.<\/p>\n<p style=\"text-align: justify;\">Secr\u00e9tariat du Conseil national de la R\u00e9sistance iranienne<br \/>\nLe 14 aout 2015<\/p>\n","protected":false},"excerpt":{"rendered":"<p>Les \u00e9chafauds des mollahs ne connaissent pas de r\u00e9pit en Iran avec 32 ex\u00e9cutions ces derniers jours, dont deux femmes.<\/p>\n","protected":false},"author":1,"featured_media":11694,"comment_status":"open","ping_status":"open","sticky":false,"template":"","format":"standard","meta":{"jnews-multi-image_gallery":[],"jnews_single_post":{"subtitle":"","format":"standard","video":"","gallery":"","source_name":"","source_url":"","via_name":"","via_url":"","override":[{"single_blog_custom":"","sidebar":"","second_sidebar":"","share_position":"","share_float_style":"","post_date_format":"","post_date_format_custom":"","post_reading_time_wpm":"","zoom_button_out_step":"1","zoom_button_in_step":"1","number_popup_post":"1"}],"image_override":[{"single_post_thumbnail_size":"","single_post_gallery_size":""}],"trending_post_position":"","trending_post_label":"","sponsored_post_label":"","sponsored_post_name":"","sponsored_post_url":"","sponsored_post_logo":"","sponsored_post_desc":""},"jnews_primary_category":{"id":""},"jnews_social_meta":[],"jnews_override_counter":{"view_counter_number":"0","share_counter_number":"0","like_counter_number":"0","dislike_counter_number":"0"},"footnotes":""},"categories":[5],"tags":[],"class_list":["post-1135","post","type-post","status-publish","format-standard","has-post-thumbnail","hentry","category-communiques"],"_links":{"self":[{"href":"https:\/\/wncri.org\/fr\/wp-json\/wp\/v2\/posts\/1135","targetHints":{"allow":["GET"]}}],"collection":[{"href":"https:\/\/wncri.org\/fr\/wp-json\/wp\/v2\/posts"}],"about":[{"href":"https:\/\/wncri.org\/fr\/wp-json\/wp\/v2\/types\/post"}],"author":[{"embeddable":true,"href":"https:\/\/wncri.org\/fr\/wp-json\/wp\/v2\/users\/1"}],"replies":[{"embeddable":true,"href":"https:\/\/wncri.org\/fr\/wp-json\/wp\/v2\/comments?post=1135"}],"version-history":[{"count":0,"href":"https:\/\/wncri.org\/fr\/wp-json\/wp\/v2\/posts\/1135\/revisions"}],"wp:featuredmedia":[{"embeddable":true,"href":"https:\/\/wncri.org\/fr\/wp-json\/wp\/v2\/media\/11694"}],"wp:attachment":[{"href":"https:\/\/wncri.org\/fr\/wp-json\/wp\/v2\/media?parent=1135"}],"wp:term":[{"taxonomy":"category","embeddable":true,"href":"https:\/\/wncri.org\/fr\/wp-json\/wp\/v2\/categories?post=1135"},{"taxonomy":"post_tag","embeddable":true,"href":"https:\/\/wncri.org\/fr\/wp-json\/wp\/v2\/tags?post=1135"}],"curies":[{"name":"wp","href":"https:\/\/api.w.org\/{rel}","templated":true}]}}