{"id":11332,"date":"2020-07-10T18:16:47","date_gmt":"2020-07-10T16:16:47","guid":{"rendered":"https:\/\/wncri.org\/fr\/?p=11332"},"modified":"2020-07-10T18:17:13","modified_gmt":"2020-07-10T16:17:13","slug":"narguesse-mohammadi-parmi-les-detenues-soupconnees-de-covid-19-a-zandjan","status":"publish","type":"post","link":"https:\/\/wncri.org\/fr\/2020\/07\/10\/narguesse-mohammadi-parmi-les-detenues-soupconnees-de-covid-19-a-zandjan\/","title":{"rendered":"Narguesse Mohammadi parmi les d\u00e9tenues soup\u00e7onn\u00e9es de Covid-19 \u00e0 Zandjan"},"content":{"rendered":"<p>CNRI Femmes &#8211; La militante des droits humains Narguesse Mohammadi et six autres d\u00e9tenues de la prison de Zandjan ont d\u00e9velopp\u00e9 des sympt\u00f4mes dangereux de la maladie du Covid-19 mais se voient refuser l&#8217;acc\u00e8s aux tests et aux traitements.<\/p>\n<p>L&#8217;\u00e9tat de sant\u00e9 de Narguesse Mohammadi a suscit\u00e9 des inqui\u00e9tudes. Mme Mohammadi et six autres prisonni\u00e8res ont d\u00e9velopp\u00e9 des engourdissements, des faiblesses, des douleurs osseuses et ont totalement perdu leur odorat depuis plus d&#8217;une semaine.<\/p>\n<p>La militante des droits humains Narguesse Mohammadi a \u00e9t\u00e9 \u00e9loign\u00e9e en province dans la prison de Zandjan parmi les prisonni\u00e8res de droit commun pour avoir organis\u00e9 un sit-in de protestation avec sept autres d\u00e9tenues politiques dans le quartier des femmes de la prison d&#8217;Evine, en solidarit\u00e9 avec les familles des victimes tu\u00e9es lors du soul\u00e8vement de novembre 2019.<\/p>\n<p>Quinze d\u00e9tenues du quartier des femmes de la prison de Zanjan sont soup\u00e7onn\u00e9es d&#8217;avoir \u00e9t\u00e9 contamin\u00e9e. Les conditions sanitaires de Narguesse Mohammadi et de six autres femmes <a href=\"https:\/\/wncri.org\/fr\/2020\/06\/16\/la-prisonniere-politique-narguesse-mohammadi-souffre-davoir-vu-des-executions\/\" target=\"_blank\" rel=\"noopener noreferrer\">sont pires que les autres<\/a>. Elles sont \u00e9galement priv\u00e9es de sortie m\u00e9dicale.<\/p>\n<p>Narguesse Mohammadi est priv\u00e9e de ses droits fondamentaux en tant que prisonni\u00e8re, y compris son droit d&#8217;appeler ses enfants, depuis son transfert \u00e0 la prison de Zandjan il y a 10 mois.<\/p>\n<p>Dans une lettre depuis cette prison, Narguesse Mohammadi a r\u00e9cemment annonc\u00e9 qu&#8217;elle avait \u00e9t\u00e9 agress\u00e9e physiquement et insult\u00e9e par la personne de Gholamreza Zia\u2019i, le directeur de la prison d&#8217;Evine. Elle a \u00e9crit dans cette lettre : &#8220;M. Zia\u2019i et plus de 20 autres hommes et femmes <a href=\"https:\/\/wncri.org\/fr\/2019\/12\/27\/la-prisonniere-politique-narguesse-mohammadi-battue-et-exilee-a-zandjan\/\" target=\"_blank\" rel=\"noopener noreferrer\">m&#8217;ont entour\u00e9e et ont commenc\u00e9 \u00e0 me bousculer<\/a>. Ils m\u2019ont attrap\u00e9e les bras et m&#8217;ont pouss\u00e9e dans une ambulance. M. Zia\u2019i a mis ses bras autour de moi, m&#8217;a soulev\u00e9e et pouss\u00e9e la t\u00eate la premi\u00e8re \u00e0 l&#8217;int\u00e9rieur de l&#8217;ambulance&#8221;.<\/p>\n<p>Gholamreza Zia\u2019i dirigeait auparavant la prison de Gohardasht \u00e0 Karadj, \u00e9galement connue sous le nom de Radjaishahr. En juillet 2019, il a \u00e9t\u00e9 nomm\u00e9 directeur de la prison d&#8217;Evine sur ordre du directeur g\u00e9n\u00e9ral de l&#8217;Organisation des prisons de la province de T\u00e9h\u00e9ran.<\/p>\n<p>Zia\u2019i a jou\u00e9 un r\u00f4le cl\u00e9 dans les pressions croissantes sur les prisonniers d&#8217;Evine et dans l&#8217;imposition de nouvelles restrictions ill\u00e9gales \u00e0 leur \u00e9gard.<\/p>\n<p>Il a \u00e9galement dirig\u00e9 le sinistre centre de d\u00e9tention de Kahrizak lors du soul\u00e8vement de 2009 en Iran, o\u00f9 plusieurs des manifestants d\u00e9tenus ont \u00e9t\u00e9 assassin\u00e9s.<\/p>\n<p>&nbsp;<\/p>\n<p>&nbsp;<\/p>\n","protected":false},"excerpt":{"rendered":"<p>CNRI Femmes &#8211; La militante des droits humains Narguesse Mohammadi et six autres d\u00e9tenues de la prison de Zandjan ont d\u00e9velopp\u00e9 des sympt\u00f4mes dangereux de la maladie du Covid-19 mais se voient refuser l&#8217;acc\u00e8s aux tests et aux traitements. L&#8217;\u00e9tat de sant\u00e9 de Narguesse Mohammadi a suscit\u00e9 des inqui\u00e9tudes. Mme Mohammadi et six autres prisonni\u00e8res [&hellip;]<\/p>\n","protected":false},"author":4,"featured_media":11333,"comment_status":"closed","ping_status":"closed","sticky":false,"template":"","format":"standard","meta":{"jnews-multi-image_gallery":[],"jnews_single_post":{"source_name":"","source_url":"","via_name":"","via_url":"","override_template":"0","override":[{"template":"1","single_blog_custom":"","parallax":"1","fullscreen":"0","layout":"right-sidebar","sidebar":"default-sidebar","second_sidebar":"default-sidebar","sticky_sidebar":"1","share_position":"top","share_float_style":"share-monocrhome","show_share_counter":"1","show_view_counter":"1","show_featured":"1","show_post_meta":"1","show_post_author":"1","show_post_author_image":"1","show_post_date":"1","post_date_format":"default","post_date_format_custom":"Y\/m\/d","show_post_category":"1","show_post_reading_time":"0","post_reading_time_wpm":"300","show_zoom_button":"0","zoom_button_out_step":"2","zoom_button_in_step":"3","show_post_tag":"1","show_prev_next_post":"1","show_popup_post":"1","number_popup_post":"1","show_author_box":"0","show_post_related":"0","show_inline_post_related":"0"}],"override_image_size":"0","image_override":[{"single_post_thumbnail_size":"crop-500","single_post_gallery_size":"crop-500"}],"trending_post":"0","trending_post_position":"meta","trending_post_label":"Trending","sponsored_post":"0","sponsored_post_label":"Sponsored by","sponsored_post_name":"","sponsored_post_url":"","sponsored_post_logo_enable":"0","sponsored_post_logo":"","sponsored_post_desc":""},"jnews_primary_category":{"id":""},"jnews_social_meta":[],"jnews_override_counter":{"override_view_counter":"0","view_counter_number":"0","override_share_counter":"0","share_counter_number":"0","override_like_counter":"0","like_counter_number":"0","override_dislike_counter":"0","dislike_counter_number":"0"},"footnotes":""},"categories":[3],"tags":[],"class_list":["post-11332","post","type-post","status-publish","format-standard","has-post-thumbnail","hentry","category-infos-des-femmes"],"_links":{"self":[{"href":"https:\/\/wncri.org\/fr\/wp-json\/wp\/v2\/posts\/11332","targetHints":{"allow":["GET"]}}],"collection":[{"href":"https:\/\/wncri.org\/fr\/wp-json\/wp\/v2\/posts"}],"about":[{"href":"https:\/\/wncri.org\/fr\/wp-json\/wp\/v2\/types\/post"}],"author":[{"embeddable":true,"href":"https:\/\/wncri.org\/fr\/wp-json\/wp\/v2\/users\/4"}],"replies":[{"embeddable":true,"href":"https:\/\/wncri.org\/fr\/wp-json\/wp\/v2\/comments?post=11332"}],"version-history":[{"count":0,"href":"https:\/\/wncri.org\/fr\/wp-json\/wp\/v2\/posts\/11332\/revisions"}],"wp:featuredmedia":[{"embeddable":true,"href":"https:\/\/wncri.org\/fr\/wp-json\/wp\/v2\/media\/11333"}],"wp:attachment":[{"href":"https:\/\/wncri.org\/fr\/wp-json\/wp\/v2\/media?parent=11332"}],"wp:term":[{"taxonomy":"category","embeddable":true,"href":"https:\/\/wncri.org\/fr\/wp-json\/wp\/v2\/categories?post=11332"},{"taxonomy":"post_tag","embeddable":true,"href":"https:\/\/wncri.org\/fr\/wp-json\/wp\/v2\/tags?post=11332"}],"curies":[{"name":"wp","href":"https:\/\/api.w.org\/{rel}","templated":true}]}}