{"id":1133,"date":"2015-08-12T15:09:59","date_gmt":"2015-08-12T15:09:59","guid":{"rendered":"https:\/\/wncri.org\/frdev\/2015\/08\/12\/nouvel-appel-a-la-liberation-sans-delai-de-narguesse-mohammadi\/"},"modified":"2020-08-24T20:47:08","modified_gmt":"2020-08-24T18:47:08","slug":"nouvel-appel-a-la-liberation-sans-delai-de-narguesse-mohammadi","status":"publish","type":"post","link":"https:\/\/wncri.org\/fr\/2015\/08\/12\/nouvel-appel-a-la-liberation-sans-delai-de-narguesse-mohammadi\/","title":{"rendered":"Nouvel appel \u00e0 la lib\u00e9ration sans d\u00e9lai de Narguesse Mohammadi"},"content":{"rendered":"<p style=\"text-align: justify;\"><strong>Priv\u00e9e de soins, elle est dans un mauvais \u00e9tat de sant\u00e9<\/strong><\/p>\n<p>  <!--more--><\/p>\n<p style=\"text-align: justify;\">\n<p style=\"text-align: justify;\">Narguesse (Narges) Mohammadi, prisonni\u00e8re politique et d\u00e9fenseure des droits humains en Iran, ne b\u00e9n\u00e9ficie d\u2019aucun soin m\u00e9dical malgr\u00e9 la gravit\u00e9 de son \u00e9tat. C\u2019est dernier jours, apr\u00e8s huit heures de paralysie musculaire, elle a \u00e9t\u00e9 transport\u00e9e \u00e0 l\u2019h\u00f4pital hors de la prison. Malgr\u00e9 les instructions des m\u00e9decins, elle a \u00e9t\u00e9 ramen\u00e9e en cellule \u00e0 moiti\u00e9 inconsciente.<\/p>\n<p style=\"text-align: justify;\">M\u00e8re de deux enfants, Narguesse Mohammadi a \u00e9t\u00e9 arr\u00eat\u00e9e de fa\u00e7on arbitraire le 5 mai dernier sans la pr\u00e9sentation du moindre mandat d\u2019arr\u00eat par les services de renseignement \u00e0 son domicile et incarc\u00e9r\u00e9e \u00e0 Evine. Pour intensifier la pression sur cette d\u00e9tenue politique, d\u00e8s son arriv\u00e9e en prison, les autorit\u00e9s l\u2019ont priv\u00e9e de ses m\u00e9dicaments et en ensuite fait durer cette privation. L\u2019appareil judiciaire qui devait se pencher sur son cas le 9 juillet, n\u2019a pas eu lieu, sans que la raison en soit claire.<\/p>\n<p style=\"text-align: justify;\">D\u00e9j\u00e0, en juin 2010, <a href=\"http:\/\/www.ncr-iran.org\/fr\/actualites\/femmes\/16313-amnesty-international-s-inquiete-du-sort-de-la-militante-narges-mohammadi-en-iran-video.html\" rel=\"alternate noopener\" target=\"_blank\">Narguesse Mohammadi<\/a>&nbsp;avait \u00e9t\u00e9 emprisonn\u00e9e sous l\u2019inculpation de \u00ab r\u00e9union et atteinte \u00e0 la s\u00e9curit\u00e9 de l\u2019Etat \u00bb et \u00ab propagande contre l\u2019Etat \u00bb. Elle avait \u00e9t\u00e9 condamn\u00e9e \u00e0 6 ans de prison. Mais sous les coups de la torture et des conditions effroyables de d\u00e9tentions, durant ses interrogatoires, elle avait \u00e9t\u00e9 atteinte de paralysie musculaire. Vu la vive d\u00e9gradation de son \u00e9tat, elle avait \u00e9t\u00e9 lib\u00e9r\u00e9e sous une lourde caution frapp\u00e9e du sceau \u00ab incapacit\u00e9 de supporter la d\u00e9tention \u00bb.<\/p>\n<p style=\"text-align: justify;\">Ses hommages aux familles des prisonniers politiques, sa participation et son intervention dans une c\u00e9r\u00e9monie \u00e0 la m\u00e9moire de Sattar Behechti, jeune blogueur tu\u00e9 sous la torture, ses protestations contre les agressions \u00e0 l\u2019acide visant les femmes, ses activit\u00e9s en faveur de la fin des ex\u00e9cutions, sa d\u00e9fense des prisonniers issus des minorit\u00e9s religieuses et ethniques, sont au nombre des activit\u00e9s de Narguesse Mohammadi qui ont d\u00e9clench\u00e9 la col\u00e8re des mollahs.<\/p>\n<p style=\"text-align: justify;\">De m\u00eame il est dit qu\u2019en raison de l\u2019opposition de Narguesse Mohammadi \u00e0 l\u2019ex\u00e9cution de plusieurs prisonniers sunnites et de sa demande de respecter un processus judicaire \u00e9quitable les concernant, elle a \u00e9t\u00e9 \u00e9galement accus\u00e9e de complicit\u00e9 avec Daech. Dans une lettre du minist\u00e8re du Renseignement vers\u00e9e \u00e0 son dossier, il est \u00e9crit que \u00ab comme Narguesse n\u2019a pas \u00e9t\u00e9 corrig\u00e9e, une peine plus lourde est demand\u00e9e \u00bb. Deux bourreaux d\u2019Evine r\u00e9pondant aux noms de Nassiri-Pour et Hamidi l\u2019ont menac\u00e9e d\u2019alourdir sa peine en raison des protestations d\u00e9clench\u00e9es en sa faveur en Iran.<\/p>\n<p style=\"text-align: justify;\">Mme Sarvnaz Chitsaz, pr\u00e9sidente de la<a href=\"http:\/\/www.wncri.org\/\" rel=\"alternate\"> commission des Femmes du CNRI<\/a>, appelle une fois de plus les instances internationales des droits humains, le repr\u00e9sentant sp\u00e9cial de l\u2019ONU pour les droits de l\u2019homme en Iran Ahmed Shaheed, sur la situation en Iran, et les organes de d\u00e9fense des droits des femmes \u00e0 condamner les arrestations arbitraires en Iran et \u00e0 prendre des mesures efficaces pour obtenir la lib\u00e9ration de Narguesse Mohammadi et des autres prisonni\u00e8res politiques.<\/p>\n<p style=\"text-align: justify;\">Commission des Femmes du Conseil national de la R\u00e9sistance iranienne<br \/>\nLe 12 aout 2015<\/p>\n","protected":false},"excerpt":{"rendered":"<p>Priv\u00e9e de soins, elle est dans un mauvais \u00e9tat de sant\u00e9<\/p>\n","protected":false},"author":1,"featured_media":11694,"comment_status":"open","ping_status":"open","sticky":false,"template":"","format":"standard","meta":{"jnews-multi-image_gallery":[],"jnews_single_post":{"subtitle":"","format":"standard","video":"","gallery":"","source_name":"","source_url":"","via_name":"","via_url":"","override":[{"single_blog_custom":"","sidebar":"","second_sidebar":"","share_position":"","share_float_style":"","post_date_format":"","post_date_format_custom":"","post_reading_time_wpm":"","zoom_button_out_step":"1","zoom_button_in_step":"1","number_popup_post":"1"}],"image_override":[{"single_post_thumbnail_size":"","single_post_gallery_size":""}],"trending_post_position":"","trending_post_label":"","sponsored_post_label":"","sponsored_post_name":"","sponsored_post_url":"","sponsored_post_logo":"","sponsored_post_desc":""},"jnews_primary_category":{"id":""},"jnews_social_meta":[],"jnews_override_counter":{"view_counter_number":"0","share_counter_number":"0","like_counter_number":"0","dislike_counter_number":"0"},"footnotes":""},"categories":[5],"tags":[],"class_list":["post-1133","post","type-post","status-publish","format-standard","has-post-thumbnail","hentry","category-communiques"],"_links":{"self":[{"href":"https:\/\/wncri.org\/fr\/wp-json\/wp\/v2\/posts\/1133","targetHints":{"allow":["GET"]}}],"collection":[{"href":"https:\/\/wncri.org\/fr\/wp-json\/wp\/v2\/posts"}],"about":[{"href":"https:\/\/wncri.org\/fr\/wp-json\/wp\/v2\/types\/post"}],"author":[{"embeddable":true,"href":"https:\/\/wncri.org\/fr\/wp-json\/wp\/v2\/users\/1"}],"replies":[{"embeddable":true,"href":"https:\/\/wncri.org\/fr\/wp-json\/wp\/v2\/comments?post=1133"}],"version-history":[{"count":0,"href":"https:\/\/wncri.org\/fr\/wp-json\/wp\/v2\/posts\/1133\/revisions"}],"wp:featuredmedia":[{"embeddable":true,"href":"https:\/\/wncri.org\/fr\/wp-json\/wp\/v2\/media\/11694"}],"wp:attachment":[{"href":"https:\/\/wncri.org\/fr\/wp-json\/wp\/v2\/media?parent=1133"}],"wp:term":[{"taxonomy":"category","embeddable":true,"href":"https:\/\/wncri.org\/fr\/wp-json\/wp\/v2\/categories?post=1133"},{"taxonomy":"post_tag","embeddable":true,"href":"https:\/\/wncri.org\/fr\/wp-json\/wp\/v2\/tags?post=1133"}],"curies":[{"name":"wp","href":"https:\/\/api.w.org\/{rel}","templated":true}]}}