{"id":11325,"date":"2020-07-07T09:18:45","date_gmt":"2020-07-07T07:18:45","guid":{"rendered":"https:\/\/wncri.org\/fr\/?p=11325"},"modified":"2020-07-08T09:25:24","modified_gmt":"2020-07-08T07:25:24","slug":"force-et-resilience-message-datena-daemi-depuis-sa-prison-en-iran","status":"publish","type":"post","link":"https:\/\/wncri.org\/fr\/2020\/07\/07\/force-et-resilience-message-datena-daemi-depuis-sa-prison-en-iran\/","title":{"rendered":"Force et r\u00e9silience, message d&#8217;Atena Daemi depuis sa prison en Iran"},"content":{"rendered":"<p>CNRI Femmes &#8211; La prisonni\u00e8re politique Atena Daemi, qui aurait d\u00fb \u00eatre lib\u00e9r\u00e9e le 4 juillet 2020 apr\u00e8s avoir purg\u00e9 cinq ans de prison, a \u00e9t\u00e9 condamn\u00e9e \u00e0 cinq ans suppl\u00e9mentaires et \u00e0 74 coups de fouet.<\/p>\n<p>Alors qu&#8217;Atena Daemi purgeait sa peine, les services de renseignement du Corps des gardiens de la r\u00e9volution (pasdarans) ont d\u00e9pos\u00e9 <a href=\"https:\/\/wncri.org\/fr\/2020\/03\/12\/nouvelle-plainte-contre-atena-daemi-pour-avoir-defendu-les-martyrs-de-novembre-en-iran\/\" target=\"_blank\" rel=\"noopener noreferrer\">deux nouvelles plaintes<\/a> contre elle.<\/p>\n<p>Dans une affaire pr\u00e9c\u00e9dente, en juillet 2019, elle avait \u00e9t\u00e9 condamn\u00e9e \u00e0 trois ans et sept mois de prison, et r\u00e9cemment, le 4 juillet, elle a \u00e9t\u00e9 condamn\u00e9e \u00e0 deux ans et 74 coups de fouet suppl\u00e9mentaires.<\/p>\n<p>Apr\u00e8s avoir appris sa nouvelle peine, cette prisonni\u00e8re politique r\u00e9sistante qui a purg\u00e9 cinq ans dans les prisons d&#8217;Evine et de Qarchak a \u00e9crit : \u00ab\u00a0J&#8217;aurais d\u00fb \u00eatre lib\u00e9r\u00e9e aujourd&#8217;hui apr\u00e8s presque cinq ans de d\u00e9tention, mais tout le monde sait que tant que la R\u00e9publique islamique existe, l&#8217;Iran est partout une prison.\u00a0\u00bb<\/p>\n<p>Ensieh, sa s\u0153ur, a tweet\u00e9 : \u00ab\u00a0L&#8217;interrogateur a dit \u00e0 Atena : &#8220;Vous \u00eates devenue insensible aux peines de prison. Nous aurons de nouveaux projets pour vous. &#8221; Et c&#8217;est pourquoi ils ont ajout\u00e9 le fouet \u00e0 sa peine de prison.\u00a0\u00bb<\/p>\n<p>Voici le texte int\u00e9gral de la lettre qu&#8217;Atena Daemi a envoy\u00e9e depuis la prison d&#8217;Evine :<\/p>\n<p>Je devais \u00eatre lib\u00e9r\u00e9e aujourd&#8217;hui apr\u00e8s avoir pass\u00e9 pr\u00e8s de cinq ans derri\u00e8re les barreaux. Mais tout le monde sait que tant que la R\u00e9publique islamique existe, l&#8217;Iran est partout une prison. Mais je suis libre, \u00e0 tel point qu&#8217;ils continuent \u00e0 penser qu&#8217;ils doivent m&#8217;emprisonner avec une nouvelle peine. Ces peines me paraissent ridicules, m\u00eame les coups de fouet !<\/p>\n<p>J&#8217;ai pleur\u00e9 les personnes qui ont \u00e9t\u00e9 tu\u00e9es lors du soul\u00e8vement de novembre 2019, puis ils m&#8217;ont accus\u00e9 de danser pendant le mois saint de Moharram !<\/p>\n<p>Oui, j&#8217;ai fait le deuil des innocents opprim\u00e9s \u00e0 notre \u00e9poque et j&#8217;accepte la peine de fouet pour cela.<\/p>\n<p>Tant mieux pour l&#8217;homme qui frappera les coups. Il y a un proverbe qui dit : \u00ab\u00a0Celui qui frappe une fois, recevra deux coups en retour.\u00a0\u00bb<\/p>\n<p>Ils fouettent les gens depuis toujours. Ces coups de fouet ne sont rien en comparaison des nombreuses balles <a href=\"https:\/\/wncri.org\/fr\/2019\/09\/11\/honoree-de-recevoir-une-nouvelle-peine-pour-metre-opposee-a-la-peine-de-mort-atena-daemi\/\" target=\"_blank\" rel=\"noopener noreferrer\">qui ont transperc\u00e9 le c\u0153ur et la t\u00eate<\/a> de notre peuple pendant 40 ans.<\/p>\n<p>Je suis pr\u00eate \u00e0 me sacrifier pour les familles qui ont perdu des \u00eatres chers et pour ceux dont le sang a \u00e9t\u00e9 vers\u00e9.<\/p>\n<p>Ces simulacres de proc\u00e8s et de verdicts qu&#8217;ils ont rendus contre moi sont tellement ridicules que je n&#8217;y pense m\u00eame pas et que je ne ferai pas appel. Laissons-leur plus de temps pour monter d&#8217;autres affaires contre moi.<\/p>\n<p><img decoding=\"async\" class=\"size-medium wp-image-11326 alignright lazyload\" src=\"data:image\/gif;base64,R0lGODlhAQABAIAAAAAAAP\/\/\/yH5BAEAAAAALAAAAAABAAEAAAIBRAA7\" data-src=\"https:\/\/wncri.org\/fr\/wp-content\/uploads\/2020\/07\/\u0622\u062a\u0646\u0627-\u062f\u0627\u0626\u0645\u06cc-\u0632\u0646\u062f\u0627\u0646\u06cc-\u0633\u06cc\u0627\u0633\u06cc-\u0628\u0627-\u062f\u0633\u062a\u0628\u0646\u062f-350x250-1-300x214.jpg\" alt=\"Je suis libre aujourd'hui parce qu'\u00eatre libre ne signifie pas n\u00e9cessairement que vous devez \u00eatre de l'autre c\u00f4t\u00e9 des barreaux\" width=\"300\" height=\"214\" \/><noscript><img decoding=\"async\" class=\"size-medium wp-image-11326 alignright lazyload\" src=\"https:\/\/wncri.org\/fr\/wp-content\/uploads\/2020\/07\/\u0622\u062a\u0646\u0627-\u062f\u0627\u0626\u0645\u06cc-\u0632\u0646\u062f\u0627\u0646\u06cc-\u0633\u06cc\u0627\u0633\u06cc-\u0628\u0627-\u062f\u0633\u062a\u0628\u0646\u062f-350x250-1-300x214.jpg\" alt=\"Je suis libre aujourd'hui parce qu'\u00eatre libre ne signifie pas n\u00e9cessairement que vous devez \u00eatre de l'autre c\u00f4t\u00e9 des barreaux\" width=\"300\" height=\"214\" srcset=\"https:\/\/wncri.org\/fr\/wp-content\/uploads\/2020\/07\/\u0622\u062a\u0646\u0627-\u062f\u0627\u0626\u0645\u06cc-\u0632\u0646\u062f\u0627\u0646\u06cc-\u0633\u06cc\u0627\u0633\u06cc-\u0628\u0627-\u062f\u0633\u062a\u0628\u0646\u062f-350x250-1-300x214.jpg 300w, https:\/\/wncri.org\/fr\/wp-content\/uploads\/2020\/07\/\u0622\u062a\u0646\u0627-\u062f\u0627\u0626\u0645\u06cc-\u0632\u0646\u062f\u0627\u0646\u06cc-\u0633\u06cc\u0627\u0633\u06cc-\u0628\u0627-\u062f\u0633\u062a\u0628\u0646\u062f-350x250-1-120x86.jpg 120w, https:\/\/wncri.org\/fr\/wp-content\/uploads\/2020\/07\/\u0622\u062a\u0646\u0627-\u062f\u0627\u0626\u0645\u06cc-\u0632\u0646\u062f\u0627\u0646\u06cc-\u0633\u06cc\u0627\u0633\u06cc-\u0628\u0627-\u062f\u0633\u062a\u0628\u0646\u062f-350x250-1.jpg 350w\" sizes=\"(max-width: 300px) 100vw, 300px\" \/><\/noscript>Je suis libre aujourd&#8217;hui parce qu&#8217;\u00eatre libre ne signifie pas n\u00e9cessairement que vous devez \u00eatre de l&#8217;autre c\u00f4t\u00e9 des barreaux. Chaque nouvelle condamnation confirme que je suis libre. Et je tiendrai jusqu\u2019au bout et tant que je serai en vie.<\/p>\n<p>Atena Daemi &#8211; Prison d&#8217;Evine &#8211; Juillet 2020<\/p>\n<p>&nbsp;<\/p>\n<p>&nbsp;<\/p>\n","protected":false},"excerpt":{"rendered":"<p>CNRI Femmes &#8211; La prisonni\u00e8re politique Atena Daemi, qui aurait d\u00fb \u00eatre lib\u00e9r\u00e9e le 4 juillet 2020 apr\u00e8s avoir purg\u00e9 cinq ans de prison, a \u00e9t\u00e9 condamn\u00e9e \u00e0 cinq ans suppl\u00e9mentaires et \u00e0 74 coups de fouet. Alors qu&#8217;Atena Daemi purgeait sa peine, les services de renseignement du Corps des gardiens de la r\u00e9volution (pasdarans) [&hellip;]<\/p>\n","protected":false},"author":4,"featured_media":11327,"comment_status":"closed","ping_status":"closed","sticky":false,"template":"","format":"standard","meta":{"jnews-multi-image_gallery":[],"jnews_single_post":{"source_name":"","source_url":"","via_name":"","via_url":"","override_template":"0","override":[{"template":"1","single_blog_custom":"","parallax":"1","fullscreen":"0","layout":"right-sidebar","sidebar":"default-sidebar","second_sidebar":"default-sidebar","sticky_sidebar":"1","share_position":"top","share_float_style":"share-monocrhome","show_share_counter":"1","show_view_counter":"1","show_featured":"1","show_post_meta":"1","show_post_author":"1","show_post_author_image":"1","show_post_date":"1","post_date_format":"default","post_date_format_custom":"Y\/m\/d","show_post_category":"1","show_post_reading_time":"0","post_reading_time_wpm":"300","show_zoom_button":"0","zoom_button_out_step":"2","zoom_button_in_step":"3","show_post_tag":"1","show_prev_next_post":"1","show_popup_post":"1","number_popup_post":"1","show_author_box":"0","show_post_related":"0","show_inline_post_related":"0"}],"override_image_size":"0","image_override":[{"single_post_thumbnail_size":"crop-500","single_post_gallery_size":"crop-500"}],"trending_post":"0","trending_post_position":"meta","trending_post_label":"Trending","sponsored_post":"0","sponsored_post_label":"Sponsored by","sponsored_post_name":"","sponsored_post_url":"","sponsored_post_logo_enable":"0","sponsored_post_logo":"","sponsored_post_desc":""},"jnews_primary_category":{"id":""},"jnews_social_meta":[],"jnews_override_counter":{"override_view_counter":"0","view_counter_number":"0","override_share_counter":"0","share_counter_number":"0","override_like_counter":"0","like_counter_number":"0","override_dislike_counter":"0","dislike_counter_number":"0"},"footnotes":""},"categories":[3],"tags":[369,370],"class_list":["post-11325","post","type-post","status-publish","format-standard","has-post-thumbnail","hentry","category-infos-des-femmes","tag-manifestations","tag-prisonnieres"],"_links":{"self":[{"href":"https:\/\/wncri.org\/fr\/wp-json\/wp\/v2\/posts\/11325","targetHints":{"allow":["GET"]}}],"collection":[{"href":"https:\/\/wncri.org\/fr\/wp-json\/wp\/v2\/posts"}],"about":[{"href":"https:\/\/wncri.org\/fr\/wp-json\/wp\/v2\/types\/post"}],"author":[{"embeddable":true,"href":"https:\/\/wncri.org\/fr\/wp-json\/wp\/v2\/users\/4"}],"replies":[{"embeddable":true,"href":"https:\/\/wncri.org\/fr\/wp-json\/wp\/v2\/comments?post=11325"}],"version-history":[{"count":0,"href":"https:\/\/wncri.org\/fr\/wp-json\/wp\/v2\/posts\/11325\/revisions"}],"wp:featuredmedia":[{"embeddable":true,"href":"https:\/\/wncri.org\/fr\/wp-json\/wp\/v2\/media\/11327"}],"wp:attachment":[{"href":"https:\/\/wncri.org\/fr\/wp-json\/wp\/v2\/media?parent=11325"}],"wp:term":[{"taxonomy":"category","embeddable":true,"href":"https:\/\/wncri.org\/fr\/wp-json\/wp\/v2\/categories?post=11325"},{"taxonomy":"post_tag","embeddable":true,"href":"https:\/\/wncri.org\/fr\/wp-json\/wp\/v2\/tags?post=11325"}],"curies":[{"name":"wp","href":"https:\/\/api.w.org\/{rel}","templated":true}]}}