{"id":11314,"date":"2020-07-06T17:25:59","date_gmt":"2020-07-06T15:25:59","guid":{"rendered":"https:\/\/wncri.org\/fr\/?p=11314"},"modified":"2020-08-18T15:11:20","modified_gmt":"2020-08-18T13:11:20","slug":"rapport-mensuel-juin-2020","status":"publish","type":"post","link":"https:\/\/wncri.org\/fr\/2020\/07\/06\/rapport-mensuel-juin-2020\/","title":{"rendered":"Rapport mensuel Juin 2020"},"content":{"rendered":"<p>Rapport mensuel Juin 2020<\/p>\n<p><a href=\"https:\/\/wncri.org\/fr\/wp-content\/uploads\/2020\/07\/Monthly_June2020_FR.pdf\" target=\"_blank\" rel=\"noopener noreferrer\"><u>Download full text<\/u><\/a><\/p>\n<p><u>\u00a0<\/u><\/p>\n<h4><strong>En plus des peines injustes, les prisonni\u00e8res politiques sont en danger d&#8217;\u00eatre tu\u00e9es par le coronavirus<\/strong><\/h4>\n<p>Le mois de juin a vu une nouvelle vague de coronavirus dans les villes en Iran, et plus particuli\u00e8rement dans les prisons.<\/p>\n<p>La situation des prisonni\u00e8res est bien pire que celle des autres personnes car elles sont plus vuln\u00e9rables \u00e0 la maladie. Les d\u00e9tenues subissent une double pression en raison des conditions effroyables qui r\u00e8gnent dans les prisons, du manque de produits d&#8217;hygi\u00e8ne et du refus d&#8217;acc\u00e8s aux m\u00e9dicaments, aux soins de sant\u00e9 et aux traitements m\u00e9dicaux.<\/p>\n<p>Des <a href=\"https:\/\/wncri.org\/fr\/2020\/06\/28\/les-militantes-civiles-en-iran-visees-par-des-arrestations-et-interdictions\/\" target=\"_blank\" rel=\"noopener noreferrer\">militantes<\/a> ont encore \u00e9t\u00e9 convoqu\u00e9es et arr\u00eat\u00e9es au mois de juin et les prisonni\u00e8res politiques ont subi davantage de pressions. Au moins huit militantes des droits civils et des droits des femmes ont \u00e9t\u00e9 convoqu\u00e9es au tribunal et six militantes condamn\u00e9es \u00e0 de nouvelles peines.<\/p>\n<p>Des prisonni\u00e8res politiques r\u00e9sistantes, tels que Maryam <a href=\"https:\/\/wncri.org\/fr\/2020\/06\/11\/davantage-de-pression-sur-les-prisonnieres-politiques-avec-de-fausses-accusations\/\" target=\"_blank\" rel=\"noopener noreferrer\">Akbari-Monfared et Atena Daemi<\/a>, qui purgent d\u00e9j\u00e0 leur peine en prison, ont \u00e9t\u00e9 convoqu\u00e9es au tribunal et mises en examen dans de nouvelles affaires fabriqu\u00e9es de toutes pi\u00e8ces contre elles et condamn\u00e9es \u00e0 des peines injustes telles que le fouet.<\/p>\n<p>Dans une affaire truqu\u00e9e, Atena Daemi a \u00e9t\u00e9 condamn\u00e9e, pour la troisi\u00e8me fois cons\u00e9cutive, \u00e0 une peine suppl\u00e9mentaire de deux ans de prison et \u00e0 74 coups de fouet. Sa peine de prison a donc atteint un total de 10 ans.<\/p>\n<p>En plus de ces peines injustes, les femmes sont pratiquement expos\u00e9es au risque d&#8217;infection et de mort \u00e0 cause du coronavirus lorsqu&#8217;elles sont emprisonn\u00e9es pour des raisons de s\u00e9curit\u00e9 malgr\u00e9 la pand\u00e9mie.<\/p>\n<p>Les conditions carc\u00e9rales sont sinistres \u00e0 Evine, Qarchak, Sepidar (\u00e0 Ahwaz), et dans d&#8217;autres villes. Non seulement les prisonni\u00e8res politiques ne sont pas lib\u00e9r\u00e9es ou ne peuvent obtenir de permission de sortie, mais pour celles qui ont pu utiliser leur permission, elles ont \u00e9t\u00e9 renvoy\u00e9es en prison apr\u00e8s l&#8217;expiration de leur cong\u00e9 et maintenues en quarantaine pendant des mois.<\/p>\n<p>Les prisonni\u00e8res qui ont \u00e9t\u00e9 envoy\u00e9es \u00e0 la prison de Qarchak \u00e0 Varamine, en guise de punition ou d&#8217;exil interne, sont d\u00e9tenues dans des conditions \u00e9pouvantables.<\/p>\n<p>Transf\u00e9r\u00e9e brusquement \u00e0 la prison de Qarchak le 29 avril, <a href=\"https:\/\/wncri.org\/fr\/2020\/06\/22\/la-prisonniere-politique-zeinab-jalalian-entame-une-greve-de-la-faim-en-iran\/\" target=\"_blank\" rel=\"noopener noreferrer\">Zeinab Jalalian<\/a> a \u00e9t\u00e9 infect\u00e9e par le coronavirus et sa vie est en grave danger.<\/p>\n","protected":false},"excerpt":{"rendered":"<p>Rapport mensuel Juin 2020 Download full text \u00a0 En plus des peines injustes, les prisonni\u00e8res politiques sont en danger d&#8217;\u00eatre tu\u00e9es par le coronavirus Le mois de juin a vu une nouvelle vague de coronavirus dans les villes en Iran, et plus particuli\u00e8rement dans les prisons. La situation des prisonni\u00e8res est bien pire que celle [&hellip;]<\/p>\n","protected":false},"author":4,"featured_media":11316,"comment_status":"closed","ping_status":"closed","sticky":false,"template":"","format":"standard","meta":{"jnews-multi-image_gallery":[],"jnews_single_post":{"subtitle":"","format":"standard","video":"","gallery":"","source_name":"","source_url":"","via_name":"","via_url":"","override":[{"template":"1","single_blog_custom":"","parallax":"1","layout":"right-sidebar","sidebar":"default-sidebar","second_sidebar":"default-sidebar","sticky_sidebar":"1","share_position":"top","share_float_style":"share-monocrhome","show_share_counter":"1","show_view_counter":"1","show_featured":"1","show_post_meta":"1","show_post_author":"1","show_post_author_image":"1","show_post_date":"1","post_date_format":"default","post_date_format_custom":"Y\/m\/d","show_post_category":"1","post_reading_time_wpm":"300","zoom_button_out_step":"2","zoom_button_in_step":"3","show_post_tag":"1","show_prev_next_post":"1","show_popup_post":"1","number_popup_post":"1"}],"image_override":[{"single_post_thumbnail_size":"crop-500","single_post_gallery_size":"crop-500"}],"trending_post_position":"meta","trending_post_label":"Trending","sponsored_post_label":"Sponsored by","sponsored_post_name":"","sponsored_post_url":"","sponsored_post_logo":"","sponsored_post_desc":""},"jnews_primary_category":{"id":""},"jnews_social_meta":[],"jnews_override_counter":{"view_counter_number":"0","share_counter_number":"0","like_counter_number":"0","dislike_counter_number":"0"},"footnotes":""},"categories":[7],"tags":[374,370,376],"class_list":["post-11314","post","type-post","status-publish","format-standard","has-post-thumbnail","hentry","category-les-regles","tag-coronavirus","tag-prisonnieres","tag-violence-contre-les-femmes"],"_links":{"self":[{"href":"https:\/\/wncri.org\/fr\/wp-json\/wp\/v2\/posts\/11314","targetHints":{"allow":["GET"]}}],"collection":[{"href":"https:\/\/wncri.org\/fr\/wp-json\/wp\/v2\/posts"}],"about":[{"href":"https:\/\/wncri.org\/fr\/wp-json\/wp\/v2\/types\/post"}],"author":[{"embeddable":true,"href":"https:\/\/wncri.org\/fr\/wp-json\/wp\/v2\/users\/4"}],"replies":[{"embeddable":true,"href":"https:\/\/wncri.org\/fr\/wp-json\/wp\/v2\/comments?post=11314"}],"version-history":[{"count":0,"href":"https:\/\/wncri.org\/fr\/wp-json\/wp\/v2\/posts\/11314\/revisions"}],"wp:featuredmedia":[{"embeddable":true,"href":"https:\/\/wncri.org\/fr\/wp-json\/wp\/v2\/media\/11316"}],"wp:attachment":[{"href":"https:\/\/wncri.org\/fr\/wp-json\/wp\/v2\/media?parent=11314"}],"wp:term":[{"taxonomy":"category","embeddable":true,"href":"https:\/\/wncri.org\/fr\/wp-json\/wp\/v2\/categories?post=11314"},{"taxonomy":"post_tag","embeddable":true,"href":"https:\/\/wncri.org\/fr\/wp-json\/wp\/v2\/tags?post=11314"}],"curies":[{"name":"wp","href":"https:\/\/api.w.org\/{rel}","templated":true}]}}