{"id":11235,"date":"2020-06-22T10:50:57","date_gmt":"2020-06-22T08:50:57","guid":{"rendered":"https:\/\/wncri.org\/fr\/?p=11235"},"modified":"2020-06-23T12:55:26","modified_gmt":"2020-06-23T10:55:26","slug":"la-prisonniere-politique-zeinab-jalalian-entame-une-greve-de-la-faim-en-iran","status":"publish","type":"post","link":"https:\/\/wncri.org\/fr\/2020\/06\/22\/la-prisonniere-politique-zeinab-jalalian-entame-une-greve-de-la-faim-en-iran\/","title":{"rendered":"La prisonni\u00e8re politique Zeinab Jalalian entame une gr\u00e8ve de la faim en Iran"},"content":{"rendered":"<p>CNRI Femmes &#8211; La prisonni\u00e8re politique Zeinab Jalalian a commenc\u00e9 sa gr\u00e8ve de la faim le 20 juin 2020, pour protester contre son transfert \u00e0 la prison de Qarchak.<\/p>\n<p>La demande de la prisonni\u00e8re politique, <a href=\"https:\/\/wncri.org\/fr\/2020\/06\/07\/la-prisonniere-politique-kurde-zeinab-jalalian-contaminee-par-le-covid-19\/\" target=\"_blank\" rel=\"noopener noreferrer\">infect\u00e9e par le coronavirus<\/a>, est d&#8217;\u00eatre soit transf\u00e9r\u00e9e \u00e0 la prison d&#8217;Evine, o\u00f9 se trouvent la plupart des prisonni\u00e8res politiques, soit renvoy\u00e9e \u00e0 la <a href=\"https:\/\/wncri.org\/fr\/2020\/05\/02\/la-prisonniere-politique-zeinab-jalalian-transferee-a-la-prison-de-qarchak\/\" target=\"_blank\" rel=\"noopener noreferrer\">prison de Khoy<\/a> o\u00f9 elle \u00e9tait pr\u00e9c\u00e9demment.<\/p>\n<p>Zeinab Jalalian est actuellement d\u00e9tenue dans le quartier de quarantaine de la prison de Qarchak et se voit refuser l&#8217;acc\u00e8s \u00e0 un traitement m\u00e9dical.<\/p>\n<p>&nbsp;<\/p>\n<p>\u00ab\u00a0La prisonni\u00e8re politique Zeinab Jalalian souffre \u00e9galement d&#8217;asthme. En raison de son infection par le coronavirus, elle tousse constamment et son \u00e9tat pulmonaire s&#8217;est d\u00e9t\u00e9rior\u00e9. Apr\u00e8s confirmation de son infection par le Covid-19, elle a subi une radiographie pulmonaire et a \u00e9t\u00e9 imm\u00e9diatement renvoy\u00e9e au service de quarantaine de la prison de Qarchak\u00a0\u00bb, a d\u00e9clar\u00e9 une source inform\u00e9e de la maladie de Zeinab.<\/p>\n<p>Les conditions sanitaires dans le service de quarantaine sont horribles. Ce quartier a encore moins d&#8217;installations que les autres parties de la prison.<\/p>\n<p>Un m\u00e9decin sp\u00e9cialiste avait pr\u00e9c\u00e9demment d\u00e9clar\u00e9 \u00e0 Zeinab Jalalian : \u00ab\u00a0Elle doit se r\u00e9tablir dans un environnement sans stress, avec une bonne hygi\u00e8ne et une nourriture saine, tout en \u00e9tant sous la surveillance de m\u00e9decins. Sinon, son syst\u00e8me respiratoire risque d&#8217;\u00eatre irr\u00e9m\u00e9diablement endommag\u00e9.\u00a0\u00bb<\/p>\n<p>La situation \u00e0 la <a href=\"https:\/\/wncri.org\/fr\/2020\/04\/20\/regard-sur-la-situation-tragique-a-la-prison-pour-femmes-de-qarchak-en-iran\/\" target=\"_blank\" rel=\"noopener noreferrer\">prison de Qarchak<\/a> serait tr\u00e8s grave. Les femmes infect\u00e9es par le covid-19 ont \u00e9t\u00e9 transf\u00e9r\u00e9es dans un endroit appel\u00e9 \u00ab\u00a0le Club\u00a0\u00bb de la prison, qui est insalubre et sans ventilation ad\u00e9quate. Elles y sont d\u00e9tenues sans soins m\u00e9dicaux, sans traitement et sans nourriture.<\/p>\n<p>&nbsp;<\/p>\n<p>&nbsp;<\/p>\n","protected":false},"excerpt":{"rendered":"<p>CNRI Femmes &#8211; La prisonni\u00e8re politique Zeinab Jalalian a commenc\u00e9 sa gr\u00e8ve de la faim le 20 juin 2020, pour protester contre son transfert \u00e0 la prison de Qarchak. La demande de la prisonni\u00e8re politique, infect\u00e9e par le coronavirus, est d&#8217;\u00eatre soit transf\u00e9r\u00e9e \u00e0 la prison d&#8217;Evine, o\u00f9 se trouvent la plupart des prisonni\u00e8res politiques, [&hellip;]<\/p>\n","protected":false},"author":4,"featured_media":11232,"comment_status":"closed","ping_status":"closed","sticky":false,"template":"","format":"standard","meta":{"jnews-multi-image_gallery":[],"jnews_single_post":{"source_name":"","source_url":"","via_name":"","via_url":"","override_template":"0","override":[{"template":"1","single_blog_custom":"","parallax":"1","fullscreen":"0","layout":"right-sidebar","sidebar":"default-sidebar","second_sidebar":"default-sidebar","sticky_sidebar":"1","share_position":"top","share_float_style":"share-monocrhome","show_share_counter":"1","show_view_counter":"1","show_featured":"1","show_post_meta":"1","show_post_author":"1","show_post_author_image":"1","show_post_date":"1","post_date_format":"default","post_date_format_custom":"Y\/m\/d","show_post_category":"1","show_post_reading_time":"0","post_reading_time_wpm":"300","show_zoom_button":"0","zoom_button_out_step":"2","zoom_button_in_step":"3","show_post_tag":"1","show_prev_next_post":"1","show_popup_post":"1","number_popup_post":"1","show_author_box":"0","show_post_related":"0","show_inline_post_related":"0"}],"override_image_size":"0","image_override":[{"single_post_thumbnail_size":"crop-500","single_post_gallery_size":"crop-500"}],"trending_post":"0","trending_post_position":"meta","trending_post_label":"Trending","sponsored_post":"0","sponsored_post_label":"Sponsored by","sponsored_post_name":"","sponsored_post_url":"","sponsored_post_logo_enable":"0","sponsored_post_logo":"","sponsored_post_desc":""},"jnews_primary_category":{"id":""},"jnews_social_meta":[],"jnews_override_counter":{"override_view_counter":"0","view_counter_number":"0","override_share_counter":"0","share_counter_number":"0","override_like_counter":"0","like_counter_number":"0","override_dislike_counter":"0","dislike_counter_number":"0"},"footnotes":""},"categories":[3],"tags":[374,369,370],"class_list":["post-11235","post","type-post","status-publish","format-standard","has-post-thumbnail","hentry","category-infos-des-femmes","tag-coronavirus","tag-manifestations","tag-prisonnieres"],"_links":{"self":[{"href":"https:\/\/wncri.org\/fr\/wp-json\/wp\/v2\/posts\/11235","targetHints":{"allow":["GET"]}}],"collection":[{"href":"https:\/\/wncri.org\/fr\/wp-json\/wp\/v2\/posts"}],"about":[{"href":"https:\/\/wncri.org\/fr\/wp-json\/wp\/v2\/types\/post"}],"author":[{"embeddable":true,"href":"https:\/\/wncri.org\/fr\/wp-json\/wp\/v2\/users\/4"}],"replies":[{"embeddable":true,"href":"https:\/\/wncri.org\/fr\/wp-json\/wp\/v2\/comments?post=11235"}],"version-history":[{"count":0,"href":"https:\/\/wncri.org\/fr\/wp-json\/wp\/v2\/posts\/11235\/revisions"}],"wp:featuredmedia":[{"embeddable":true,"href":"https:\/\/wncri.org\/fr\/wp-json\/wp\/v2\/media\/11232"}],"wp:attachment":[{"href":"https:\/\/wncri.org\/fr\/wp-json\/wp\/v2\/media?parent=11235"}],"wp:term":[{"taxonomy":"category","embeddable":true,"href":"https:\/\/wncri.org\/fr\/wp-json\/wp\/v2\/categories?post=11235"},{"taxonomy":"post_tag","embeddable":true,"href":"https:\/\/wncri.org\/fr\/wp-json\/wp\/v2\/tags?post=11235"}],"curies":[{"name":"wp","href":"https:\/\/api.w.org\/{rel}","templated":true}]}}