{"id":11226,"date":"2020-06-20T10:35:13","date_gmt":"2020-06-20T08:35:13","guid":{"rendered":"https:\/\/wncri.org\/fr\/?p=11226"},"modified":"2020-06-23T10:43:40","modified_gmt":"2020-06-23T08:43:40","slug":"des-femmes-arretees-pour-des-photos-sans-voile-sur-les-medias-sociaux","status":"publish","type":"post","link":"https:\/\/wncri.org\/fr\/2020\/06\/20\/des-femmes-arretees-pour-des-photos-sans-voile-sur-les-medias-sociaux\/","title":{"rendered":"Des femmes arr\u00eat\u00e9es pour des photos sans voile sur les m\u00e9dias sociaux"},"content":{"rendered":"<p>CNRI Femmes &#8211; Pour avoir publi\u00e9 des photos d&#8217;elles sur les m\u00e9dias sociaux, leur compte personnel Instagram, de nombreuses femmes \u00e0 Machad ont \u00e9t\u00e9 convoqu\u00e9es et arr\u00eat\u00e9es. Elles ne portaient pas de voile sur les photos.<\/p>\n<p>Le procureur g\u00e9n\u00e9ral adjoint de la province de Khorassan-Razavi (nord-est de l\u2019Iran), Ghanbari-Rad, a annonc\u00e9 qu&#8217;un nombre important de femmes avaient \u00e9t\u00e9 identifi\u00e9es, convoqu\u00e9es et arr\u00eat\u00e9es dans la province parce qu&#8217;elles avaient \u00ab\u00a0<a title=\"women.ncr-iran.org-retir\u00e9 leur voile\" href=\"https:\/\/www.maryam-rajavi.com\/fr\/points-de-vue\/droits-femme-iran\" target=\"_blank\" rel=\"noopener noreferrer\">retir\u00e9 leur voile<\/a> sur les m\u00e9dias sociaux\u00a0\u00bb.<\/p>\n<p>Selon Ghanbari-Rad, certaines de ces femmes ont \u00e9t\u00e9 emprisonn\u00e9es et d&#8217;autres ont \u00e9t\u00e9 lib\u00e9r\u00e9es sous caution. Les dossiers de ces femmes ont \u00e9t\u00e9 envoy\u00e9s au tribunal pour que des peines soient prononc\u00e9es.<\/p>\n<p>Ghanbari-Rad a \u00e9galement annonc\u00e9 que plusieurs autres femmes avaient \u00e9t\u00e9 identifi\u00e9es de la m\u00eame mani\u00e8re. Elles ont comparu en justice et ont fait part de leur remords. Leurs poursuites ont \u00e9t\u00e9 suspendues, et elles ont re\u00e7u l&#8217;ordre de suivre des \u00ab\u00a0cours de culture\u00a0\u00bb. (Agence officielle IRNA &#8211; 15 juin 2020).<\/p>\n<p>Selon la d\u00e9p\u00eache, la police de la s\u00e9curit\u00e9 et du renseignement de la province a coop\u00e9r\u00e9 en arr\u00eatant les femmes. L\u2019information ne pr\u00e9cise pas le nombre exact de personnes d\u00e9tenues, ni ne divulgue l&#8217;identit\u00e9 des femmes.<\/p>\n<p>\u00ab\u00a0Concernant le retrait du voile dans le cyberespace, il faut noter que puisqu&#8217;il fait partie de l&#8217;ensemble des infractions, nous <a title=\"women.ncr-iran.org-s\u00e9virons\" href=\"https:\/\/wncri.org\/fr\/2018\/11\/25\/l-iran-detient-l-un-des-records-les-plus-eleves-en-matiere-de-violences-faites-aux-femmes\/\" target=\"_blank\" rel=\"noopener noreferrer\">s\u00e9virons<\/a> certainement et la police agira avec fermet\u00e9 \u00e0 cet \u00e9gard\u00a0\u00bb, a annonc\u00e9 Ramin Pasha\u2019i, le directeur des affaires sociales de FATA, la cyberpolice en Iran.<\/p>\n<p>Peu avant, son patron, Touraj Kazemi, avait d\u00e9clar\u00e9 que c&#8217;est un d\u00e9lit de publier des images personnelles de femmes mal habill\u00e9es sur les m\u00e9dias sociaux (site Asr-e Pouya, 19 mai 2020).<\/p>\n<p>Dans une note, le mollah Hojjatollah Zaker, a qualifi\u00e9 les femmes sans voile \u201cd\u2019ind\u00e9centes\u201d et a <a title=\"women.ncr-iran.org-insult\u00e9 les Iraniennes\" href=\"https:\/\/wncri.org\/fr\/2020\/06\/22\/le-regime-misogyne-en-iran-prepare-de-nouvelles-mesures-de-repression-contre-les-mal-voilees\/\" target=\"_blank\" rel=\"noopener noreferrer\">insult\u00e9 les Iraniennes<\/a> en crachant son venin\u00a0: \u00ab\u00a0Alors que la chaleur arrive, le march\u00e9 de l\u2019ind\u00e9cence est \u00e9galement en plein essor. On voit des femmes et des filles \u00e0 travers la ville et parfois au volant portant des tenues repoussantes, et parfois sans voile.\u00a0\u00bb (Site Entekhab , 16 juin 2020).<\/p>\n<p>\u00ab\u00a0La principale cause de nombreux pr\u00e9judices sociaux, familiaux et individuels est le d\u00e9voilement\u00a0\u00bb, a-t-il os\u00e9 ajouter.<\/p>\n<p>Il a reconnu l&#8217;inefficacit\u00e9 de la <a title=\"women.ncr-iran.org-r\u00e9pression\" href=\"https:\/\/wncri.org\/fr\/2020\/06\/15\/accroitre-la-pression-sur-les-iraniennes-en-raison-du-voile-obligatoire\/\" target=\"_blank\" rel=\"noopener noreferrer\">r\u00e9pression<\/a> et de la pression exerc\u00e9e sur les femmes par le biais du voile obligatoire, en d\u00e9clarant\u00a0: \u00ab\u00a0Il est certain que ce niveau d&#8217;audace des femmes \u00e0 ignorer les lois de la chastet\u00e9 et du voile d\u00e9coule des politiques men\u00e9es par certains politiciens, responsables et institutions gouvernementales ces derni\u00e8res d\u00e9cennies. Ils ont li\u00e9 cette cat\u00e9gorie culturelle \u00e0 la politique, ce qui a conduit \u00e0 une exploitation politique. Les 26 organes responsables (de la surveillance des femmes) ont \u00e9t\u00e9 n\u00e9gligents et inefficaces parce qu&#8217;aucun n&#8217;a fait <a title=\"women.ncr-iran.org-respecter la loi\" href=\"https:\/\/wncri.org\/fr\/2019\/06\/02\/le-voile-obligatoire-et-les-restrictions-imposees-aux-femmes-sont-vitaux-pour-les-mollahs\/\" rel=\"\">respecter la loi<\/a> \u00e0 cet \u00e9gard.\u00a0\u00bb<\/p>\n<p>La r\u00e9pression interne, et en particulier des femmes, est l&#8217;un des piliers qui maintiennent les mollahs au pouvoir.<\/p>\n<p>&nbsp;<\/p>\n<p>&nbsp;<\/p>\n<p>&nbsp;<\/p>\n","protected":false},"excerpt":{"rendered":"<p>CNRI Femmes &#8211; Pour avoir publi\u00e9 des photos d&#8217;elles sur les m\u00e9dias sociaux, leur compte personnel Instagram, de nombreuses femmes \u00e0 Machad ont \u00e9t\u00e9 convoqu\u00e9es et arr\u00eat\u00e9es. Elles ne portaient pas de voile sur les photos. Le procureur g\u00e9n\u00e9ral adjoint de la province de Khorassan-Razavi (nord-est de l\u2019Iran), Ghanbari-Rad, a annonc\u00e9 qu&#8217;un nombre important de [&hellip;]<\/p>\n","protected":false},"author":4,"featured_media":11227,"comment_status":"closed","ping_status":"closed","sticky":false,"template":"","format":"standard","meta":{"jnews-multi-image_gallery":[],"jnews_single_post":{"source_name":"","source_url":"","via_name":"","via_url":"","override_template":"0","override":[{"template":"1","single_blog_custom":"","parallax":"1","fullscreen":"0","layout":"right-sidebar","sidebar":"default-sidebar","second_sidebar":"default-sidebar","sticky_sidebar":"1","share_position":"top","share_float_style":"share-monocrhome","show_share_counter":"1","show_view_counter":"1","show_featured":"1","show_post_meta":"1","show_post_author":"1","show_post_author_image":"1","show_post_date":"1","post_date_format":"default","post_date_format_custom":"Y\/m\/d","show_post_category":"1","show_post_reading_time":"0","post_reading_time_wpm":"300","show_zoom_button":"0","zoom_button_out_step":"2","zoom_button_in_step":"3","show_post_tag":"1","show_prev_next_post":"1","show_popup_post":"1","number_popup_post":"1","show_author_box":"0","show_post_related":"0","show_inline_post_related":"0"}],"override_image_size":"0","image_override":[{"single_post_thumbnail_size":"crop-500","single_post_gallery_size":"crop-500"}],"trending_post":"0","trending_post_position":"meta","trending_post_label":"Trending","sponsored_post":"0","sponsored_post_label":"Sponsored by","sponsored_post_name":"","sponsored_post_url":"","sponsored_post_logo_enable":"0","sponsored_post_logo":"","sponsored_post_desc":""},"jnews_primary_category":{"id":""},"jnews_social_meta":[],"jnews_override_counter":{"override_view_counter":"0","view_counter_number":"0","override_share_counter":"0","share_counter_number":"0","override_like_counter":"0","like_counter_number":"0","override_dislike_counter":"0","dislike_counter_number":"0"},"footnotes":""},"categories":[3],"tags":[376,375],"class_list":["post-11226","post","type-post","status-publish","format-standard","has-post-thumbnail","hentry","category-infos-des-femmes","tag-violence-contre-les-femmes","tag-voile-obligatoire"],"_links":{"self":[{"href":"https:\/\/wncri.org\/fr\/wp-json\/wp\/v2\/posts\/11226","targetHints":{"allow":["GET"]}}],"collection":[{"href":"https:\/\/wncri.org\/fr\/wp-json\/wp\/v2\/posts"}],"about":[{"href":"https:\/\/wncri.org\/fr\/wp-json\/wp\/v2\/types\/post"}],"author":[{"embeddable":true,"href":"https:\/\/wncri.org\/fr\/wp-json\/wp\/v2\/users\/4"}],"replies":[{"embeddable":true,"href":"https:\/\/wncri.org\/fr\/wp-json\/wp\/v2\/comments?post=11226"}],"version-history":[{"count":0,"href":"https:\/\/wncri.org\/fr\/wp-json\/wp\/v2\/posts\/11226\/revisions"}],"wp:featuredmedia":[{"embeddable":true,"href":"https:\/\/wncri.org\/fr\/wp-json\/wp\/v2\/media\/11227"}],"wp:attachment":[{"href":"https:\/\/wncri.org\/fr\/wp-json\/wp\/v2\/media?parent=11226"}],"wp:term":[{"taxonomy":"category","embeddable":true,"href":"https:\/\/wncri.org\/fr\/wp-json\/wp\/v2\/categories?post=11226"},{"taxonomy":"post_tag","embeddable":true,"href":"https:\/\/wncri.org\/fr\/wp-json\/wp\/v2\/tags?post=11226"}],"curies":[{"name":"wp","href":"https:\/\/api.w.org\/{rel}","templated":true}]}}