{"id":11221,"date":"2020-06-22T23:23:56","date_gmt":"2020-06-22T21:23:56","guid":{"rendered":"https:\/\/wncri.org\/fr\/?p=11221"},"modified":"2020-08-24T20:02:35","modified_gmt":"2020-08-24T18:02:35","slug":"le-regime-misogyne-en-iran-prepare-de-nouvelles-mesures-de-repression-contre-les-mal-voilees","status":"publish","type":"post","link":"https:\/\/wncri.org\/fr\/2020\/06\/22\/le-regime-misogyne-en-iran-prepare-de-nouvelles-mesures-de-repression-contre-les-mal-voilees\/","title":{"rendered":"Le r\u00e9gime misogyne en Iran pr\u00e9pare de nouvelles mesures de r\u00e9pression contre les \u00ab mal-voil\u00e9es \u00bb"},"content":{"rendered":"<p>Craignant un nouveau pic de manifestations populaires en Iran, le r\u00e9gime misogyne des mollahs lance <a href=\"https:\/\/wncri.org\/fr\/2020\/06\/15\/accroitre-la-pression-sur-les-iraniennes-en-raison-du-voile-obligatoire\/\" target=\"_blank\" rel=\"noopener noreferrer\">une nouvelle vague d&#8217;arrestations arbitraires<\/a> pour r\u00e9primer les jeunes et en particulier les femmes, profitant de l&#8217;arriv\u00e9e de l&#8217;\u00e9t\u00e9 pour les harceler sous pr\u00e9texte de ne pas observer correctement le code vestimentaire et le voile.<\/p>\n<p>&nbsp;<\/p>\n<p>Citant le mollah Hojjatollah Zaker, un responsable culturel et social du Centre des affaires des mosqu\u00e9es, l&#8217;agence de presse Fars affili\u00e9e aux pasdarans, a \u00e9crit le 16 juin 2020 : \u00ab&nbsp;Alors que la chaleur arrive, le march\u00e9 de l\u2019ind\u00e9cence est \u00e9galement en plein essor. On voit des femmes et des filles \u00e0 travers la ville et parfois au volant portant des tenues repoussantes, et parfois sans voile (&#8230;) La n\u00e9gligence des 26 organes responsables a \u00e9galement un grand impact car aucun ne fait respecter les lois \u00e9crites \u00e0 cet \u00e9gard (&#8230;) Nous esp\u00e9rons qu&#8217;\u00e0 la fin du printemps, les organes responsables se r\u00e9veilleront de leur hibernation de plusieurs ann\u00e9es et trouveront une solution \u00e0 cette situation difficile.&nbsp;\u00bb<\/p>\n<p>&nbsp;<\/p>\n<p>Le m\u00eame jour, Vali Ghanbari-Rad, procureur r\u00e9volutionnaire adjoint de la province de Khorasan Razavi, a annonc\u00e9 qu&#8217;un grand nombre de femmes avaient \u00e9t\u00e9 arr\u00eat\u00e9es dans cette province pour avoir \u00ab&nbsp;<a href=\"https:\/\/wncri.org\/fr\/2020\/05\/20\/le-voile-obligatoire-en-iran-setend-a-la-vie-privee-sur-instagram\/\" target=\"_blank\" rel=\"noopener noreferrer\">publi\u00e9 des photos sur Instagram sans se couvrir la t\u00eate&nbsp;<\/a>\u00bb. Le site Khabar Fori a cit\u00e9 ses propos : \u00ab&nbsp;Apr\u00e8s les rapports soumis par des agents non connus (l&#8217;arm\u00e9e de hackers et d&#8217;espions du r\u00e9gime qui surveille les internautes sur les m\u00e9dias sociaux), nous avons ouvert une enqu\u00eate sur l&#8217;affaire en collaboration avec la police de la s\u00e9curit\u00e9 et du renseignement de cette province. L&#8217;objectif \u00e9tait de s\u00e9vir contre les comportements rel\u00e2ch\u00e9s et triviaux sur Instagram (&#8230;) De nombreuses meneuses qui ont publi\u00e9 des photos sur les m\u00e9dias sociaux sans porter le voile ont \u00e9t\u00e9 identifi\u00e9es et arr\u00eat\u00e9es. Certaines ont \u00e9t\u00e9 envoy\u00e9es en prison apr\u00e8s avoir \u00e9t\u00e9 condamn\u00e9es. D\u2019autres ont \u00e9t\u00e9 lib\u00e9r\u00e9es sous caution et leurs dossiers ont \u00e9t\u00e9 envoy\u00e9s au tribunal pour qu&#8217;il leur inflige des peines&#8221;.<\/p>\n<p>&nbsp;<\/p>\n<p>L&#8217;agence Fars a \u00e9galement organis\u00e9 une table ronde \u00ab&nbsp;pour examiner la situation du voile et de la d\u00e9cence islamique dans les universit\u00e9s&nbsp;\u00bb.<\/p>\n<p>&nbsp;<\/p>\n<p>Fars a cit\u00e9 Maryam Akhoundi, membre du conseil central et du bureau des femmes de l&#8217;Association islamique des \u00e9tudiants de l&#8217;universit\u00e9 Amir Kabir: \u00ab&nbsp;Nous sommes t\u00e9moins d&#8217;une sorte de rel\u00e2chement dans les universit\u00e9s (&#8230;) Nous constatons que, malheureusement, dans certains cas, il n&#8217;y a qu&#8217;une approche de surveillance. Les cas sont trait\u00e9s avec indulgence et selon le go\u00fbt.&nbsp;\u00bb<\/p>\n<p>&nbsp;<\/p>\n<p>\u00ab&nbsp;Nous ne devons pas attendre des mesures des responsables des universit\u00e9s&nbsp;\u00bb, a d\u00e9clar\u00e9 Akhoundi, appelant ainsi les miliciens du Bassidj dans les universit\u00e9s \u00e0 prendre directement des mesures contre les \u00e9tudiantes.<\/p>\n<p>&nbsp;<\/p>\n<p>Zeinab Sharifi, responsable de la milice \u00e9tudiante du Bassidj de l&#8217;universit\u00e9 de la Charia, enti\u00e8rement f\u00e9minine, a \u00e9galement r\u00e9v\u00e9l\u00e9 lors de cette table ronde que \u00ab&nbsp;la dignit\u00e9 des personnes (c&#8217;est-\u00e0-dire des jeunes femmes) n&#8217;est pas respect\u00e9e par le d\u00e9partement de la s\u00e9curit\u00e9 de l&#8217;universit\u00e9.&nbsp;\u00bb&nbsp; (Fars, 13 juin 2020)<\/p>\n<p>&nbsp;<\/p>\n<p>De toute \u00e9vidence, ces mesures r\u00e9pressives ne feront qu&#8217;ajouter \u00e0 l&#8217;indignation sociale et en particulier \u00e0 la fureur des femmes et des jeunes qui se sont organis\u00e9s en unit\u00e9s et cellules de r\u00e9sistance pour <a href=\"https:\/\/www.maryam-rajavi.com\/fr\/points-de-vue\/programme-politique-iran\" target=\"_blank\" rel=\"noopener noreferrer\">renverser la dictature religieuse<\/a> par des manifestations et des soul\u00e8vements populaires.<\/p>\n<p>&nbsp;<\/p>\n<p style=\"text-align: center;\"><a href=\"https:\/\/wncri.org\/fr\/la-commission-des-femmes-du-cnri\/\" target=\"_blank\" rel=\"noopener noreferrer\"><strong>Commission des Femmes <\/strong><\/a><\/p>\n<p style=\"text-align: center;\"><strong>du Conseil national de la R\u00e9sistance iranienne<\/strong><\/p>\n<p style=\"text-align: center;\"><strong>Le 22 juin <\/strong><strong>2020<\/strong><\/p>\n<p style=\"text-align: center;\">\n","protected":false},"excerpt":{"rendered":"<p>Craignant un nouveau pic de manifestations populaires en Iran, le r\u00e9gime misogyne des mollahs lance une nouvelle vague d&#8217;arrestations arbitraires pour r\u00e9primer les jeunes et en particulier les femmes, profitant de l&#8217;arriv\u00e9e de l&#8217;\u00e9t\u00e9 pour les harceler sous pr\u00e9texte de ne pas observer correctement le code vestimentaire et le voile. &nbsp; Citant le mollah Hojjatollah [&hellip;]<\/p>\n","protected":false},"author":4,"featured_media":11694,"comment_status":"closed","ping_status":"closed","sticky":false,"template":"","format":"standard","meta":{"jnews-multi-image_gallery":[],"jnews_single_post":{"subtitle":"","format":"standard","video":"","gallery":"","source_name":"","source_url":"","via_name":"","via_url":"","override":[{"template":"1","single_blog_custom":"","parallax":"1","layout":"right-sidebar","sidebar":"default-sidebar","second_sidebar":"default-sidebar","sticky_sidebar":"1","share_position":"top","share_float_style":"share-monocrhome","show_share_counter":"1","show_view_counter":"1","show_featured":"1","show_post_meta":"1","show_post_author":"1","show_post_author_image":"1","show_post_date":"1","post_date_format":"default","post_date_format_custom":"Y\/m\/d","show_post_category":"1","post_reading_time_wpm":"300","zoom_button_out_step":"2","zoom_button_in_step":"3","show_post_tag":"1","show_prev_next_post":"1","show_popup_post":"1","number_popup_post":"1"}],"image_override":[{"single_post_thumbnail_size":"crop-500","single_post_gallery_size":"crop-500"}],"trending_post_position":"meta","trending_post_label":"Trending","sponsored_post_label":"Sponsored by","sponsored_post_name":"","sponsored_post_url":"","sponsored_post_logo":"","sponsored_post_desc":""},"jnews_primary_category":{"id":""},"jnews_social_meta":[],"jnews_override_counter":{"view_counter_number":"0","share_counter_number":"0","like_counter_number":"0","dislike_counter_number":"0"},"footnotes":""},"categories":[5],"tags":[376,375],"class_list":["post-11221","post","type-post","status-publish","format-standard","has-post-thumbnail","hentry","category-communiques","tag-violence-contre-les-femmes","tag-voile-obligatoire"],"_links":{"self":[{"href":"https:\/\/wncri.org\/fr\/wp-json\/wp\/v2\/posts\/11221","targetHints":{"allow":["GET"]}}],"collection":[{"href":"https:\/\/wncri.org\/fr\/wp-json\/wp\/v2\/posts"}],"about":[{"href":"https:\/\/wncri.org\/fr\/wp-json\/wp\/v2\/types\/post"}],"author":[{"embeddable":true,"href":"https:\/\/wncri.org\/fr\/wp-json\/wp\/v2\/users\/4"}],"replies":[{"embeddable":true,"href":"https:\/\/wncri.org\/fr\/wp-json\/wp\/v2\/comments?post=11221"}],"version-history":[{"count":0,"href":"https:\/\/wncri.org\/fr\/wp-json\/wp\/v2\/posts\/11221\/revisions"}],"wp:featuredmedia":[{"embeddable":true,"href":"https:\/\/wncri.org\/fr\/wp-json\/wp\/v2\/media\/11694"}],"wp:attachment":[{"href":"https:\/\/wncri.org\/fr\/wp-json\/wp\/v2\/media?parent=11221"}],"wp:term":[{"taxonomy":"category","embeddable":true,"href":"https:\/\/wncri.org\/fr\/wp-json\/wp\/v2\/categories?post=11221"},{"taxonomy":"post_tag","embeddable":true,"href":"https:\/\/wncri.org\/fr\/wp-json\/wp\/v2\/tags?post=11221"}],"curies":[{"name":"wp","href":"https:\/\/api.w.org\/{rel}","templated":true}]}}