{"id":11218,"date":"2020-06-21T10:05:12","date_gmt":"2020-06-21T08:05:12","guid":{"rendered":"https:\/\/wncri.org\/fr\/?p=11218"},"modified":"2020-06-22T10:07:46","modified_gmt":"2020-06-22T08:07:46","slug":"une-prisonniere-politique-kurde-tabassee-a-la-prison-de-qarchak","status":"publish","type":"post","link":"https:\/\/wncri.org\/fr\/2020\/06\/21\/une-prisonniere-politique-kurde-tabassee-a-la-prison-de-qarchak\/","title":{"rendered":"Une prisonni\u00e8re politique kurde tabass\u00e9e \u00e0 la prison de Qarchak"},"content":{"rendered":"<p>CNRI Femmes &#8211; La prisonni\u00e8re politique kurde Sakineh Parvaneh a r\u00e9cemment \u00e9t\u00e9 battue par plusieurs d\u00e9tenue de droit commun en prison. Elles ont pris pour cible la prisonni\u00e8re apr\u00e8s y avoir \u00e9t\u00e9 incit\u00e9es par les responsables de la section 3 de la prison de Qarchak, situ\u00e9e en grande banlieue de T\u00e9h\u00e9ran.<\/p>\n<p>Apr\u00e8s son transfert de la prison d&#8217;Evine \u00e0 celle de Qarchak, Sakineh Parvaneh a \u00e9t\u00e9 emmen\u00e9e en avril \u00e0 l&#8217;h\u00f4pital psychiatrique d&#8217;Aminabad \u00e0 Rey. Des signes visibles de coups ont \u00e9t\u00e9 relev\u00e9s sur son corps.<\/p>\n<p>\u00ab\u00a0Depuis son transfert \u00e0 la prison de Qarchak, la prisonni\u00e8re politique kurde Sakineh Parvaneh a \u00e9t\u00e9 envoy\u00e9e de force \u00e0 plusieurs reprises \u00e0 l&#8217;h\u00f4pital psychiatrique d&#8217;Aminabad, o\u00f9 elle a subi de nouvelles pressions et a \u00e9t\u00e9 brutalis\u00e9e. Ces \u00e9v\u00e9nements indiquent des violations des droits de l&#8217;homme&#8221;, a \u00e9crit la prisonni\u00e8re politique <a href=\"https:\/\/wncri.org\/fr\/2020\/05\/08\/golrokh-ebrahimi-iraee-zeinab-jalalian-est-le-symbole-de-la-lutte\/\">Golrokh Ebrahimi Iraee<\/a>, dans une lettre ouverte depuis la prison de Qarchak, en avril 2020.<\/p>\n<p>Le 25 mai 2020, la prisonni\u00e8re politique kurde Sakineh Parvaneh a entam\u00e9 une <a href=\"https:\/\/wncri.org\/fr\/2020\/05\/28\/la-greve-de-la-faim-de-sakineh-parvaneh-un-plaidoyer-pour-les-droits-fondamentaux\/\">gr\u00e8ve de la faim<\/a> de plusieurs jours pour protester contre sa condamnation \u00e0 5 ans de prison et contre le non-respect par les autorit\u00e9s du principe de s\u00e9paration des cat\u00e9gories de prisonni\u00e8res.<\/p>\n<p>Les femmes d\u00e9tenues \u00e0 la prison de Qarchak sont souvent battues, dans le cadre des m\u00e9thodes violentes et r\u00e9pressives utilis\u00e9es contre les prisonniers politiques.<\/p>\n<p>Les prisonni\u00e8res politiques Yasaman Aryani, Neda Naji, Atefeh Rangriz, et Sepideh Qolian ont \u00e9t\u00e9 gravement brutalis\u00e9es par des d\u00e9tenues de droit commun dans la prison de Qarchak, \u00e9galement connue sous le nom de prison de Shahr-e Rey.<\/p>\n<p>Les d\u00e9tenues, \u00e0 l&#8217;instigation des responsables de la prison, ont battu les quatre prisonni\u00e8res politiques le 29 juillet 2019. Saba Kord Afshari s&#8217;est ensuite \u00e9vanouie, et son \u00e9tat s&#8217;est d\u00e9t\u00e9rior\u00e9 parce que le personnel m\u00e9dical a tard\u00e9 \u00e0 s&#8217;occuper d&#8217;elle.<\/p>\n<p>Apr\u00e8s des appels \u00e0 l&#8217;aide r\u00e9p\u00e9t\u00e9s d&#8217;autres prisonni\u00e8res politiques, une infirmi\u00e8re est finalement arriv\u00e9e dans le service sans aucun tensiom\u00e8tre ni brancard pour transporter Afshari. Finalement, Saba Kord Afshari \u00e0 moiti\u00e9 consciente a \u00e9t\u00e9 envelopp\u00e9e dans une couverture et emmen\u00e9e au dispensaire, o\u00f9 elle a \u00e9t\u00e9 insult\u00e9e par l&#8217;infirmi\u00e8re Teymouri, et le m\u00e9decin Hamed-Yazdan. Cela a conduit \u00e0 un conflit verbal entre eux et Yasaman Aryani, qui a ensuite \u00e9t\u00e9 attaqu\u00e9e et brutalis\u00e9e par des d\u00e9tenues de droit commun, \u00e0 l&#8217;instigation des autorit\u00e9s en charge du dispensaire. Aryani a \u00e9t\u00e9 bless\u00e9 au visage et a souffert de contusions sur tout son bras droit et ses deux jambes.<\/p>\n<p>&nbsp;<\/p>\n","protected":false},"excerpt":{"rendered":"<p>CNRI Femmes &#8211; La prisonni\u00e8re politique kurde Sakineh Parvaneh a r\u00e9cemment \u00e9t\u00e9 battue par plusieurs d\u00e9tenue de droit commun en prison. Elles ont pris pour cible la prisonni\u00e8re apr\u00e8s y avoir \u00e9t\u00e9 incit\u00e9es par les responsables de la section 3 de la prison de Qarchak, situ\u00e9e en grande banlieue de T\u00e9h\u00e9ran. Apr\u00e8s son transfert de [&hellip;]<\/p>\n","protected":false},"author":4,"featured_media":11219,"comment_status":"closed","ping_status":"closed","sticky":false,"template":"","format":"standard","meta":{"jnews-multi-image_gallery":[],"jnews_single_post":{"source_name":"","source_url":"","via_name":"","via_url":"","override_template":"0","override":[{"template":"1","single_blog_custom":"","parallax":"1","fullscreen":"0","layout":"right-sidebar","sidebar":"default-sidebar","second_sidebar":"default-sidebar","sticky_sidebar":"1","share_position":"top","share_float_style":"share-monocrhome","show_share_counter":"1","show_view_counter":"1","show_featured":"1","show_post_meta":"1","show_post_author":"1","show_post_author_image":"1","show_post_date":"1","post_date_format":"default","post_date_format_custom":"Y\/m\/d","show_post_category":"1","show_post_reading_time":"0","post_reading_time_wpm":"300","show_zoom_button":"0","zoom_button_out_step":"2","zoom_button_in_step":"3","show_post_tag":"1","show_prev_next_post":"1","show_popup_post":"1","number_popup_post":"1","show_author_box":"0","show_post_related":"0","show_inline_post_related":"0"}],"override_image_size":"0","image_override":[{"single_post_thumbnail_size":"crop-500","single_post_gallery_size":"crop-500"}],"trending_post":"0","trending_post_position":"meta","trending_post_label":"Trending","sponsored_post":"0","sponsored_post_label":"Sponsored by","sponsored_post_name":"","sponsored_post_url":"","sponsored_post_logo_enable":"0","sponsored_post_logo":"","sponsored_post_desc":""},"jnews_primary_category":{"id":""},"jnews_social_meta":[],"jnews_override_counter":{"override_view_counter":"0","view_counter_number":"0","override_share_counter":"0","share_counter_number":"0","override_like_counter":"0","like_counter_number":"0","override_dislike_counter":"0","dislike_counter_number":"0"},"footnotes":""},"categories":[3],"tags":[370,376],"class_list":["post-11218","post","type-post","status-publish","format-standard","has-post-thumbnail","hentry","category-infos-des-femmes","tag-prisonnieres","tag-violence-contre-les-femmes"],"_links":{"self":[{"href":"https:\/\/wncri.org\/fr\/wp-json\/wp\/v2\/posts\/11218","targetHints":{"allow":["GET"]}}],"collection":[{"href":"https:\/\/wncri.org\/fr\/wp-json\/wp\/v2\/posts"}],"about":[{"href":"https:\/\/wncri.org\/fr\/wp-json\/wp\/v2\/types\/post"}],"author":[{"embeddable":true,"href":"https:\/\/wncri.org\/fr\/wp-json\/wp\/v2\/users\/4"}],"replies":[{"embeddable":true,"href":"https:\/\/wncri.org\/fr\/wp-json\/wp\/v2\/comments?post=11218"}],"version-history":[{"count":0,"href":"https:\/\/wncri.org\/fr\/wp-json\/wp\/v2\/posts\/11218\/revisions"}],"wp:featuredmedia":[{"embeddable":true,"href":"https:\/\/wncri.org\/fr\/wp-json\/wp\/v2\/media\/11219"}],"wp:attachment":[{"href":"https:\/\/wncri.org\/fr\/wp-json\/wp\/v2\/media?parent=11218"}],"wp:term":[{"taxonomy":"category","embeddable":true,"href":"https:\/\/wncri.org\/fr\/wp-json\/wp\/v2\/categories?post=11218"},{"taxonomy":"post_tag","embeddable":true,"href":"https:\/\/wncri.org\/fr\/wp-json\/wp\/v2\/tags?post=11218"}],"curies":[{"name":"wp","href":"https:\/\/api.w.org\/{rel}","templated":true}]}}