{"id":11182,"date":"2025-06-19T23:58:59","date_gmt":"2025-06-19T21:58:59","guid":{"rendered":"https:\/\/wncri.org\/fr\/?p=11182"},"modified":"2025-07-25T20:19:07","modified_gmt":"2025-07-25T18:19:07","slug":"resistance-pour-la-liberte","status":"publish","type":"post","link":"https:\/\/wncri.org\/fr\/2025\/06\/19\/resistance-pour-la-liberte\/","title":{"rendered":"40 ann\u00e9es de r\u00e9sistance pour la libert\u00e9 par la g\u00e9n\u00e9ration \u00e9galit\u00e9 en Iran"},"content":{"rendered":"\n<p>Le 20 juin marque le d\u00e9clenchement de la r\u00e9sistance pour la libert\u00e9 et la d\u00e9mocratie en 1981 en Iran. D\u00e8s le d\u00e9part, les femmes se sont plac\u00e9es aux avant-postes du mouvement populaire contre la dictature religieuse.<\/p>\n\n\n\n<p>La <a href=\"https:\/\/wncri.org\/fr\/2018\/02\/16\/rebelles-et-resilientes-les-iraniennes-sont-la-force-motrice-du-changement\/\" target=\"_blank\" rel=\"noopener noreferrer\">\u2018g\u00e9n\u00e9ration \u00e9galit\u00e9\u2019<\/a> a jou\u00e9 un r\u00f4le important dans la r\u00e9sistance pour la libert\u00e9 <a href=\"https:\/\/wncri.org\/fr\/2020\/03\/07\/les-iraniennes-celebreront-le-8-mars-dans-la-rue-en-premiere-ligne-du-combat-pour-la-liberte\/\" target=\"_blank\" rel=\"noopener noreferrer\">depuis l&#8217;\u00e9poque du chah jusqu&#8217;\u00e0 aujourd&#8217;hui<\/a>. Des femmes qui ont <a href=\"https:\/\/wncri.org\/fr\/2020\/02\/09\/le-bond-en-avant-des-iraniennes-dans-la-revolution-de-1979-2\/\" target=\"_blank\" rel=\"noopener noreferrer\">sacrifi\u00e9 leur vie<\/a> et leur libert\u00e9 dans les ann\u00e9es 1970 et <a href=\"https:\/\/wncri.org\/fr\/2020\/02\/06\/en-memoire-de-ma-chere-professeure-de-physique\/\" target=\"_blank\" rel=\"noopener noreferrer\">qui ont ouvert la voie<\/a> \u00e0 une participation \u00e0 grande \u00e9chelle des femmes au mouvement. Puis, dans les ann\u00e9es 1980, une autre g\u00e9n\u00e9ration de femmes est arriv\u00e9e, dont les sacrifices et la lutte insoumise ont \u00e9branl\u00e9 les fondations du r\u00e9gime misogyne des mollahs.<\/p>\n\n\n\n<p>Et puis, le monde a vu les g\u00e9n\u00e9rations suivantes de courageuses femmes et filles iraniennes qui ont poursuivi cette voie <a href=\"https:\/\/wncri.org\/fr\/2019\/05\/20\/les-femmes-en-quete-de-justice-tendances-arbitraires-et-illegales-dans-les-prisons-iraniennes\/\" target=\"_blank\" rel=\"noopener noreferrer\">tortueuse<\/a> et sanglante lors des soul\u00e8vements de 1999, 2009, 2017, 2018, <a href=\"https:\/\/wncri.org\/fr\/2019\/12\/23\/1500-personnes-dont-400-femmes-tuees-dans-le-soulevement-en-iran-reuters\/\" target=\"_blank\" rel=\"noopener noreferrer\">2019<\/a>, 2020, <a href=\"https:\/\/wncri.org\/fr\/wp-content\/uploads\/2023\/03\/Annual-Report-March-2023-FR-SpreadL.pdf\" target=\"_blank\" rel=\"noreferrer noopener\">2022<\/a> et <a href=\"https:\/\/wncri.org\/fr\/2022\/11\/25\/femmes-et-jeunes-filles-tuees\/\" target=\"_blank\" rel=\"noreferrer noopener\">2023<\/a>. L&#8217;\u00e9galit\u00e9 des g\u00e9n\u00e9rations continuera \u00e0 s&#8217;inscrire dans cette voie jusqu&#8217;au renversement du r\u00e9gime misogyne des mollahs et l&#8217;aube d&#8217;une v\u00e9ritable libert\u00e9 en Iran.<\/p>\n\n\n\n<p>C\u2019est pourquoi nous c\u00e9l\u00e9brons cet anniversaire et saluons la m\u00e9moire de dizaines de milliers de femmes qui ont donn\u00e9 leur vie pour la libert\u00e9 et persist\u00e9 \u00e0 vouloir instaurer la d\u00e9mocratie. Elles ont choisi de r\u00e9sister dans l\u2019honneur \u00e0 n\u2019importe quel prix, \u00e0 ne pas plier devant la tyrannie et \u00e0 devenir des \u00e9toiles brillantes qui illuminent la nuit obscurantiste que traverse cette nation.<\/p>\n\n\n\n<h3 class=\"wp-block-heading\"><strong>Participation massive des femmes \u00e0 la r\u00e9sistance pour la libert\u00e9<\/strong><\/h3>\n\n\n\n<p>Moins d&#8217;un mois apr\u00e8s le renversement de la dictature du chah par le peuple iranien, les femmes ont \u00e9t\u00e9 les premi\u00e8res \u00e0 entendre le bruit des bottes d&#8217;une autre tyrannie.<\/p>\n\n\n\n<p>La premi\u00e8re fatwa de Khomeiny, proclam\u00e9e le 7 mars 1979, a vis\u00e9 les libert\u00e9s des femmes. Ce d\u00e9cret religieux a impos\u00e9 aux femmes de se couvrir la t\u00eate et de porter le voile dans les administrations. Elles sont descendues en masse dans la rue d\u00e8s le lendemain qui co\u00efncidait avec la Journ\u00e9e internationale des Femmes, le 8 mars 1979, pour manifester contre cette fatwa misogyne.<\/p>\n\n\n\n<figure class=\"wp-block-table\"><table><tbody><tr><td><\/td><\/tr><\/tbody><\/table><\/figure>\n\n\n<div class=\"wp-block-image wp-image-11186 size-full\">\n<figure class=\"aligncenter\"><img decoding=\"async\" src=\"data:image\/gif;base64,R0lGODlhAQABAIAAAAAAAP\/\/\/yH5BAEAAAAALAAAAAABAAEAAAIBRAA7\" data-src=\"https:\/\/wncri.org\/fr\/wp-content\/uploads\/2020\/06\/\u062a\u0638\u0627\u0647\u0631\u0627\u062a-\u0639\u0644\u06cc\u0647-\u062d\u062c\u0627\u0628-\u0627\u062c\u0628\u0627\u0631\u06cc-\u06f1-min.jpg\" alt=\"Participation massive des femmes \u00e0 la r\u00e9sistance pour la libert\u00e9\" class=\"wp-image-11186 lazyload\"\/><noscript><img decoding=\"async\" width=\"750\" height=\"375\" src=\"https:\/\/wncri.org\/fr\/wp-content\/uploads\/2020\/06\/\u062a\u0638\u0627\u0647\u0631\u0627\u062a-\u0639\u0644\u06cc\u0647-\u062d\u062c\u0627\u0628-\u0627\u062c\u0628\u0627\u0631\u06cc-\u06f1-min.jpg\" alt=\"Participation massive des femmes \u00e0 la r\u00e9sistance pour la libert\u00e9\" class=\"wp-image-11186 lazyload\" srcset=\"https:\/\/wncri.org\/fr\/wp-content\/uploads\/2020\/06\/\u062a\u0638\u0627\u0647\u0631\u0627\u062a-\u0639\u0644\u06cc\u0647-\u062d\u062c\u0627\u0628-\u0627\u062c\u0628\u0627\u0631\u06cc-\u06f1-min.jpg 750w, https:\/\/wncri.org\/fr\/wp-content\/uploads\/2020\/06\/\u062a\u0638\u0627\u0647\u0631\u0627\u062a-\u0639\u0644\u06cc\u0647-\u062d\u062c\u0627\u0628-\u0627\u062c\u0628\u0627\u0631\u06cc-\u06f1-min-300x150.jpg 300w, https:\/\/wncri.org\/fr\/wp-content\/uploads\/2020\/06\/\u062a\u0638\u0627\u0647\u0631\u0627\u062a-\u0639\u0644\u06cc\u0647-\u062d\u062c\u0627\u0628-\u0627\u062c\u0628\u0627\u0631\u06cc-\u06f1-min-360x180.jpg 360w\" sizes=\"(max-width: 750px) 100vw, 750px\" \/><\/noscript><figcaption class=\"wp-element-caption\">T\u00e9h\u00e9ran, 8 mars 1979 &#8211; Les femmes iraniennes protestent contre le voile obligatoire<\/figcaption><\/figure>\n<\/div>\n\n<div class=\"wp-block-image wp-image-11187 size-full\">\n<figure class=\"aligncenter\"><img decoding=\"async\" src=\"data:image\/gif;base64,R0lGODlhAQABAIAAAAAAAP\/\/\/yH5BAEAAAAALAAAAAABAAEAAAIBRAA7\" data-src=\"https:\/\/wncri.org\/fr\/wp-content\/uploads\/2020\/06\/\u062a\u0638\u0627\u0647\u0631\u0627\u062a-\u0639\u0644\u06cc\u0647-\u062d\u062c\u0627\u0628-\u0627\u062c\u0628\u0627\u0631\u06cc-\u06f2-min.jpg\" alt=\"Moins d'un mois apr\u00e8s le renversement de la dictature du chah par le peuple iranien\" class=\"wp-image-11187 lazyload\"\/><noscript><img decoding=\"async\" width=\"750\" height=\"375\" src=\"https:\/\/wncri.org\/fr\/wp-content\/uploads\/2020\/06\/\u062a\u0638\u0627\u0647\u0631\u0627\u062a-\u0639\u0644\u06cc\u0647-\u062d\u062c\u0627\u0628-\u0627\u062c\u0628\u0627\u0631\u06cc-\u06f2-min.jpg\" alt=\"Moins d'un mois apr\u00e8s le renversement de la dictature du chah par le peuple iranien\" class=\"wp-image-11187 lazyload\" srcset=\"https:\/\/wncri.org\/fr\/wp-content\/uploads\/2020\/06\/\u062a\u0638\u0627\u0647\u0631\u0627\u062a-\u0639\u0644\u06cc\u0647-\u062d\u062c\u0627\u0628-\u0627\u062c\u0628\u0627\u0631\u06cc-\u06f2-min.jpg 750w, https:\/\/wncri.org\/fr\/wp-content\/uploads\/2020\/06\/\u062a\u0638\u0627\u0647\u0631\u0627\u062a-\u0639\u0644\u06cc\u0647-\u062d\u062c\u0627\u0628-\u0627\u062c\u0628\u0627\u0631\u06cc-\u06f2-min-300x150.jpg 300w, https:\/\/wncri.org\/fr\/wp-content\/uploads\/2020\/06\/\u062a\u0638\u0627\u0647\u0631\u0627\u062a-\u0639\u0644\u06cc\u0647-\u062d\u062c\u0627\u0628-\u0627\u062c\u0628\u0627\u0631\u06cc-\u06f2-min-360x180.jpg 360w\" sizes=\"(max-width: 750px) 100vw, 750px\" \/><\/noscript><figcaption class=\"wp-element-caption\">T\u00e9h\u00e9ran, le 8 mars 1979 &#8211; Les femmes r\u00e9clament un gouvernement fond\u00e9 sur l&#8217;\u00e9galit\u00e9 des femmes et des hommes.<\/figcaption><\/figure>\n<\/div>\n\n\n<p><a href=\"https:\/\/wncri.org\/fr\/2015\/05\/20\/rohani-je-suis-celui-qui-a-interdit-l-entree-des-femmes-non-voiles\/\" target=\"_blank\" rel=\"noopener noreferrer\">Hassan Rohani<\/a>, le pr\u00e9sident des mollahs, s\u2019est vant\u00e9 d\u2019avoir \u00e9t\u00e9 celui qui a interdit l\u2019entr\u00e9e de femmes non voil\u00e9es dans les bureaux et l\u2019administration du minist\u00e8re de la D\u00e9fense. Pendant deux ans et demi ans pr\u00e9c\u00e9dant le 20 juin 1981, une multitude de femmes et de filles ont rejoint les groupes d\u2019opposition, en particulier l\u2019OMPI, pour participer activement \u00e0 la r\u00e9sistance pour la libert\u00e9 et aux efforts visant \u00e0 stopper le nouveau r\u00e9gime. <\/p>\n\n\n\n<p>Des dizaines de lyc\u00e9ennes soutenant l\u2019OMPI ont \u00e9t\u00e9 tu\u00e9es et bless\u00e9es lors d\u2019attaques des agents et des matraqueurs du r\u00e9gime pendant cette p\u00e9riode. Nasrine Rostami, 16 ans, \u00e0 Chiraz, Mehri Saremi \u00e0 Khorram Abad, Sima Sabbagh \u00e0 Racht, Sanam Ghoreishi \u00e0 Bandar-Abbas, Fatemeh Rahimi et Somayeh Noghreh-Khaja \u00e0 Ghaemchahr, et Fatemeh Karimi \u00e0 Karadj figurent au nombre de celles qui ont refus\u00e9 de plier devant les menaces des matraqueurs au prix de leur vie.<\/p>\n\n\n<div class=\"wp-block-image wp-image-11184 size-full\">\n<figure class=\"aligncenter\"><img decoding=\"async\" src=\"data:image\/gif;base64,R0lGODlhAQABAIAAAAAAAP\/\/\/yH5BAEAAAAALAAAAAABAAEAAAIBRAA7\" data-src=\"https:\/\/wncri.org\/fr\/wp-content\/uploads\/2020\/06\/\u062a\u0635\u0627\u0648\u06cc\u0631-\u0645\u06cc\u0644\u06cc\u0634\u06cc\u0627\u06cc-\u0634\u0647\u06cc\u062f-\u062f\u0631-\u0641\u0627\u0632-\u0633\u06cc\u0627\u0633\u06cc-min.jpg\" alt=\"Fatemeh Rahimi et Somayeh Noghreh-Khaja \u00e0 Ghaemchahr, et Fatemeh Karimi \u00e0 Karadj figurent au nombre de celles qui ont refus\u00e9 de plier devant les menaces des matraqueurs au prix de leur vie\" class=\"wp-image-11184 lazyload\"\/><noscript><img decoding=\"async\" width=\"748\" height=\"247\" src=\"https:\/\/wncri.org\/fr\/wp-content\/uploads\/2020\/06\/\u062a\u0635\u0627\u0648\u06cc\u0631-\u0645\u06cc\u0644\u06cc\u0634\u06cc\u0627\u06cc-\u0634\u0647\u06cc\u062f-\u062f\u0631-\u0641\u0627\u0632-\u0633\u06cc\u0627\u0633\u06cc-min.jpg\" alt=\"Fatemeh Rahimi et Somayeh Noghreh-Khaja \u00e0 Ghaemchahr, et Fatemeh Karimi \u00e0 Karadj figurent au nombre de celles qui ont refus\u00e9 de plier devant les menaces des matraqueurs au prix de leur vie\" class=\"wp-image-11184 lazyload\" srcset=\"https:\/\/wncri.org\/fr\/wp-content\/uploads\/2020\/06\/\u062a\u0635\u0627\u0648\u06cc\u0631-\u0645\u06cc\u0644\u06cc\u0634\u06cc\u0627\u06cc-\u0634\u0647\u06cc\u062f-\u062f\u0631-\u0641\u0627\u0632-\u0633\u06cc\u0627\u0633\u06cc-min.jpg 748w, https:\/\/wncri.org\/fr\/wp-content\/uploads\/2020\/06\/\u062a\u0635\u0627\u0648\u06cc\u0631-\u0645\u06cc\u0644\u06cc\u0634\u06cc\u0627\u06cc-\u0634\u0647\u06cc\u062f-\u062f\u0631-\u0641\u0627\u0632-\u0633\u06cc\u0627\u0633\u06cc-min-300x99.jpg 300w\" sizes=\"(max-width: 748px) 100vw, 748px\" \/><\/noscript><figcaption class=\"wp-element-caption\">De gauche \u00e0 droite, Somayeh Noghreh-Khaja et Fatemeh Rahimi \u00e0 Ghaemshahr, Fatemeh Karimi \u00e0 Karadj, et Sanam Ghoreishi \u00e0 Bandar Abbas, ont \u00e9t\u00e9 tu\u00e9es dans la rue avant le 20 juin 1981.<\/figcaption><\/figure>\n<\/div>\n\n\n<p>Le 27 avril 1981, <a href=\"https:\/\/wncri.org\/fr\/2020\/04\/27\/des-meres-courage-se-levent-pour-denoncer-les-crimes-des-gardiens-de-la-revolution-en-iran-2\/\" target=\"_blank\" rel=\"noopener noreferrer\">l\u2019association des m\u00e8res musulmanes<\/a> qui soutenait l\u2019OMPI, l\u2019opposition d\u00e9mocratique, a organis\u00e9 une manifestation contre le tabassage et le meurtre de leurs enfants. 200 000 femmes ont d\u00e9fil\u00e9 dans les rues. Leur forte pr\u00e9sence a surpris les mollahs et a eu un impact \u00e9norme sur les \u00e9v\u00e9nements de cette p\u00e9riode critique de l\u2019histoire de l\u2019Iran.<\/p>\n\n\n<div class=\"wp-block-image wp-image-11188 size-full\">\n<figure class=\"aligncenter\"><img decoding=\"async\" src=\"data:image\/gif;base64,R0lGODlhAQABAIAAAAAAAP\/\/\/yH5BAEAAAAALAAAAAABAAEAAAIBRAA7\" data-src=\"https:\/\/wncri.org\/fr\/wp-content\/uploads\/2020\/06\/\u062a\u0638\u0627\u0647\u0631\u0627\u062a-\u0645\u0627\u062f\u0631\u0627\u0646-\u0631\u0646\u06af\u06cc-min.jpg\" alt=\"Choisir entre l\u2019humiliation de plier sous la r\u00e9pression des mollahs ou l\u2019honneur de r\u00e9sister pour la libert\u00e9. Elles ont choisi l\u2019honneur et r\u00e9pondu \u00e0 cet appel de l\u2019histoire.\" class=\"wp-image-11188 lazyload\"\/><noscript><img decoding=\"async\" width=\"750\" height=\"375\" src=\"https:\/\/wncri.org\/fr\/wp-content\/uploads\/2020\/06\/\u062a\u0638\u0627\u0647\u0631\u0627\u062a-\u0645\u0627\u062f\u0631\u0627\u0646-\u0631\u0646\u06af\u06cc-min.jpg\" alt=\"Choisir entre l\u2019humiliation de plier sous la r\u00e9pression des mollahs ou l\u2019honneur de r\u00e9sister pour la libert\u00e9. Elles ont choisi l\u2019honneur et r\u00e9pondu \u00e0 cet appel de l\u2019histoire.\" class=\"wp-image-11188 lazyload\" srcset=\"https:\/\/wncri.org\/fr\/wp-content\/uploads\/2020\/06\/\u062a\u0638\u0627\u0647\u0631\u0627\u062a-\u0645\u0627\u062f\u0631\u0627\u0646-\u0631\u0646\u06af\u06cc-min.jpg 750w, https:\/\/wncri.org\/fr\/wp-content\/uploads\/2020\/06\/\u062a\u0638\u0627\u0647\u0631\u0627\u062a-\u0645\u0627\u062f\u0631\u0627\u0646-\u0631\u0646\u06af\u06cc-min-300x150.jpg 300w, https:\/\/wncri.org\/fr\/wp-content\/uploads\/2020\/06\/\u062a\u0638\u0627\u0647\u0631\u0627\u062a-\u0645\u0627\u062f\u0631\u0627\u0646-\u0631\u0646\u06af\u06cc-min-360x180.jpg 360w\" sizes=\"(max-width: 750px) 100vw, 750px\" \/><\/noscript><figcaption class=\"wp-element-caption\">T\u00e9h\u00e9ran, 27 avril 1981 &#8211; Manifestation de l&#8217;Association des m\u00e8res musulmanes.<\/figcaption><\/figure>\n<\/div>\n\n\n<p>La r\u00e9sistance pour la libert\u00e9 du peuple iranien a atteint son point culminant le 20 juin 1981, lorsqu\u2019un demi-million de T\u00e9h\u00e9ranais ont entam\u00e9 une manifestation historique contre la dictature.&nbsp;Ce jour-l\u00e0, les gardiens de la r\u00e9volution de Khomeiny ont ouvert le feu sur le cort\u00e8ge pacifique. Les femmes d\u2019avant-garde de l\u2019Iran ont elles aussi d\u00fb faire un choix. Choisir entre l\u2019humiliation de plier sous la r\u00e9pression des mollahs ou l\u2019honneur de r\u00e9sister pour la libert\u00e9. Elles ont choisi l\u2019honneur et r\u00e9pondu \u00e0 cet appel de l\u2019histoire.<\/p>\n\n\n<div class=\"wp-block-image wp-image-11185 size-large\">\n<figure class=\"aligncenter\"><img decoding=\"async\" src=\"data:image\/gif;base64,R0lGODlhAQABAIAAAAAAAP\/\/\/yH5BAEAAAAALAAAAAABAAEAAAIBRAA7\" data-src=\"https:\/\/wncri.org\/fr\/wp-content\/uploads\/2020\/06\/\u062a\u0638\u0627\u0647\u0631\u0627\u062a-\u0633\u06cc-\u062e\u0631\u062f\u0627\u062f-min-844x1024.jpg\" alt=\"20 juin : r\u00e9pression sanglante, magnifique r\u00e9sistance des femmes dans les prisons\" class=\"wp-image-11185 lazyload\"\/><noscript><img decoding=\"async\" width=\"844\" height=\"1024\" src=\"https:\/\/wncri.org\/fr\/wp-content\/uploads\/2020\/06\/\u062a\u0638\u0627\u0647\u0631\u0627\u062a-\u0633\u06cc-\u062e\u0631\u062f\u0627\u062f-min-844x1024.jpg\" alt=\"20 juin : r\u00e9pression sanglante, magnifique r\u00e9sistance des femmes dans les prisons\" class=\"wp-image-11185 lazyload\" srcset=\"https:\/\/wncri.org\/fr\/wp-content\/uploads\/2020\/06\/\u062a\u0638\u0627\u0647\u0631\u0627\u062a-\u0633\u06cc-\u062e\u0631\u062f\u0627\u062f-min-844x1024.jpg 844w, https:\/\/wncri.org\/fr\/wp-content\/uploads\/2020\/06\/\u062a\u0638\u0627\u0647\u0631\u0627\u062a-\u0633\u06cc-\u062e\u0631\u062f\u0627\u062f-min-247x300.jpg 247w, https:\/\/wncri.org\/fr\/wp-content\/uploads\/2020\/06\/\u062a\u0638\u0627\u0647\u0631\u0627\u062a-\u0633\u06cc-\u062e\u0631\u062f\u0627\u062f-min-768x932.jpg 768w, https:\/\/wncri.org\/fr\/wp-content\/uploads\/2020\/06\/\u062a\u0638\u0627\u0647\u0631\u0627\u062a-\u0633\u06cc-\u062e\u0631\u062f\u0627\u062f-min-1266x1536.jpg 1266w, https:\/\/wncri.org\/fr\/wp-content\/uploads\/2020\/06\/\u062a\u0638\u0627\u0647\u0631\u0627\u062a-\u0633\u06cc-\u062e\u0631\u062f\u0627\u062f-min-1688x2048.jpg 1688w, https:\/\/wncri.org\/fr\/wp-content\/uploads\/2020\/06\/\u062a\u0638\u0627\u0647\u0631\u0627\u062a-\u0633\u06cc-\u062e\u0631\u062f\u0627\u062f-min-750x910.jpg 750w, https:\/\/wncri.org\/fr\/wp-content\/uploads\/2020\/06\/\u062a\u0638\u0627\u0647\u0631\u0627\u062a-\u0633\u06cc-\u062e\u0631\u062f\u0627\u062f-min-1140x1383.jpg 1140w, https:\/\/wncri.org\/fr\/wp-content\/uploads\/2020\/06\/\u062a\u0638\u0627\u0647\u0631\u0627\u062a-\u0633\u06cc-\u062e\u0631\u062f\u0627\u062f-min.jpg 1772w\" sizes=\"(max-width: 844px) 100vw, 844px\" \/><\/noscript><figcaption class=\"wp-element-caption\">T\u00e9h\u00e9ran, 20 juin 1981 &#8211; Manifestation pacifique d&#8217;un demi-million de personnes contre la dictature religieuse.<\/figcaption><\/figure>\n<\/div>\n\n\n<h3 class=\"wp-block-heading\"><strong>20 juin : r\u00e9pression sanglante, magnifique r\u00e9sistance des femmes dans les prisons<\/strong><\/h3>\n\n\n\n<p>Apr\u00e8s avoir r\u00e9prim\u00e9 la manifestation pacifique du 20 juin, les mollahs ont d\u00e9clench\u00e9 le massacre de leurs opposants. Paradoxalement, le premier groupe de victimes \u00e9tait compos\u00e9 d\u2019adolescentes de 16-17 ans qui avaient refus\u00e9 de donner leur nom aux bourreaux. Quel \u00e9tait leur message ? Pourquoi le premier communiqu\u00e9 du parquet apr\u00e8s le 20 juin affiche-t-il les photos de 12 jeunes filles de moins de 18 ans qui n\u2019avaient m\u00eame pas \u00e9t\u00e9 identifi\u00e9es avant d\u2019\u00eatre ex\u00e9cut\u00e9es?<\/p>\n\n\n<div class=\"wp-block-image wp-image-11190 size-full\">\n<figure class=\"aligncenter\"><img decoding=\"async\" src=\"data:image\/gif;base64,R0lGODlhAQABAIAAAAAAAP\/\/\/yH5BAEAAAAALAAAAAABAAEAAAIBRAA7\" data-src=\"https:\/\/wncri.org\/fr\/wp-content\/uploads\/2020\/06\/\u062f\u062e\u062a\u0631\u0627\u0646-\u0645\u06cc\u0644\u06cc\u0634\u0627\u06cc-\u0627\u0639\u062f\u0627\u0645-\u0634\u062f\u0647-min.jpg\" alt=\"Never in history, had a dictator launched a genocide by releasing the photos of unidentified young women he executed\" class=\"wp-image-11190 lazyload\"\/><noscript><img decoding=\"async\" width=\"404\" height=\"348\" src=\"https:\/\/wncri.org\/fr\/wp-content\/uploads\/2020\/06\/\u062f\u062e\u062a\u0631\u0627\u0646-\u0645\u06cc\u0644\u06cc\u0634\u0627\u06cc-\u0627\u0639\u062f\u0627\u0645-\u0634\u062f\u0647-min.jpg\" alt=\"Never in history, had a dictator launched a genocide by releasing the photos of unidentified young women he executed\" class=\"wp-image-11190 lazyload\" srcset=\"https:\/\/wncri.org\/fr\/wp-content\/uploads\/2020\/06\/\u062f\u062e\u062a\u0631\u0627\u0646-\u0645\u06cc\u0644\u06cc\u0634\u0627\u06cc-\u0627\u0639\u062f\u0627\u0645-\u0634\u062f\u0647-min.jpg 404w, https:\/\/wncri.org\/fr\/wp-content\/uploads\/2020\/06\/\u062f\u062e\u062a\u0631\u0627\u0646-\u0645\u06cc\u0644\u06cc\u0634\u0627\u06cc-\u0627\u0639\u062f\u0627\u0645-\u0634\u062f\u0647-min-300x258.jpg 300w\" sizes=\"(max-width: 404px) 100vw, 404px\" \/><\/noscript><figcaption class=\"wp-element-caption\">Premier communiqu\u00e9 du parquet publi\u00e9 dans le quotidien Ettela&#8217;at portant les photos de 12 adolescentes ex\u00e9cut\u00e9es sans avoir \u00e9t\u00e9 identifi\u00e9es.<\/figcaption><\/figure>\n<\/div>\n\n\n<p>Jamais auparavant un dictateur n\u2019avait annonc\u00e9 le lancement d\u2019une vague de r\u00e9pression en publiant les photos de jeunes filles ex\u00e9cut\u00e9es non identifi\u00e9es. La machine \u00e0 tuer des mollahs a lanc\u00e9 <a href=\"https:\/\/wncri.org\/fr\/category\/tombees-pour-la-liberte\/page\/3\/\" target=\"_blank\" rel=\"noopener noreferrer\">ses carnages sans fin<\/a>, hommes et femmes. Adolescents, femmes enceintes, personnes \u00e2g\u00e9es, \u00e9tudiants, travailleurs, agriculteurs, m\u00e9decins, infirmi\u00e8res, ing\u00e9nieurs, artistes et sportifs ont \u00e9t\u00e9 tu\u00e9s en masse. Parfois, tous ou cinq-six enfants de la m\u00eame famille ont \u00e9t\u00e9 ex\u00e9cut\u00e9s dans les tueries des ann\u00e9es 1980.<\/p>\n\n\n\n<p>Les droits des femmes sont devenus la moiti\u00e9 de ceux des hommes, sauf en prison o\u00f9 elles ont eu une double ration de tortures uniquement parce qu\u2019elles \u00e9taient des femmes. Les mollahs misogynes ne pouvaient tol\u00e9rer celles qui s\u2019opposaient \u00e0 eux.<\/p>\n\n\n\n<p>Parmi les victimes on trouve Nafisseh Ashraf Jahani, 10 ans, envoy\u00e9e au peloton d\u2019ex\u00e9cution apr\u00e8s un proc\u00e8s sommaire. Maryam Assadi, 11 ans, Afsaneh Farabi, 12 ans, <a href=\"https:\/\/wncri.org\/fr\/2017\/05\/07\/fatemeh-mesbah\/\" target=\"_blank\" rel=\"noopener noreferrer\">Fatemeh Mesbah<\/a> 13 ans, Shahla Ghorbani, Fatemeh Sajedi, Fatemeh Jabberzadeh Ansari et Nassrine Nouri Mani, 15 ans, figurent \u00e9galement parmi les <a href=\"https:\/\/wncri.org\/fr\/2016\/09\/29\/un-nouveau-document-revele-l-execution-de-filles-de-13-ans-en-iran\/\" target=\"_blank\" rel=\"noopener noreferrer\">ex\u00e9cut\u00e9es des ann\u00e9es 1980<\/a>.<\/p>\n\n\n<div class=\"wp-block-image wp-image-11191 size-full\">\n<figure class=\"aligncenter\"><img decoding=\"async\" src=\"data:image\/gif;base64,R0lGODlhAQABAIAAAAAAAP\/\/\/yH5BAEAAAAALAAAAAABAAEAAAIBRAA7\" data-src=\"https:\/\/wncri.org\/fr\/wp-content\/uploads\/2020\/06\/\u0645\u0627\u062f\u0631-\u0630\u0627\u06a9\u0631\u06cc-\u0641\u0627\u0637\u0645\u0647-\u0645\u0635\u0628\u0627\u062d-min.jpg\" alt=\"Tahereh Aghakhan-Moghaddam a \u00e9t\u00e9 ex\u00e9cut\u00e9e au huiti\u00e8me mois de sa grossesse\" class=\"wp-image-11191 lazyload\"\/><noscript><img decoding=\"async\" width=\"749\" height=\"287\" src=\"https:\/\/wncri.org\/fr\/wp-content\/uploads\/2020\/06\/\u0645\u0627\u062f\u0631-\u0630\u0627\u06a9\u0631\u06cc-\u0641\u0627\u0637\u0645\u0647-\u0645\u0635\u0628\u0627\u062d-min.jpg\" alt=\"Tahereh Aghakhan-Moghaddam a \u00e9t\u00e9 ex\u00e9cut\u00e9e au huiti\u00e8me mois de sa grossesse\" class=\"wp-image-11191 lazyload\" srcset=\"https:\/\/wncri.org\/fr\/wp-content\/uploads\/2020\/06\/\u0645\u0627\u062f\u0631-\u0630\u0627\u06a9\u0631\u06cc-\u0641\u0627\u0637\u0645\u0647-\u0645\u0635\u0628\u0627\u062d-min.jpg 749w, https:\/\/wncri.org\/fr\/wp-content\/uploads\/2020\/06\/\u0645\u0627\u062f\u0631-\u0630\u0627\u06a9\u0631\u06cc-\u0641\u0627\u0637\u0645\u0647-\u0645\u0635\u0628\u0627\u062d-min-300x115.jpg 300w\" sizes=\"(max-width: 749px) 100vw, 749px\" \/><\/noscript><figcaption class=\"wp-element-caption\">Fatemeh Mesbah, 13 ans, et M\u00e8re Zakeri, 70 ans, ex\u00e9cut\u00e9es<\/figcaption><\/figure>\n<\/div>\n\n\n<p>Tahereh Aghakhan-Moghaddam a \u00e9t\u00e9 ex\u00e9cut\u00e9e au huiti\u00e8me mois de sa grossesse. On trouve au moins 50 femmes enceintes parmi les victimes des ex\u00e9cutions en Iran. Des dizaines de femmes \u00e2g\u00e9es, comme Sakineh Mohammadi-Ardehali (M\u00e8re Zakeri), \u00e2g\u00e9e de 70 ans, se sont dress\u00e9es courageusement contre les mollahs et ont r\u00e9sist\u00e9 \u00e0 toutes leurs tortures pour les briser.<\/p>\n\n\n<div class=\"wp-block-image wp-image-11189 size-full\">\n<figure class=\"aligncenter\"><img decoding=\"async\" src=\"data:image\/gif;base64,R0lGODlhAQABAIAAAAAAAP\/\/\/yH5BAEAAAAALAAAAAABAAEAAAIBRAA7\" data-src=\"https:\/\/wncri.org\/fr\/wp-content\/uploads\/2020\/06\/\u062e\u0648\u0627\u0647\u0631\u0627\u0646-\u0628\u0627\u0631\u062f\u0627\u0631-\u0627\u0639\u062f\u0627\u0645-\u0634\u062f\u0647-min.jpg\" alt=\"Women\u2019s inspiring resistance and their double quota under torture\" class=\"wp-image-11189 lazyload\"\/><noscript><img decoding=\"async\" width=\"750\" height=\"289\" src=\"https:\/\/wncri.org\/fr\/wp-content\/uploads\/2020\/06\/\u062e\u0648\u0627\u0647\u0631\u0627\u0646-\u0628\u0627\u0631\u062f\u0627\u0631-\u0627\u0639\u062f\u0627\u0645-\u0634\u062f\u0647-min.jpg\" alt=\"Women\u2019s inspiring resistance and their double quota under torture\" class=\"wp-image-11189 lazyload\" srcset=\"https:\/\/wncri.org\/fr\/wp-content\/uploads\/2020\/06\/\u062e\u0648\u0627\u0647\u0631\u0627\u0646-\u0628\u0627\u0631\u062f\u0627\u0631-\u0627\u0639\u062f\u0627\u0645-\u0634\u062f\u0647-min.jpg 750w, https:\/\/wncri.org\/fr\/wp-content\/uploads\/2020\/06\/\u062e\u0648\u0627\u0647\u0631\u0627\u0646-\u0628\u0627\u0631\u062f\u0627\u0631-\u0627\u0639\u062f\u0627\u0645-\u0634\u062f\u0647-min-300x116.jpg 300w\" sizes=\"(max-width: 750px) 100vw, 750px\" \/><\/noscript><figcaption class=\"wp-element-caption\">Batoul Alamzadeh-Horjandi, Zohreh Bijanyar et Massoumeh Azodanlou \u00e9taient enceintes au moment de l&#8217;ex\u00e9cution<\/figcaption><\/figure>\n<\/div>\n\n\n<h3 class=\"wp-block-heading\"><strong>La r\u00e9sistance inspir\u00e9e des femmes et leur double quota sous la torture<\/strong><\/h3>\n\n\n\n<p>Des centaines d\u2019anciens prisonniers ont attest\u00e9 que la r\u00e9sistance des femmes dans les prisons et sous la torture avait beaucoup influenc\u00e9 les hommes emprisonn\u00e9s et les avait encourag\u00e9s \u00e0 tenir bon. Par leur r\u00e9sistance, les femmes ont inflig\u00e9 des coups efficaces \u00e0 la vision ant\u00e9diluvienne de la soci\u00e9t\u00e9 promue par le r\u00e9gime cl\u00e9rical.<\/p>\n\n\n\n<p>Alors les mollahs ont mis les femmes sous des pressions \u00e9normes pour les briser. L\u2019isolement \u00e0 long terme, l\u2019unit\u00e9 Un, <a href=\"https:\/\/wncri.org\/fr\/2018\/09\/15\/hengameh-haj-hassan-une-heroine-dans-la-cage\/\" target=\"_blank\" rel=\"noopener noreferrer\">la Cage<\/a>, et la plus brutale de ces chambres de torture, l\u2019unit\u00e9 r\u00e9sidentielle o\u00f9 elles \u00e9taient agress\u00e9es sexuellement, ont \u00e9t\u00e9 con\u00e7ues pour atteindre cet objectif.<\/p>\n\n\n\n<p>Cependant, les Iraniennes \u00e9taient profond\u00e9ment conscientes de leur r\u00f4le primordial et de leur mission historique et ont pu endurer des tortures inhumaines, l\u2019emprisonnement et affronter les ex\u00e9cutions.<\/p>\n\n\n\n<p>Il ne s\u2019agit pas seulement de quelques exemples isol\u00e9s, mais de toute une g\u00e9n\u00e9ration de femmes, quelle que soit leur \u00e2ge, leur \u00e9ducation, leur profession, leur origine ethnique et leur classe \u00e9conomique, elles ont choisi l\u2019honneur de r\u00e9sister pour la libert\u00e9 afin de vaincre l\u2019ennemi de leur nation.<\/p>\n\n\n\n<h3 class=\"wp-block-heading\"><strong>Divers groupes de femmes en r\u00e9sistance pour la libert\u00e9<\/strong><\/h3>\n\n\n\n<p>En d\u00e9pit de conditions r\u00e9pressives en Iran, d\u2019ex\u00e9cutions secr\u00e8tes et de tous les dangers mena\u00e7ant celles et ceux poss\u00e9dant de telles informations, la R\u00e9sistance iranienne a pu compiler les noms et les informations d\u2019environ 20 000 victimes d\u2019ex\u00e9cutions.<\/p>\n\n\n\n<p>5 000 de ces noms appartiennent \u00e0 des femmes de l\u2019OMPI.<\/p>\n\n\n\n<p>Les cat\u00e9gories les plus g\u00e9n\u00e9rales bas\u00e9es sur l\u2019\u00e2ge, la profession et l\u2019\u00e9ducation attestent la r\u00e9alit\u00e9 de la \u2018<a href=\"https:\/\/forum.generationequality.org\/fr\" target=\"_blank\" rel=\"noopener noreferrer\">g\u00e9n\u00e9ration \u00e9galit\u00e9\u2019<\/a> n\u00e9e en Iran pour d\u00e9terminer le destin de cette nation par leur r\u00e9sistance pour la libert\u00e9.<\/p>\n\n\n\n<p>En voici les cat\u00e9gories&nbsp;:<\/p>\n\n\n\n<p>681 femmes tu\u00e9es sous la torture<\/p>\n\n\n\n<p>50 femmes enceintes ex\u00e9cut\u00e9es<\/p>\n\n\n\n<p>789 adolescentes de 11 \u00e0 18 ans ex\u00e9cut\u00e9es<\/p>\n\n\n\n<p>230 femmes avaient fait des \u00e9tudes sup\u00e9rieures<\/p>\n\n\n\n<p>734 femmes avaient un baccalaur\u00e9at<\/p>\n\n\n\n<p>4010 femmes \u00e9taient dipl\u00f4m\u00e9es du secondaire<\/p>\n\n\n\n<p>381 femmes \u00e9taient des fonctionnaires<\/p>\n\n\n\n<p>73 femmes \u00e9taient des artistes.<\/p>\n\n\n\n<p>Le nombre de victimes des ex\u00e9cutions politiques du r\u00e9gime cl\u00e9rical est estim\u00e9 \u00e0 120.000, dont un tiers sont des femmes. Ces chiffres sont loin d\u2019\u00eatre complets.<\/p>\n\n\n\n<p>\u00c0 l\u2019occasion de l\u2019anniversaire du 20 juin, inscrit dans l\u2019histoire de l\u2019Iran, nous honorons la m\u00e9moire des h\u00e9ro\u00efnes qui ont accompli leur devoir avec courage envers leur peuple et leur pays. Les g\u00e9n\u00e9rations futures auront beaucoup \u00e0 dire sur leur r\u00f4le et leurs valeurs.<\/p>\n","protected":false},"excerpt":{"rendered":"<p>Le 20 juin marque le d\u00e9clenchement de la r\u00e9sistance pour la libert\u00e9 et la d\u00e9mocratie en 1981 en Iran. D\u00e8s le d\u00e9part, les femmes se sont plac\u00e9es aux avant-postes du mouvement populaire contre la dictature religieuse. La \u2018g\u00e9n\u00e9ration \u00e9galit\u00e9\u2019 a jou\u00e9 un r\u00f4le important dans la r\u00e9sistance pour la libert\u00e9 depuis l&#8217;\u00e9poque du chah jusqu&#8217;\u00e0 [&hellip;]<\/p>\n","protected":false},"author":4,"featured_media":11201,"comment_status":"closed","ping_status":"closed","sticky":false,"template":"","format":"standard","meta":{"jnews-multi-image_gallery":[],"jnews_single_post":{"subtitle":"Jamais auparavant dans l'histoire, un dictateur n'avait d\u00e9clench\u00e9 un g\u00e9nocide en publiant les photos de jeunes femmes non identifi\u00e9es qu'il avait ex\u00e9cut\u00e9es.","format":"standard","video":"","gallery":"","source_name":"","source_url":"","via_name":"","via_url":"","override_template":"0","override":[{"template":"1","single_blog_custom":"","parallax":"1","fullscreen":"0","layout":"right-sidebar","sidebar":"default-sidebar","second_sidebar":"default-sidebar","sticky_sidebar":"1","share_position":"top","share_float_style":"share-monocrhome","show_share_counter":"1","show_view_counter":"1","show_featured":"1","show_post_meta":"1","show_post_author":"1","show_post_author_image":"1","show_post_date":"1","post_date_format":"default","post_date_format_custom":"Y\/m\/d","show_post_category":"1","show_post_reading_time":"0","post_reading_time_wpm":"300","show_zoom_button":"0","zoom_button_out_step":"2","zoom_button_in_step":"3","show_post_tag":"1","show_prev_next_post":"1","show_popup_post":"1","number_popup_post":"1","show_author_box":"0","show_post_related":"0","show_inline_post_related":"0"}],"override_image_size":"0","image_override":[{"single_post_thumbnail_size":"crop-500","single_post_gallery_size":"crop-500"}],"trending_post":"0","trending_post_position":"meta","trending_post_label":"Trending","sponsored_post":"0","sponsored_post_label":"Sponsored by","sponsored_post_name":"","sponsored_post_url":"","sponsored_post_logo_enable":"0","sponsored_post_logo":"","sponsored_post_desc":"","disable_ad":"0"},"jnews_primary_category":{"id":"","hide":""},"jnews_social_meta":{"fb_title":"","fb_description":"","fb_image":"","twitter_title":"","twitter_description":"","twitter_image":""},"jnews_override_counter":{"override_view_counter":"0","view_counter_number":"0","override_share_counter":"0","share_counter_number":"0","override_like_counter":"0","like_counter_number":"0","override_dislike_counter":"0","dislike_counter_number":"0"},"footnotes":""},"categories":[8],"tags":[367,382,366,373,369,370,376],"class_list":["post-11182","post","type-post","status-publish","format-standard","has-post-thumbnail","hentry","category-articles","tag-execution","tag-generation-egalite","tag-la-petite-fille","tag-le-leadership-des-femmes","tag-manifestations","tag-prisonnieres","tag-violence-contre-les-femmes"],"_links":{"self":[{"href":"https:\/\/wncri.org\/fr\/wp-json\/wp\/v2\/posts\/11182","targetHints":{"allow":["GET"]}}],"collection":[{"href":"https:\/\/wncri.org\/fr\/wp-json\/wp\/v2\/posts"}],"about":[{"href":"https:\/\/wncri.org\/fr\/wp-json\/wp\/v2\/types\/post"}],"author":[{"embeddable":true,"href":"https:\/\/wncri.org\/fr\/wp-json\/wp\/v2\/users\/4"}],"replies":[{"embeddable":true,"href":"https:\/\/wncri.org\/fr\/wp-json\/wp\/v2\/comments?post=11182"}],"version-history":[{"count":6,"href":"https:\/\/wncri.org\/fr\/wp-json\/wp\/v2\/posts\/11182\/revisions"}],"predecessor-version":[{"id":22914,"href":"https:\/\/wncri.org\/fr\/wp-json\/wp\/v2\/posts\/11182\/revisions\/22914"}],"wp:featuredmedia":[{"embeddable":true,"href":"https:\/\/wncri.org\/fr\/wp-json\/wp\/v2\/media\/11201"}],"wp:attachment":[{"href":"https:\/\/wncri.org\/fr\/wp-json\/wp\/v2\/media?parent=11182"}],"wp:term":[{"taxonomy":"category","embeddable":true,"href":"https:\/\/wncri.org\/fr\/wp-json\/wp\/v2\/categories?post=11182"},{"taxonomy":"post_tag","embeddable":true,"href":"https:\/\/wncri.org\/fr\/wp-json\/wp\/v2\/tags?post=11182"}],"curies":[{"name":"wp","href":"https:\/\/api.w.org\/{rel}","templated":true}]}}