{"id":11152,"date":"2020-06-11T22:28:35","date_gmt":"2020-06-11T20:28:35","guid":{"rendered":"https:\/\/wncri.org\/fr\/?p=11152"},"modified":"2020-06-12T22:36:19","modified_gmt":"2020-06-12T20:36:19","slug":"davantage-de-pression-sur-les-prisonnieres-politiques-avec-de-fausses-accusations","status":"publish","type":"post","link":"https:\/\/wncri.org\/fr\/2020\/06\/11\/davantage-de-pression-sur-les-prisonnieres-politiques-avec-de-fausses-accusations\/","title":{"rendered":"Davantage de pression sur les prisonni\u00e8res politiques avec de fausses accusations"},"content":{"rendered":"<p>CNRI Femmes &#8211; Afin d&#8217;augmenter la pression sur les prisonni\u00e8res politiques, le pouvoir judiciaire du r\u00e9gime iranien a d\u00e9pos\u00e9 de nouvelles plaintes contre elles.<\/p>\n<p>La prisonni\u00e8re politique <a href=\"https:\/\/iranfocus.com\/fr\/index.php\/iran\/femmes-mainmenu-29\/11353-de-courageuses-prisonnieres-politiques-iraniennes-appellent-au-boycott-de-la-farce-electorale-des-mollahs\" target=\"_blank\" rel=\"noopener noreferrer\">Maryam Akbari Monfared<\/a> a \u00e9t\u00e9 convoqu\u00e9e oralement au tribunal d&#8217;Evine le mercredi 10 juin 2020. Elle a cependant refus\u00e9 de se pr\u00e9senter \u00e0 l&#8217;audience.<\/p>\n<p>Elle a d\u00e9clar\u00e9 que la raison de son refus de se pr\u00e9senter au tribunal \u00e9tait qu&#8217;elle n&#8217;avait pas re\u00e7u de notification \u00e9crite et qu&#8217;on lui avait interdit l&#8217;acc\u00e8s \u00e0 un avocat.<\/p>\n<p>La nouvelle accusation port\u00e9e contre Maryam Akbari est qu&#8217;elle a scand\u00e9 des slogans dans la nuit du 11 f\u00e9vrier 2020, date anniversaire de la r\u00e9volution iranienne de 1979 qui a renvers\u00e9 le chah.<\/p>\n<p><a href=\"https:\/\/wncri.org\/fr\/2019\/07\/28\/maryam-akbari-les-criminels-du-massacre-de-1988-sont-au-pouvoir-en-iran\/\" target=\"_blank\" rel=\"noopener noreferrer\">Maryam Akbari Monfared<\/a>, 45 ans, m\u00e8re de trois filles, a \u00e9t\u00e9 arr\u00eat\u00e9e fin d\u00e9cembre 2009, apr\u00e8s avoir contact\u00e9 ses fr\u00e8res et s\u0153urs membres de l&#8217;Organisation des Moudjahidine du peuple d&#8217;Iran (OMPI \/ MEK), la principale opposition \u00e0 la dictature religieuse. Elle a \u00e9t\u00e9 arr\u00eat\u00e9e et accus\u00e9e de Moharebeh, ou guerre contre Dieu en collaborant avec l&#8217;OMPI.<\/p>\n<p><a href=\"https:\/\/wncri.org\/fr\/2016\/10\/28\/iran-la-courageuse-prisonniere-politique-maryam-akbari-monfared-privee-de-visites\/\" target=\"_blank\" rel=\"noopener noreferrer\">Maryam Akbari<\/a> a \u00e9t\u00e9 essentiellement priv\u00e9e d&#8217;acc\u00e8s \u00e0 un avocat et a \u00e9t\u00e9 condamn\u00e9e \u00e0 15 ans de prison lors d&#8217;un proc\u00e8s de 5 minutes. Elle purge sa onzi\u00e8me ann\u00e9e \u00e0 la prison d&#8217;Evine sans m\u00eame une seule autorisation de sortie.<\/p>\n<p>&nbsp;<\/p>\n<p>Par ailleurs, dans la nuit du 6 juin 2020, les autorit\u00e9s de la prison d&#8217;Evine ont inform\u00e9 Atena Daemi qu&#8217;elle \u00e9taient convoqu\u00e9e au tribunal d&#8217;Evine le lendemain.<\/p>\n<p><a href=\"https:\/\/wncri.org\/fr\/2020\/03\/12\/nouvelle-plainte-contre-atena-daemi-pour-avoir-defendu-les-martyrs-de-novembre-en-iran\/\">Atena Daemi<\/a> a comparu au tribunal en pr\u00e9sumant que l&#8217;audience \u00e9tait li\u00e9e \u00e0 son affaire pr\u00e9c\u00e9dente. Mais elle a r\u00e9alis\u00e9 \u00e0 son arriv\u00e9e qu&#8217;il s&#8217;agissait d&#8217;une nouvelle affaire et elle \u00e9tait accus\u00e9e de troubler l&#8217;ordre de la prison en scandant des slogans dans la nuit du 11 f\u00e9vrier 2020.<\/p>\n<p>Atena Daemi a ni\u00e9 ces all\u00e9gations lors de ses interrogatoires.<\/p>\n<p>Auparavant, le 13 mai 2020, <a href=\"https:\/\/wncri.org\/fr\/2020\/05\/03\/atena-daemi-refuse-de-comparaitre-en-justice-en-raison-de-plaintes-fabriquees\/\" target=\"_blank\" rel=\"noopener noreferrer\">une autre audience<\/a> s&#8217;\u00e9tait tenue au tribunal r\u00e9volutionnaire de T\u00e9h\u00e9ran pour traiter d&#8217;autres accusations port\u00e9es contre cette prisonni\u00e8re politique.<\/p>\n<p>Atena Daemi, <a href=\"https:\/\/wncri.org\/fr\/2019\/09\/11\/honoree-de-recevoir-une-nouvelle-peine-pour-metre-opposee-a-la-peine-de-mort-atena-daemi\/\" target=\"_blank\" rel=\"noopener noreferrer\">militante civile<\/a> qui d\u00e9fend les droits des enfants, a \u00e9t\u00e9 arr\u00eat\u00e9 le 21 octobre 2014. Elle a \u00e9t\u00e9 condamn\u00e9e \u00e0 14 ans de prison le 14 mars 2015, pour ses activit\u00e9s civiles pacifiques, sous les chefs d&#8217;accusation de &#8220;propagande contre l&#8217;\u00c9tat&#8221;, &#8220;association et collusion contre la s\u00e9curit\u00e9 nationale&#8221;, &#8220;outrage au guide supr\u00eame&#8221; et &#8220;dissimulation de preuves &#8220;.\u00a0 Atena Daemi a \u00e9t\u00e9 lib\u00e9r\u00e9e le 15 f\u00e9vrier 2016, apr\u00e8s avoir purg\u00e9 16 mois et sa peine a ensuite \u00e9t\u00e9 r\u00e9duite \u00e0 7 ans. Mais elle a \u00e9t\u00e9 violemment arr\u00eat\u00e9e \u00e0 nouveau le 26 novembre 2016 et conduite \u00e0 la prison d&#8217;Evine pour y purger sa peine.<\/p>\n","protected":false},"excerpt":{"rendered":"<p>CNRI Femmes &#8211; Afin d&#8217;augmenter la pression sur les prisonni\u00e8res politiques, le pouvoir judiciaire du r\u00e9gime iranien a d\u00e9pos\u00e9 de nouvelles plaintes contre elles. La prisonni\u00e8re politique Maryam Akbari Monfared a \u00e9t\u00e9 convoqu\u00e9e oralement au tribunal d&#8217;Evine le mercredi 10 juin 2020. Elle a cependant refus\u00e9 de se pr\u00e9senter \u00e0 l&#8217;audience. Elle a d\u00e9clar\u00e9 que [&hellip;]<\/p>\n","protected":false},"author":4,"featured_media":11153,"comment_status":"closed","ping_status":"closed","sticky":false,"template":"","format":"standard","meta":{"jnews-multi-image_gallery":[],"jnews_single_post":{"subtitle":"","format":"standard","video":"","gallery":"","source_name":"","source_url":"","via_name":"","via_url":"","override_template":"0","override":[{"single_blog_custom":"","parallax":"0","fullscreen":"0","sidebar":"","second_sidebar":"","sticky_sidebar":"0","share_position":"","share_float_style":"","show_share_counter":"0","show_view_counter":"0","show_featured":"0","show_post_meta":"0","show_post_author":"0","show_post_author_image":"0","show_post_date":"0","post_date_format":"","post_date_format_custom":"","show_post_category":"0","show_post_reading_time":"0","post_reading_time_wpm":"","show_zoom_button":"0","zoom_button_out_step":"1","zoom_button_in_step":"1","show_post_tag":"0","show_prev_next_post":"0","show_popup_post":"0","number_popup_post":"1","show_author_box":"0","show_post_related":"0","show_inline_post_related":"0"}],"override_image_size":"0","image_override":[{"single_post_thumbnail_size":"","single_post_gallery_size":""}],"trending_post":"0","trending_post_position":"","trending_post_label":"","sponsored_post":"0","sponsored_post_label":"","sponsored_post_name":"","sponsored_post_url":"","sponsored_post_logo_enable":"0","sponsored_post_logo":"","sponsored_post_desc":""},"jnews_primary_category":{"id":""},"jnews_social_meta":[],"jnews_override_counter":{"override_view_counter":"0","view_counter_number":"0","override_share_counter":"0","share_counter_number":"0","override_like_counter":"0","like_counter_number":"0","override_dislike_counter":"0","dislike_counter_number":"0"},"footnotes":""},"categories":[3],"tags":[370],"class_list":["post-11152","post","type-post","status-publish","format-standard","has-post-thumbnail","hentry","category-infos-des-femmes","tag-prisonnieres"],"_links":{"self":[{"href":"https:\/\/wncri.org\/fr\/wp-json\/wp\/v2\/posts\/11152","targetHints":{"allow":["GET"]}}],"collection":[{"href":"https:\/\/wncri.org\/fr\/wp-json\/wp\/v2\/posts"}],"about":[{"href":"https:\/\/wncri.org\/fr\/wp-json\/wp\/v2\/types\/post"}],"author":[{"embeddable":true,"href":"https:\/\/wncri.org\/fr\/wp-json\/wp\/v2\/users\/4"}],"replies":[{"embeddable":true,"href":"https:\/\/wncri.org\/fr\/wp-json\/wp\/v2\/comments?post=11152"}],"version-history":[{"count":0,"href":"https:\/\/wncri.org\/fr\/wp-json\/wp\/v2\/posts\/11152\/revisions"}],"wp:featuredmedia":[{"embeddable":true,"href":"https:\/\/wncri.org\/fr\/wp-json\/wp\/v2\/media\/11153"}],"wp:attachment":[{"href":"https:\/\/wncri.org\/fr\/wp-json\/wp\/v2\/media?parent=11152"}],"wp:term":[{"taxonomy":"category","embeddable":true,"href":"https:\/\/wncri.org\/fr\/wp-json\/wp\/v2\/categories?post=11152"},{"taxonomy":"post_tag","embeddable":true,"href":"https:\/\/wncri.org\/fr\/wp-json\/wp\/v2\/tags?post=11152"}],"curies":[{"name":"wp","href":"https:\/\/api.w.org\/{rel}","templated":true}]}}