{"id":11110,"date":"2023-06-05T14:58:00","date_gmt":"2023-06-05T12:58:00","guid":{"rendered":"https:\/\/wncri.org\/fr\/?p=11110"},"modified":"2023-06-07T16:37:23","modified_gmt":"2023-06-07T14:37:23","slug":"marjan-la-voix-de-la-resistance-iranienne-pour-la-liberte-est-devenue-eternelle-2","status":"publish","type":"post","link":"https:\/\/wncri.org\/fr\/2023\/06\/05\/marjan-la-voix-de-la-resistance-iranienne-pour-la-liberte-est-devenue-eternelle-2\/","title":{"rendered":"Marjan, la voix de la R\u00e9sistance iranienne pour la libert\u00e9, est devenue \u00e9ternelle"},"content":{"rendered":"<p>CNRI Femmes &#8211; Marjan, voix de la R\u00e9sistance iranienne pour la libert\u00e9, grande artiste et chanteuse, ancienne prisonni\u00e8re politique, est d\u00e9c\u00e9d\u00e9e dans la soir\u00e9e du 5 juin 2020, des suites d&#8217;un arr\u00eat cardiaque apr\u00e8s une op\u00e9ration chirurgicale.<\/p>\n<p>Marjan \u00e9tait une actrice et une chanteuse populaire. N\u00e9e le 14 juillet 1948, son nom d&#8217;origine \u00e9tait Shahla Zamir Safi. Adolescente, elle est devenue annonceuse \u00e0 la radio, puis a trouv\u00e9 sa voie vers le cin\u00e9ma, et enfin vers le chant o\u00f9 elle est devenue une \u00e9toile de la chanson. Comme d&#8217;autres femmes artistes, elle a \u00e9t\u00e9 interdite de se produire apr\u00e8s la r\u00e9volution de 1979 qui a renvers\u00e9 le chah.<\/p>\n<p><img decoding=\"async\" class=\"alignnone size-medium wp-image-11079 aligncenter lazyload\" src=\"data:image\/gif;base64,R0lGODlhAQABAIAAAAAAAP\/\/\/yH5BAEAAAAALAAAAAABAAEAAAIBRAA7\" data-src=\"https:\/\/wncri.org\/fr\/wp-content\/uploads\/2020\/06\/\u062e\u0627\u0646\u0645-\u0645\u0631\u062c\u0627\u0646-Copy-min-236x300.jpg\" alt=\"En juillet 1982, elle a \u00e9t\u00e9 arr\u00eat\u00e9e et emprisonn\u00e9e pour son soutien \u00e0 l'Organisation des Moudjahidine du peuple \" width=\"236\" height=\"300\"><noscript><img decoding=\"async\" class=\"alignnone size-medium wp-image-11079 aligncenter lazyload\" src=\"https:\/\/wncri.org\/fr\/wp-content\/uploads\/2020\/06\/\u062e\u0627\u0646\u0645-\u0645\u0631\u062c\u0627\u0646-Copy-min-236x300.jpg\" alt=\"En juillet 1982, elle a \u00e9t\u00e9 arr\u00eat\u00e9e et emprisonn\u00e9e pour son soutien \u00e0 l'Organisation des Moudjahidine du peuple \" width=\"236\" height=\"300\" srcset=\"https:\/\/wncri.org\/fr\/wp-content\/uploads\/2020\/06\/\u062e\u0627\u0646\u0645-\u0645\u0631\u062c\u0627\u0646-Copy-min-236x300.jpg 236w, https:\/\/wncri.org\/fr\/wp-content\/uploads\/2020\/06\/\u062e\u0627\u0646\u0645-\u0645\u0631\u062c\u0627\u0646-Copy-min.jpg 611w\" sizes=\"(max-width: 236px) 100vw, 236px\" \/><\/noscript><\/p>\n<p>En juillet 1982, elle a \u00e9t\u00e9 arr\u00eat\u00e9e et emprisonn\u00e9e pour son soutien \u00e0 l&#8217;Organisation des Moudjahidine du peuple d&#8217;Iran (OMPI\/MEK), et ses biens ont \u00e9t\u00e9 confisqu\u00e9s par les mollahs.<\/p>\n<p>Durant ses ann\u00e9es de prison, elle a \u00e9t\u00e9 <a href=\"https:\/\/www.youtube.com\/watch?v=_675wqdHHcc\" target=\"_blank\" rel=\"noopener noreferrer\">profond\u00e9ment impressionn\u00e9e<\/a> par le courage des jeunes sympathisantes de l\u2019OMPI, quelque chose qui a chang\u00e9 sa vie.<\/p>\n<p>Dans une interview, elle avait d\u00e9clar\u00e9 : \u00ab&nbsp;Je me sens humble quand je me souviens de la r\u00e9sistance et de la pers\u00e9v\u00e9rance des d\u00e9tenues que j&#8217;ai rencontr\u00e9es dans les prisons du r\u00e9gime cl\u00e9rical. Des jeunes femmes dont la moyenne d&#8217;\u00e2ge se situait entre 17 et 20 ans. Bien s\u00fbr, il y en avait dans d&#8217;autres sections qui \u00e9taient encore plus jeunes, qui avaient entre 10 et 12 ans&#8230;&nbsp;\u00bb<\/p>\n<p>Apr\u00e8s avoir \u00e9t\u00e9 lib\u00e9r\u00e9e, elle a quitt\u00e9 l&#8217;Iran par crainte pour sa vie et s\u2019est install\u00e9e \u00e0 Los Angeles jusqu&#8217;\u00e0 la fin de ses jours.<\/p>\n<p>&nbsp;<\/p>\n<p>Dans une interview avec <a href=\"https:\/\/t.co\/ZMvwCv6sMD?amp=1\" target=\"_blank\" rel=\"noopener noreferrer\">Alarabiya<\/a>, elle expliquait : \u00ab&nbsp;Le r\u00e9gime (cl\u00e9rical) \u00e9tait en guerre contre les artistes et en particulier contre les femmes. Il ne ch\u00e9rissait pas la musique et l&#8217;avait d\u00e9clar\u00e9e ill\u00e9gale (&#8230;) La communaut\u00e9 artistique a \u00e9t\u00e9 an\u00e9antie dans son ensemble. Tous les films ont \u00e9t\u00e9 d\u00e9truits (&#8230;) Alors, j&#8217;ai d\u00e9cid\u00e9 de me battre parce que c&#8217;\u00e9tait mon droit de vivre libre dans mon propre pays. \u00c0 l&#8217;\u00e9poque, le groupe le mieux organis\u00e9 \u00e9tait l&#8217;Organisation des Moudjahidine du peuple. Apr\u00e8s mon arrestation, j&#8217;ai \u00e9t\u00e9 directement mis \u00e0 l&#8217;isolement. C&#8217;est le pire endroit pour la d\u00e9tention et la torture. Plus tard, j&#8217;ai demand\u00e9 pourquoi ils m&#8217;avaient emmen\u00e9 dans une cellule d&#8217;isolement. Et ils m&#8217;ont r\u00e9pondu : \u00ab&nbsp;parce que les charges retenues contre toi \u00e9taient graves. Tu \u00e9tais une personne c\u00e9l\u00e8bre et tu avais rejoint ce groupe.&nbsp;\u00bb Quand j&#8217;\u00e9tais en Iran, mon mari avait \u00e9galement \u00e9t\u00e9 emprisonn\u00e9. Quand il a \u00e9t\u00e9 lib\u00e9r\u00e9, nous avons en quelque sorte r\u00e9tabli le contact avec l&#8217;OMPI\/MEK. Mais le r\u00e9gime l&#8217;a d\u00e9couvert. Ensuite, ils ont publi\u00e9 un article sur moi dans le quotidien Kayhan dans la rubrique sp\u00e9ciale. Et j&#8217;ai senti qu&#8217;il n&#8217;\u00e9tait plus s\u00fbr pour moi de rester en Iran (&#8230;) La nuit-m\u00eame, j&#8217;ai fui \u00e0 Duba\u00ef.&nbsp;\u00bb<\/p>\n<p>Pendant ses ann\u00e9es d&#8217;exil, elle a toujours \u00e9t\u00e9 en contact avec le Conseil national de la R\u00e9sistance iranienne. Marjan a consacr\u00e9 son art \u00e0 faire avancer la cause de la R\u00e9sistance pour la libert\u00e9 et pour un changement de r\u00e9gime. Elle a chant\u00e9 des dizaines de chansons dont &#8220;Rouyesh Nagozir&#8221; (rien ne l\u2019emp\u00eachera de croitre) et \u201c<a href=\"https:\/\/www.youtube.com\/watch?v=r40pGuWeAAk\" target=\"_blank\" rel=\"noopener noreferrer\">vaght-e barandazi<\/a>\u201d (le molent pour un changement de r\u00e9gime) qui ont \u00e9t\u00e9 largement adopt\u00e9es par les jeunes et en particulier les jeunes femmes en Iran.<\/p>\n<p>Dans une interview accord\u00e9e au magazine Youths \u00e0 Los Angeles, elle a d\u00e9clar\u00e9 : \u00ab&nbsp;Ma voix est mon arme jusqu&#8217;au jour o\u00f9 nos compatriotes seront libres. Et je pr\u00e9f\u00e9rerais utiliser ma voix non pas dans des concerts mais dans les conventions du Conseil national de la R\u00e9sistance, contre les mollahs qui dirigent mon pays.&nbsp;\u00bb<\/p>\n<p>Marjan \u00e9tait une de ces femmes courageuses et lib\u00e9r\u00e9es d&#8217;Iran qui, au lieu de se soumettre \u00e0 la tyrannie religieuse, a d\u00e9cid\u00e9 de se battre et de s&#8217;opposer au r\u00e9gime. Jusqu&#8217;\u00e0 son dernier souffle, elle s&#8217;est fi\u00e8rement engag\u00e9e dans cette voie.<\/p>\n<p>Aujourd&#8217;hui, Marjan, la voix de la R\u00e9sistance iranienne pour la libert\u00e9 est devenue \u00e9ternelle, mais son nom, sa m\u00e9moire et ses chansons continueront \u00e0 inspirer les amoureux de la libert\u00e9 et en particulier les femmes et les filles en Iran.<\/p>\n<p>&nbsp;<\/p>\n<p>&nbsp;<\/p>\n","protected":false},"excerpt":{"rendered":"<p>CNRI Femmes &#8211; Marjan, voix de la R\u00e9sistance iranienne pour la libert\u00e9, grande artiste et chanteuse, ancienne prisonni\u00e8re politique, est d\u00e9c\u00e9d\u00e9e dans la soir\u00e9e du 5 juin 2020, des suites d&#8217;un arr\u00eat cardiaque apr\u00e8s une op\u00e9ration chirurgicale. Marjan \u00e9tait une actrice et une chanteuse populaire. N\u00e9e le 14 juillet 1948, son nom d&#8217;origine \u00e9tait Shahla [&hellip;]<\/p>\n","protected":false},"author":4,"featured_media":11078,"comment_status":"closed","ping_status":"closed","sticky":false,"template":"","format":"standard","meta":{"jnews-multi-image_gallery":[],"jnews_single_post":{"subtitle":"","format":"standard","video":"","gallery":"","source_name":"","source_url":"","via_name":"","via_url":"","override_template":"0","override":[{"template":"1","single_blog_custom":"","parallax":"1","fullscreen":"0","layout":"right-sidebar","sidebar":"default-sidebar","second_sidebar":"default-sidebar","sticky_sidebar":"1","share_position":"top","share_float_style":"share-monocrhome","show_share_counter":"1","show_view_counter":"1","show_featured":"1","show_post_meta":"1","show_post_author":"1","show_post_author_image":"1","show_post_date":"1","post_date_format":"default","post_date_format_custom":"Y\/m\/d","show_post_category":"1","show_post_reading_time":"0","post_reading_time_wpm":"300","show_zoom_button":"0","zoom_button_out_step":"2","zoom_button_in_step":"3","show_post_tag":"1","show_prev_next_post":"1","show_popup_post":"1","number_popup_post":"1","show_author_box":"0","show_post_related":"0","show_inline_post_related":"0"}],"override_image_size":"0","image_override":[{"single_post_thumbnail_size":"crop-500","single_post_gallery_size":"crop-500"}],"trending_post":"0","trending_post_position":"meta","trending_post_label":"Trending","sponsored_post":"0","sponsored_post_label":"Sponsored by","sponsored_post_name":"","sponsored_post_url":"","sponsored_post_logo_enable":"0","sponsored_post_logo":"","sponsored_post_desc":"","disable_ad":"0"},"jnews_primary_category":{"id":"","hide":""},"jnews_social_meta":{"fb_title":"","fb_description":"","fb_image":"","twitter_title":"","twitter_description":"","twitter_image":""},"jnews_override_counter":{"override_view_counter":"0","view_counter_number":"0","override_share_counter":"0","share_counter_number":"0","override_like_counter":"0","like_counter_number":"0","override_dislike_counter":"0","dislike_counter_number":"0"},"footnotes":""},"categories":[25],"tags":[373,370],"class_list":["post-11110","post","type-post","status-publish","format-standard","has-post-thumbnail","hentry","category-tombees-pour-la-liberte","tag-le-leadership-des-femmes","tag-prisonnieres"],"_links":{"self":[{"href":"https:\/\/wncri.org\/fr\/wp-json\/wp\/v2\/posts\/11110","targetHints":{"allow":["GET"]}}],"collection":[{"href":"https:\/\/wncri.org\/fr\/wp-json\/wp\/v2\/posts"}],"about":[{"href":"https:\/\/wncri.org\/fr\/wp-json\/wp\/v2\/types\/post"}],"author":[{"embeddable":true,"href":"https:\/\/wncri.org\/fr\/wp-json\/wp\/v2\/users\/4"}],"replies":[{"embeddable":true,"href":"https:\/\/wncri.org\/fr\/wp-json\/wp\/v2\/comments?post=11110"}],"version-history":[{"count":1,"href":"https:\/\/wncri.org\/fr\/wp-json\/wp\/v2\/posts\/11110\/revisions"}],"predecessor-version":[{"id":18465,"href":"https:\/\/wncri.org\/fr\/wp-json\/wp\/v2\/posts\/11110\/revisions\/18465"}],"wp:featuredmedia":[{"embeddable":true,"href":"https:\/\/wncri.org\/fr\/wp-json\/wp\/v2\/media\/11078"}],"wp:attachment":[{"href":"https:\/\/wncri.org\/fr\/wp-json\/wp\/v2\/media?parent=11110"}],"wp:term":[{"taxonomy":"category","embeddable":true,"href":"https:\/\/wncri.org\/fr\/wp-json\/wp\/v2\/categories?post=11110"},{"taxonomy":"post_tag","embeddable":true,"href":"https:\/\/wncri.org\/fr\/wp-json\/wp\/v2\/tags?post=11110"}],"curies":[{"name":"wp","href":"https:\/\/api.w.org\/{rel}","templated":true}]}}