{"id":11096,"date":"2020-06-07T21:55:35","date_gmt":"2020-06-07T19:55:35","guid":{"rendered":"https:\/\/wncri.org\/fr\/?p=11096"},"modified":"2020-06-09T00:16:47","modified_gmt":"2020-06-08T22:16:47","slug":"la-prisonniere-politique-kurde-zeinab-jalalian-contaminee-par-le-covid-19","status":"publish","type":"post","link":"https:\/\/wncri.org\/fr\/2020\/06\/07\/la-prisonniere-politique-kurde-zeinab-jalalian-contaminee-par-le-covid-19\/","title":{"rendered":"La prisonni\u00e8re politique kurde Zeinab Jalalian contamin\u00e9e par le Covid-19"},"content":{"rendered":"<p>CNRI Femmes &#8211; La prisonni\u00e8re politique kurde Zeinab Jalalian a contract\u00e9 le virus Covid-19, mais les autorit\u00e9s du minist\u00e8re du renseignement en Iran n&#8217;autorisent pas son transfert dans un h\u00f4pital \u00e0 l\u2019ext\u00e9rieur pour y \u00eatre soign\u00e9e.<\/p>\n<p>Ali Jalalian, son p\u00e8re, a annonc\u00e9 : \u00ab\u00a0Dans la soir\u00e9e du mardi 2 juin, Zeinab a \u00e9t\u00e9 transf\u00e9r\u00e9e au centre m\u00e9dical de la prison en raison d&#8217;un grave essoufflement et apr\u00e8s avoir \u00e9t\u00e9 examin\u00e9e et test\u00e9e par un m\u00e9decin, elle a \u00e9t\u00e9 diagnostiqu\u00e9e avec le Covid-19.\u00a0\u00bb<\/p>\n<p>Malgr\u00e9 le diagnostic, les autorit\u00e9s p\u00e9nitentiaires de Qarchak ont refus\u00e9 d&#8217;envoyer la prisonni\u00e8re politique kurde Zeinab Jalalian dans un h\u00f4pital \u00e0 l\u2019ext\u00e9rieur, suivant les ordres du minist\u00e8re du renseignement.<\/p>\n<p>Selon des sources fiables, lors d&#8217;un appel t\u00e9l\u00e9phonique \u00e0 sa famille le 6 juin, Zeinab a d\u00e9clar\u00e9 qu&#8217;elle \u00e9tait incarc\u00e9r\u00e9e avec plusieurs d\u00e9tenues infect\u00e9es dans une salle s\u00e9par\u00e9e dans le quartier d\u2019isolement de la <a href=\"https:\/\/wncri.org\/fr\/2020\/04\/20\/regard-sur-la-situation-tragique-a-la-prison-pour-femmes-de-qarchak-en-iran\/\" target=\"_blank\" rel=\"noopener noreferrer\">prison de Qarchak<\/a>. Elle a d\u00e9clar\u00e9 qu&#8217;elle souffrait toujours de dyspn\u00e9e et d&#8217;une forte fi\u00e8vre.<\/p>\n<p>Selon le m\u00e9decin de la clinique de la prison, le virus a infect\u00e9 ses poumons et ils essaient de le contr\u00f4ler.<\/p>\n<p>La prisonni\u00e8re politique kurde Zeinab Jalalian a purg\u00e9 13 ans de sa peine \u00e0 vie dans la prison de Khoy. Le 2 mai 2020, elle <a href=\"https:\/\/wncri.org\/fr\/2020\/05\/02\/la-prisonniere-politique-zeinab-jalalian-transferee-a-la-prison-de-qarchak\/\" target=\"_blank\" rel=\"noopener noreferrer\">a \u00e9t\u00e9 transf\u00e9r\u00e9e<\/a> \u00e0 la prison de Qarchak de Varamine, o\u00f9 des d\u00e9tenues ont contract\u00e9 le virus. L\u00e0 elle a \u00e9t\u00e9 plac\u00e9e dans le quartier d\u2019isolement o\u00f9 croupissent 80 d\u00e9tenues malades de ce virus, sans la moindre r\u00e8gle sanitaire ni aucune distanciation sociale.<\/p>\n<p>Dans un appel \u00e0 une action urgente le 15 juin 2018, Amnesty International a d\u00e9clar\u00e9 qu\u2019en lui interdisant l&#8217;acc\u00e8s aux soins m\u00e9dicaux, les autorit\u00e9s soumettent Zeinab Jalalian \u00e0 la torture.<\/p>\n<p>Selon Amnesty International, \u00ab\u00a0Zeinab Jalalian a \u00e9galement des probl\u00e8mes cardiaques, intestinaux et r\u00e9naux, ainsi qu&#8217;un muguet buccal qui lui a caus\u00e9 des bosses blanches douloureuses sur la langue et qui l&#8217;emp\u00eache de manger et d&#8217;avaler. Elle risque de perdre la vue en prison, car on lui refuse une op\u00e9ration pour une maladie oculaire qui s&#8217;aggrave, le pt\u00e9rygion, qui alt\u00e8re sa vision et lui cause un grave inconfort.\u00a0\u00bb<\/p>\n<p>\u00ab\u00a0Elle a demand\u00e9 \u00e0 plusieurs reprises aux autorit\u00e9s p\u00e9nitentiaires de l&#8217;emmener dans un h\u00f4pital \u00e0 l&#8217;ext\u00e9rieur de la prison pour y subir des tests sp\u00e9cialis\u00e9s et y recevoir un traitement pour ses probl\u00e8mes de sant\u00e9, mais les autorit\u00e9s ont soit purement et simplement rejet\u00e9 ses demandes, soit les ont accept\u00e9es \u00e0 condition qu&#8217;elle fasse des &#8220;aveux&#8221; enregistr\u00e9s sur vid\u00e9o\u00a0\u00bb, a ajout\u00e9 Amnesty International.<\/p>\n<p>&nbsp;<\/p>\n<p>&nbsp;<\/p>\n","protected":false},"excerpt":{"rendered":"<p>CNRI Femmes &#8211; La prisonni\u00e8re politique kurde Zeinab Jalalian a contract\u00e9 le virus Covid-19, mais les autorit\u00e9s du minist\u00e8re du renseignement en Iran n&#8217;autorisent pas son transfert dans un h\u00f4pital \u00e0 l\u2019ext\u00e9rieur pour y \u00eatre soign\u00e9e. Ali Jalalian, son p\u00e8re, a annonc\u00e9 : \u00ab\u00a0Dans la soir\u00e9e du mardi 2 juin, Zeinab a \u00e9t\u00e9 transf\u00e9r\u00e9e au [&hellip;]<\/p>\n","protected":false},"author":4,"featured_media":11097,"comment_status":"closed","ping_status":"closed","sticky":false,"template":"","format":"standard","meta":{"jnews-multi-image_gallery":[],"jnews_single_post":{"source_name":"","source_url":"","via_name":"","via_url":"","override_template":"0","override":[{"single_blog_custom":"","parallax":"0","fullscreen":"0","sidebar":"","second_sidebar":"","sticky_sidebar":"0","share_position":"","share_float_style":"","show_share_counter":"0","show_view_counter":"0","show_featured":"0","show_post_meta":"0","show_post_author":"0","show_post_author_image":"0","show_post_date":"0","post_date_format":"","post_date_format_custom":"","show_post_category":"0","show_post_reading_time":"0","post_reading_time_wpm":"","show_zoom_button":"0","zoom_button_out_step":"1","zoom_button_in_step":"1","show_post_tag":"0","show_prev_next_post":"0","show_popup_post":"0","number_popup_post":"1","show_author_box":"0","show_post_related":"0","show_inline_post_related":"0"}],"override_image_size":"0","image_override":[{"single_post_thumbnail_size":"","single_post_gallery_size":""}],"trending_post":"0","trending_post_position":"","trending_post_label":"","sponsored_post":"0","sponsored_post_label":"","sponsored_post_name":"","sponsored_post_url":"","sponsored_post_logo_enable":"0","sponsored_post_logo":"","sponsored_post_desc":""},"jnews_primary_category":{"id":""},"jnews_social_meta":[],"jnews_override_counter":{"override_view_counter":"0","view_counter_number":"0","override_share_counter":"0","share_counter_number":"0","override_like_counter":"0","like_counter_number":"0","override_dislike_counter":"0","dislike_counter_number":"0"},"footnotes":""},"categories":[3],"tags":[374,370],"class_list":["post-11096","post","type-post","status-publish","format-standard","has-post-thumbnail","hentry","category-infos-des-femmes","tag-coronavirus","tag-prisonnieres"],"_links":{"self":[{"href":"https:\/\/wncri.org\/fr\/wp-json\/wp\/v2\/posts\/11096","targetHints":{"allow":["GET"]}}],"collection":[{"href":"https:\/\/wncri.org\/fr\/wp-json\/wp\/v2\/posts"}],"about":[{"href":"https:\/\/wncri.org\/fr\/wp-json\/wp\/v2\/types\/post"}],"author":[{"embeddable":true,"href":"https:\/\/wncri.org\/fr\/wp-json\/wp\/v2\/users\/4"}],"replies":[{"embeddable":true,"href":"https:\/\/wncri.org\/fr\/wp-json\/wp\/v2\/comments?post=11096"}],"version-history":[{"count":0,"href":"https:\/\/wncri.org\/fr\/wp-json\/wp\/v2\/posts\/11096\/revisions"}],"wp:featuredmedia":[{"embeddable":true,"href":"https:\/\/wncri.org\/fr\/wp-json\/wp\/v2\/media\/11097"}],"wp:attachment":[{"href":"https:\/\/wncri.org\/fr\/wp-json\/wp\/v2\/media?parent=11096"}],"wp:term":[{"taxonomy":"category","embeddable":true,"href":"https:\/\/wncri.org\/fr\/wp-json\/wp\/v2\/categories?post=11096"},{"taxonomy":"post_tag","embeddable":true,"href":"https:\/\/wncri.org\/fr\/wp-json\/wp\/v2\/tags?post=11096"}],"curies":[{"name":"wp","href":"https:\/\/api.w.org\/{rel}","templated":true}]}}