{"id":11028,"date":"2020-05-28T10:28:05","date_gmt":"2020-05-28T08:28:05","guid":{"rendered":"https:\/\/wncri.org\/fr\/?p=11028"},"modified":"2020-05-29T10:32:28","modified_gmt":"2020-05-29T08:32:28","slug":"la-greve-de-la-faim-de-sakineh-parvaneh-un-plaidoyer-pour-les-droits-fondamentaux","status":"publish","type":"post","link":"https:\/\/wncri.org\/fr\/2020\/05\/28\/la-greve-de-la-faim-de-sakineh-parvaneh-un-plaidoyer-pour-les-droits-fondamentaux\/","title":{"rendered":"La gr\u00e8ve de la faim de Sakineh Parvaneh, un plaidoyer pour les droits fondamentaux"},"content":{"rendered":"<p>La gr\u00e8ve de la faim de Sakineh Parvaneh a commenc\u00e9 le lundi 25 mai 2020, pour protester contre sa condamnation \u00e0 cinq ans de prison et le non-respect par les autorit\u00e9s du principe de s\u00e9paration des cat\u00e9gories de d\u00e9tenues.<\/p>\n<p>Le tribunal r\u00e9volutionnaire de T\u00e9h\u00e9ran a condamn\u00e9 la prisonni\u00e8re politique kurde \u00e0 cinq ans de prison et \u00e0 une interdiction de deux ans d&#8217;appartenance \u00e0 des groupes politiques.<\/p>\n<p><a href=\"https:\/\/wncri.org\/fr\/2020\/05\/26\/mise-a-jour-sur-la-situation-des-militantes-civiles-en-iran\/\" target=\"_blank\" rel=\"noopener noreferrer\">Sakineh Parvaneh<\/a> est issue d&#8217;une famille kurde de la province du Khorassan, dans le nord-est de l&#8217;Iran.<\/p>\n<p>Elle a \u00e9t\u00e9 transf\u00e9r\u00e9e dans le quartier des femmes de la prison d&#8217;Evine apr\u00e8s la p\u00e9riode d&#8217;interrogatoire.<\/p>\n<p>En mars 2020, elle a \u00e9t\u00e9 punie pour avoir griffonn\u00e9 des slogans hostiles au r\u00e9gime sur les murs de sa cellule. Elle a ensuite \u00e9t\u00e9 envoy\u00e9e en exil \u00e0 la sinistre prison de Qarchak, en banlieue de T\u00e9h\u00e9ran.<\/p>\n<p>&nbsp;<\/p>\n<h4><strong>De l&#8217;isolement \u00e0 l&#8217;h\u00f4pital psychiatrique<\/strong><\/h4>\n<p>Sakineh Parvaneh a \u00e9t\u00e9 plac\u00e9e en quarantaine \u00e0 la prison de Qarchak apr\u00e8s 25 jours pass\u00e9s \u00e0 <a href=\"https:\/\/wncri.org\/fr\/2020\/04\/23\/des-detenues-politiques-envoyees-a-la-prison-de-qarchak-en-pleine-crise-de-coronavirus\/\" target=\"_blank\" rel=\"noopener noreferrer\">l&#8217;h\u00f4pital psychiatrique<\/a> d&#8217;Aminabad \u00e0 Shahr-e-Rey. Elle avait \u00e9t\u00e9 battue \u00e0 plusieurs reprises pendant sa quarantaine, comme en t\u00e9moignent les gonflements et les contusions sur son visage.<\/p>\n<p>Elle a \u00e9t\u00e9 maintenue dans le service de quarantaine pendant plusieurs semaines apr\u00e8s son transfert. Elle a ensuite \u00e9t\u00e9 emmen\u00e9e dans la section 3, o\u00f9 se trouvent les condamn\u00e9es pour des d\u00e9lits li\u00e9s \u00e0 la drogue et aux finances. Les informations indiquent que d&#8217;autres prisonni\u00e8res l&#8217;ont harcel\u00e9e.<\/p>\n<p>La prisonni\u00e8re politique <a href=\"https:\/\/wncri.org\/fr\/2020\/05\/08\/golrokh-ebrahimi-iraee-zeinab-jalalian-est-le-symbole-de-la-lutte\/\" target=\"_blank\" rel=\"noopener noreferrer\">Golrokh Ebrahimi Iraee<\/a> a envoy\u00e9 une lettre depuis la prison de Qarchak dans laquelle elle r\u00e9v\u00e8le que le r\u00e9gime exerce une pression accrue sur deux prisonni\u00e8res politiques kurdes en les ayant transf\u00e9r\u00e9es dans ce terrible p\u00e9nitencier.<\/p>\n<p>Le r\u00e9gime bat et harc\u00e8le les prisonni\u00e8res politiques et les envoie dans des h\u00f4pitaux psychiatriques sous pr\u00e9texte de maladie mentale. Il s&#8217;agit d&#8217;une m\u00e9thode courante de r\u00e9pression des prisonni\u00e8res.<\/p>\n<p>&nbsp;<\/p>\n","protected":false},"excerpt":{"rendered":"<p>La gr\u00e8ve de la faim de Sakineh Parvaneh a commenc\u00e9 le lundi 25 mai 2020, pour protester contre sa condamnation \u00e0 cinq ans de prison et le non-respect par les autorit\u00e9s du principe de s\u00e9paration des cat\u00e9gories de d\u00e9tenues. Le tribunal r\u00e9volutionnaire de T\u00e9h\u00e9ran a condamn\u00e9 la prisonni\u00e8re politique kurde \u00e0 cinq ans de prison [&hellip;]<\/p>\n","protected":false},"author":4,"featured_media":11029,"comment_status":"open","ping_status":"open","sticky":false,"template":"","format":"standard","meta":{"jnews-multi-image_gallery":[],"jnews_single_post":{"subtitle":"","format":"standard","video":"","gallery":"","source_name":"","source_url":"","via_name":"","via_url":"","override_template":"0","override":[{"template":"1","single_blog_custom":"","parallax":"1","fullscreen":"0","layout":"right-sidebar","sidebar":"default-sidebar","second_sidebar":"default-sidebar","sticky_sidebar":"1","share_position":"top","share_float_style":"share-monocrhome","show_share_counter":"1","show_view_counter":"1","show_featured":"1","show_post_meta":"1","show_post_author":"1","show_post_author_image":"1","show_post_date":"1","post_date_format":"default","post_date_format_custom":"Y\/m\/d","show_post_category":"1","show_post_reading_time":"0","post_reading_time_wpm":"300","show_zoom_button":"0","zoom_button_out_step":"2","zoom_button_in_step":"3","show_post_tag":"1","show_prev_next_post":"1","show_popup_post":"1","number_popup_post":"1","show_author_box":"0","show_post_related":"0","show_inline_post_related":"0"}],"override_image_size":"0","image_override":[{"single_post_thumbnail_size":"crop-500","single_post_gallery_size":"crop-500"}],"trending_post":"0","trending_post_position":"meta","trending_post_label":"Trending","sponsored_post":"0","sponsored_post_label":"Sponsored by","sponsored_post_name":"","sponsored_post_url":"","sponsored_post_logo_enable":"0","sponsored_post_logo":"","sponsored_post_desc":""},"jnews_primary_category":{"id":""},"jnews_social_meta":[],"jnews_override_counter":{"override_view_counter":"0","view_counter_number":"0","override_share_counter":"0","share_counter_number":"0","override_like_counter":"0","like_counter_number":"0","override_dislike_counter":"0","dislike_counter_number":"0"},"footnotes":""},"categories":[3],"tags":[370,376],"class_list":["post-11028","post","type-post","status-publish","format-standard","has-post-thumbnail","hentry","category-infos-des-femmes","tag-prisonnieres","tag-violence-contre-les-femmes"],"_links":{"self":[{"href":"https:\/\/wncri.org\/fr\/wp-json\/wp\/v2\/posts\/11028","targetHints":{"allow":["GET"]}}],"collection":[{"href":"https:\/\/wncri.org\/fr\/wp-json\/wp\/v2\/posts"}],"about":[{"href":"https:\/\/wncri.org\/fr\/wp-json\/wp\/v2\/types\/post"}],"author":[{"embeddable":true,"href":"https:\/\/wncri.org\/fr\/wp-json\/wp\/v2\/users\/4"}],"replies":[{"embeddable":true,"href":"https:\/\/wncri.org\/fr\/wp-json\/wp\/v2\/comments?post=11028"}],"version-history":[{"count":0,"href":"https:\/\/wncri.org\/fr\/wp-json\/wp\/v2\/posts\/11028\/revisions"}],"wp:featuredmedia":[{"embeddable":true,"href":"https:\/\/wncri.org\/fr\/wp-json\/wp\/v2\/media\/11029"}],"wp:attachment":[{"href":"https:\/\/wncri.org\/fr\/wp-json\/wp\/v2\/media?parent=11028"}],"wp:term":[{"taxonomy":"category","embeddable":true,"href":"https:\/\/wncri.org\/fr\/wp-json\/wp\/v2\/categories?post=11028"},{"taxonomy":"post_tag","embeddable":true,"href":"https:\/\/wncri.org\/fr\/wp-json\/wp\/v2\/tags?post=11028"}],"curies":[{"name":"wp","href":"https:\/\/api.w.org\/{rel}","templated":true}]}}