{"id":11011,"date":"2020-05-27T13:50:32","date_gmt":"2020-05-27T11:50:32","guid":{"rendered":"https:\/\/wncri.org\/fr\/?p=11011"},"modified":"2020-05-28T13:55:22","modified_gmt":"2020-05-28T11:55:22","slug":"deux-prisonnieres-dopinion-sauvagement-torturees-en-iran","status":"publish","type":"post","link":"https:\/\/wncri.org\/fr\/2020\/05\/27\/deux-prisonnieres-dopinion-sauvagement-torturees-en-iran\/","title":{"rendered":"Deux prisonni\u00e8res d&#8217;opinion sauvagement tortur\u00e9es en Iran"},"content":{"rendered":"<p>CNRI Femmes &#8211; En Iran, les prisonni\u00e8res d&#8217;opinion et les prisonni\u00e8res politiques sont soumises \u00e0 des <a href=\"https:\/\/wncri.org\/fr\/2019\/05\/20\/les-femmes-en-quete-de-justice-tendances-arbitraires-et-illegales-dans-les-prisons-iraniennes\/\" target=\"_blank\" rel=\"noopener noreferrer\">tortures et des interrogatoires<\/a> cruels. Voici le cas de deux d\u2019entre elles Sahba Hemadi et de Fahimeh Esmaili Badvi, la pointe de l\u2019iceberg des atrocit\u00e9s commises \u00e0 l&#8217;encontre des prisonni\u00e8res de conscience en Iran.<\/p>\n<h4><strong>Sahba Hemadi<\/strong><\/h4>\n<p><a href=\"https:\/\/wncri.org\/fr\/2018\/11\/05\/lamya-hemadi-et-trois-autres-femmes-cibles-d-arrestations-arbitraires-en-iran\/\" target=\"_blank\" rel=\"noopener noreferrer\">Sahba (Lamya) Hemadi<\/a> (Abyat), fille de Zaidan, n\u00e9e en 1998 \u00e0 Susangerd, dans la province du Khouzistan, est mari\u00e9e et \u00e9tudie l&#8217;ing\u00e9nierie agricole. Elle a \u00e9t\u00e9 arr\u00eat\u00e9e en 2018 apr\u00e8s avoir publi\u00e9 un article contre la discrimination ethnique, les probl\u00e8mes \u00e9conomiques et la pauvret\u00e9 rampante en Iran. Elle \u00e9tait enceinte de 7 mois au moment de son arrestation.<\/p>\n<figure id=\"attachment_11012\" aria-describedby=\"caption-attachment-11012\" style=\"width: 213px\" class=\"wp-caption alignright\"><img decoding=\"async\" class=\"wp-image-11012 size-full lazyload\" src=\"data:image\/gif;base64,R0lGODlhAQABAIAAAAAAAP\/\/\/yH5BAEAAAAALAAAAAABAAEAAAIBRAA7\" data-src=\"https:\/\/wncri.org\/fr\/wp-content\/uploads\/2020\/05\/\u0628\u0631\u0627\u06cc-\u062f\u0627\u062e\u0644-\u062e\u0628\u0631-\u0644\u0645\u06cc\u0627-\u062d\u0645\u0627\u062f\u06cc.jpg\" alt=\"Sahba Hemadi\" width=\"213\" height=\"237\" \/><figcaption id=\"caption-attachment-11012\" class=\"wp-caption-text\"><noscript><img decoding=\"async\" class=\"wp-image-11012 size-full lazyload\" src=\"https:\/\/wncri.org\/fr\/wp-content\/uploads\/2020\/05\/\u0628\u0631\u0627\u06cc-\u062f\u0627\u062e\u0644-\u062e\u0628\u0631-\u0644\u0645\u06cc\u0627-\u062d\u0645\u0627\u062f\u06cc.jpg\" alt=\"Sahba Hemadi\" width=\"213\" height=\"237\" \/><\/noscript> Sahba Hemadi<\/figcaption><\/figure>\n<p>Sahba Hemadi a \u00e9t\u00e9 accus\u00e9e de collaborer avec Daesh, une accusation qui n&#8217;a jamais \u00e9t\u00e9 prouv\u00e9e.<\/p>\n<p>Entre autres, elle a re\u00e7u des chocs \u00e9lectriques qui lui ont laiss\u00e9 de profondes cicatrices de br\u00fblures sur les bras. Puis, elle a \u00e9t\u00e9 transf\u00e9r\u00e9e dans un centre de d\u00e9tention du minist\u00e8re du Renseignement \u00e0 T\u00e9h\u00e9ran o\u00f9 elle a \u00e9t\u00e9 interrog\u00e9e sous la torture. Apr\u00e8s six mois, elle a \u00e9t\u00e9 transf\u00e9r\u00e9e \u00e0 la prison de Sepidar d&#8217;Ahwaz en mars 2019.<\/p>\n<p>En mai 2019, Sahba Hemadi a \u00e9t\u00e9 condamn\u00e9e \u00e0 mort. En novembre, sa peine a \u00e9t\u00e9 commu\u00e9e en 15 ans de prison pour atteinte \u00e0 la s\u00e9curit\u00e9 nationale. Elle a \u00e9t\u00e9 temporairement lib\u00e9r\u00e9e sous une caution de 4 milliards de tomans le 27 avril 2020, suite aux demandes persistantes de sa famille.<\/p>\n<p>&nbsp;<\/p>\n<h4><strong>Fahimeh Esmaili Badvi<\/strong><\/h4>\n<p>Fahimeh Esmaili Badvi \u00e9tait professeur des \u00e9coles. \u00c2g\u00e9e de 26 ans et enceinte de 8 mois, Fahimeh a \u00e9t\u00e9 arr\u00eat\u00e9e avec son mari, Ali Motiri, le 28 novembre 2005.<\/p>\n<p>Ali Motiri a \u00e9t\u00e9 ex\u00e9cut\u00e9 le 19 d\u00e9cembre 2006 sous l&#8217;accusation de Moharebeh (guerre contre Dieu). Fahimeh a re\u00e7u une peine de 15 ans et a \u00e9t\u00e9 envoy\u00e9e en exil \u00e0 Yassoudj, capitale de la province de Kohguilouyeh-Boyer-Ahmad.<\/p>\n<figure id=\"attachment_11014\" aria-describedby=\"caption-attachment-11014\" style=\"width: 300px\" class=\"wp-caption alignright\"><img decoding=\"async\" class=\"wp-image-11014 size-full lazyload\" src=\"data:image\/gif;base64,R0lGODlhAQABAIAAAAAAAP\/\/\/yH5BAEAAAAALAAAAAABAAEAAAIBRAA7\" data-src=\"https:\/\/wncri.org\/fr\/wp-content\/uploads\/2020\/05\/\u0641\u0647\u06cc\u0645\u0647-\u0627\u0633\u0645\u0627\u0639\u06cc\u0644\u06cc-\u0645\u0647\u062f\u0648\u06cc-\u0628\u0627-\u0646\u0648\u0632\u0627\u062f\u0634-300x150-1.jpg\" alt=\"Fahimeh Esmaili Badvi\" width=\"300\" height=\"150\" \/><figcaption id=\"caption-attachment-11014\" class=\"wp-caption-text\"><noscript><img decoding=\"async\" class=\"wp-image-11014 size-full lazyload\" src=\"https:\/\/wncri.org\/fr\/wp-content\/uploads\/2020\/05\/\u0641\u0647\u06cc\u0645\u0647-\u0627\u0633\u0645\u0627\u0639\u06cc\u0644\u06cc-\u0645\u0647\u062f\u0648\u06cc-\u0628\u0627-\u0646\u0648\u0632\u0627\u062f\u0634-300x150-1.jpg\" alt=\"Fahimeh Esmaili Badvi\" width=\"300\" height=\"150\" \/><\/noscript> Fahimeh Esmaili Badvi<\/figcaption><\/figure>\n<p>Lorsqu&#8217;elle a ressenti les douleurs de l&#8217;accouchement pour donner naissance \u00e0 sa fille, Selmi, le soi-disant m\u00e9decin qui l&#8217;a mise au monde, lui a dit \u00ab\u00a0Je vous ai tu\u00e9s, toi et ta fille, en ne t\u2019&#8217;aidant pas \u00e0 l&#8217;accoucher.\u00a0\u00bb Tout au long du travail et de l&#8217;accouchement, des agents du renseignement se tenaient au-dessus de sa t\u00eate.<\/p>\n<p>Fahimeh Esmaili Badvi a finalement \u00e9t\u00e9 lib\u00e9r\u00e9e en 2017 apr\u00e8s 12 ans d&#8217;emprisonnement.<\/p>\n","protected":false},"excerpt":{"rendered":"<p>CNRI Femmes &#8211; En Iran, les prisonni\u00e8res d&#8217;opinion et les prisonni\u00e8res politiques sont soumises \u00e0 des tortures et des interrogatoires cruels. Voici le cas de deux d\u2019entre elles Sahba Hemadi et de Fahimeh Esmaili Badvi, la pointe de l\u2019iceberg des atrocit\u00e9s commises \u00e0 l&#8217;encontre des prisonni\u00e8res de conscience en Iran. Sahba Hemadi Sahba (Lamya) Hemadi [&hellip;]<\/p>\n","protected":false},"author":4,"featured_media":11013,"comment_status":"open","ping_status":"open","sticky":false,"template":"","format":"standard","meta":{"jnews-multi-image_gallery":[],"jnews_single_post":{"subtitle":"","format":"standard","video":"","gallery":"","source_name":"","source_url":"","via_name":"","via_url":"","override_template":"0","override":[{"template":"1","single_blog_custom":"","parallax":"1","fullscreen":"0","layout":"right-sidebar","sidebar":"default-sidebar","second_sidebar":"default-sidebar","sticky_sidebar":"1","share_position":"top","share_float_style":"share-monocrhome","show_share_counter":"1","show_view_counter":"1","show_featured":"1","show_post_meta":"1","show_post_author":"1","show_post_author_image":"1","show_post_date":"1","post_date_format":"default","post_date_format_custom":"Y\/m\/d","show_post_category":"1","show_post_reading_time":"0","post_reading_time_wpm":"300","show_zoom_button":"0","zoom_button_out_step":"2","zoom_button_in_step":"3","show_post_tag":"1","show_prev_next_post":"1","show_popup_post":"1","number_popup_post":"1","show_author_box":"0","show_post_related":"0","show_inline_post_related":"0"}],"override_image_size":"0","image_override":[{"single_post_thumbnail_size":"crop-500","single_post_gallery_size":"crop-500"}],"trending_post":"0","trending_post_position":"meta","trending_post_label":"Trending","sponsored_post":"0","sponsored_post_label":"Sponsored by","sponsored_post_name":"","sponsored_post_url":"","sponsored_post_logo_enable":"0","sponsored_post_logo":"","sponsored_post_desc":""},"jnews_primary_category":{"id":""},"jnews_social_meta":[],"jnews_override_counter":{"override_view_counter":"0","view_counter_number":"0","override_share_counter":"0","share_counter_number":"0","override_like_counter":"0","like_counter_number":"0","override_dislike_counter":"0","dislike_counter_number":"0"},"footnotes":""},"categories":[3],"tags":[370],"class_list":["post-11011","post","type-post","status-publish","format-standard","has-post-thumbnail","hentry","category-infos-des-femmes","tag-prisonnieres"],"_links":{"self":[{"href":"https:\/\/wncri.org\/fr\/wp-json\/wp\/v2\/posts\/11011","targetHints":{"allow":["GET"]}}],"collection":[{"href":"https:\/\/wncri.org\/fr\/wp-json\/wp\/v2\/posts"}],"about":[{"href":"https:\/\/wncri.org\/fr\/wp-json\/wp\/v2\/types\/post"}],"author":[{"embeddable":true,"href":"https:\/\/wncri.org\/fr\/wp-json\/wp\/v2\/users\/4"}],"replies":[{"embeddable":true,"href":"https:\/\/wncri.org\/fr\/wp-json\/wp\/v2\/comments?post=11011"}],"version-history":[{"count":0,"href":"https:\/\/wncri.org\/fr\/wp-json\/wp\/v2\/posts\/11011\/revisions"}],"wp:featuredmedia":[{"embeddable":true,"href":"https:\/\/wncri.org\/fr\/wp-json\/wp\/v2\/media\/11013"}],"wp:attachment":[{"href":"https:\/\/wncri.org\/fr\/wp-json\/wp\/v2\/media?parent=11011"}],"wp:term":[{"taxonomy":"category","embeddable":true,"href":"https:\/\/wncri.org\/fr\/wp-json\/wp\/v2\/categories?post=11011"},{"taxonomy":"post_tag","embeddable":true,"href":"https:\/\/wncri.org\/fr\/wp-json\/wp\/v2\/tags?post=11011"}],"curies":[{"name":"wp","href":"https:\/\/api.w.org\/{rel}","templated":true}]}}