{"id":11001,"date":"2020-05-26T18:05:57","date_gmt":"2020-05-26T16:05:57","guid":{"rendered":"https:\/\/wncri.org\/fr\/?p=11001"},"modified":"2020-06-03T11:39:16","modified_gmt":"2020-06-03T09:39:16","slug":"mise-a-jour-sur-la-situation-des-militantes-civiles-en-iran","status":"publish","type":"post","link":"https:\/\/wncri.org\/fr\/2020\/05\/26\/mise-a-jour-sur-la-situation-des-militantes-civiles-en-iran\/","title":{"rendered":"Mise \u00e0 jour sur la situation des militantes civiles en Iran"},"content":{"rendered":"<p>CNRI Femmes &#8211; Nous avons re\u00e7u des informations sur des militantes civiles en Iran, concernant de nouvelles condamnations, ainsi que des convocations et des d\u00e9tentions en mai.<\/p>\n<p>La situation de certaines militantes civiles, dont Somayeh Ramouz, <a href=\"https:\/\/wncri.org\/fr\/2020\/04\/23\/des-detenues-politiques-envoyees-a-la-prison-de-qarchak-en-pleine-crise-de-coronavirus\/\" target=\"_blank\" rel=\"noopener noreferrer\">Sakineh Parvaneh<\/a>, Akram Rahimpour et Zohreh Assadpour, est pr\u00e9sent\u00e9e ci-dessous.<\/p>\n<p>&nbsp;<\/p>\n<h4><strong>Nouvelles peines pour les prisonni\u00e8res politiques<\/strong><\/h4>\n<p>Sakineh Parvaneh, une prisonni\u00e8re politique d\u00e9tenue \u00e0 la prison Qarchak \u00e0 Varamine, a \u00e9t\u00e9 condamn\u00e9e \u00e0 cinq ans de prison et \u00e0 une interdiction de deux ans d&#8217;appartenance \u00e0 des groupes politiques. La branche 26 du tribunal r\u00e9volutionnaire de T\u00e9h\u00e9ran a rendu son verdict le 25 mai 2020.<\/p>\n<p><a href=\"https:\/\/wncri.org\/fr\/2020\/05\/08\/golrokh-ebrahimi-iraee-zeinab-jalalian-est-le-symbole-de-la-lutte\/\" target=\"_blank\" rel=\"noopener noreferrer\">Sakineh Parvaneh<\/a> a \u00e9t\u00e9 battue \u00e0 plusieurs reprises depuis son arrestation et a \u00e9t\u00e9 conduite plusieurs fois dans un h\u00f4pital psychiatrique. Elle s&#8217;est \u00e9galement vu refuser le droit de passer des appels t\u00e9l\u00e9phoniques ou de rendre visite \u00e0 sa famille depuis son arrestation. Sakineh Parvaneh est actuellement d\u00e9tenue au quartier 3 de Qarchak, avec les d\u00e9tenues accus\u00e9es de d\u00e9lits li\u00e9s \u00e0 la drogue.<\/p>\n<p>&nbsp;<\/p>\n<h4><strong>Arrestation et nouveaux proc\u00e8s contre des militantes civiles<\/strong><\/h4>\n<p>&nbsp;<\/p>\n<p>Somayeh Ramooz, une femme de 37 ans originaire de Bouchehr, a annonc\u00e9 qu&#8217;elle \u00e9tait transf\u00e9r\u00e9e au centre de d\u00e9tention des services de renseignement de cette ville le 23 mai 2020. Elle a \u00e9t\u00e9 arr\u00eat\u00e9e le 9 mai 2020 par le bureau du renseignement de Bouchehr et y a \u00e9t\u00e9 d\u00e9tenue pendant deux semaines. Coiffeuse, Somayeh a \u00e9t\u00e9 arr\u00eat\u00e9e pour ses activit\u00e9s sur les m\u00e9dias sociaux.<\/p>\n<p>Les responsables du bureau de renseignement ont ordonn\u00e9 \u00e0 son mari, sous la menace, de ne rien dire de aux m\u00e9dias.<\/p>\n<figure id=\"attachment_11003\" aria-describedby=\"caption-attachment-11003\" style=\"width: 300px\" class=\"wp-caption aligncenter\"><img decoding=\"async\" class=\"wp-image-11003 size-medium lazyload\" src=\"data:image\/gif;base64,R0lGODlhAQABAIAAAAAAAP\/\/\/yH5BAEAAAAALAAAAAABAAEAAAIBRAA7\" data-src=\"https:\/\/wncri.org\/fr\/wp-content\/uploads\/2020\/05\/Somayeh-Ramouz-300x300-1-300x300.jpg\" alt=\"Somayeh Ramooz\" width=\"300\" height=\"300\" \/><figcaption id=\"caption-attachment-11003\" class=\"wp-caption-text\"><noscript><img decoding=\"async\" class=\"wp-image-11003 size-medium lazyload\" src=\"https:\/\/wncri.org\/fr\/wp-content\/uploads\/2020\/05\/Somayeh-Ramouz-300x300-1-300x300.jpg\" alt=\"Somayeh Ramooz\" width=\"300\" height=\"300\" srcset=\"https:\/\/wncri.org\/fr\/wp-content\/uploads\/2020\/05\/Somayeh-Ramouz-300x300-1.jpg 300w, https:\/\/wncri.org\/fr\/wp-content\/uploads\/2020\/05\/Somayeh-Ramouz-300x300-1-150x150.jpg 150w, https:\/\/wncri.org\/fr\/wp-content\/uploads\/2020\/05\/Somayeh-Ramouz-300x300-1-75x75.jpg 75w\" sizes=\"(max-width: 300px) 100vw, 300px\" \/><\/noscript> Somayeh Ramooz<\/figcaption><\/figure>\n<p>Le 19 mai 2020, Akram Rahimpour, l&#8217;\u00e9pouse de Jafar Azimzadeh, militant des droits du travail emprisonn\u00e9 et secr\u00e9taire du Syndicat libre, a re\u00e7u une convocation. Akram Rahimpour doit se pr\u00e9senter pour se d\u00e9fendre des accusations port\u00e9es contre elle.<\/p>\n<figure id=\"attachment_11002\" aria-describedby=\"caption-attachment-11002\" style=\"width: 300px\" class=\"wp-caption aligncenter\"><img decoding=\"async\" class=\"wp-image-11002 size-full lazyload\" src=\"data:image\/gif;base64,R0lGODlhAQABAIAAAAAAAP\/\/\/yH5BAEAAAAALAAAAAABAAEAAAIBRAA7\" data-src=\"https:\/\/wncri.org\/fr\/wp-content\/uploads\/2020\/05\/Akram-Rahimpour-300x238-1.jpg\" alt=\"Akram Rahimpour\" width=\"300\" height=\"238\" \/><figcaption id=\"caption-attachment-11002\" class=\"wp-caption-text\"><noscript><img decoding=\"async\" class=\"wp-image-11002 size-full lazyload\" src=\"https:\/\/wncri.org\/fr\/wp-content\/uploads\/2020\/05\/Akram-Rahimpour-300x238-1.jpg\" alt=\"Akram Rahimpour\" width=\"300\" height=\"238\" \/><\/noscript> Akram Rahimpour<\/figcaption><\/figure>\n<p>&nbsp;<\/p>\n<p>R\u00e9cemment, des agents du minist\u00e8re du renseignement l\u2019ont menac\u00e9 dans des appels t\u00e9l\u00e9phoniques \u00e0 la suite de quoi son mari, Jafar Azimzadeh a \u00e9t\u00e9 traduit en justice pour une nouvelle mise en examen.<\/p>\n<figure id=\"attachment_11005\" aria-describedby=\"caption-attachment-11005\" style=\"width: 283px\" class=\"wp-caption aligncenter\"><img decoding=\"async\" class=\"wp-image-11005 size-full lazyload\" src=\"data:image\/gif;base64,R0lGODlhAQABAIAAAAAAAP\/\/\/yH5BAEAAAAALAAAAAABAAEAAAIBRAA7\" data-src=\"https:\/\/wncri.org\/fr\/wp-content\/uploads\/2020\/05\/Zohreh-Asadpour-283x300-1.jpg\" alt=\"Zohreh Assadpou\" width=\"283\" height=\"300\" \/><figcaption id=\"caption-attachment-11005\" class=\"wp-caption-text\"><noscript><img decoding=\"async\" class=\"wp-image-11005 size-full lazyload\" src=\"https:\/\/wncri.org\/fr\/wp-content\/uploads\/2020\/05\/Zohreh-Asadpour-283x300-1.jpg\" alt=\"Zohreh Assadpou\" width=\"283\" height=\"300\" \/><\/noscript> Zohreh Assadpour<\/figcaption><\/figure>\n<p><a href=\"https:\/\/wncri.org\/fr\/2020\/01\/06\/12-prisonnieres-politiques-denoncent-la-repression-a-la-prison-devine\/\" target=\"_blank\" rel=\"noopener noreferrer\">Zohreh Assadpour<\/a>, une militante des droits des femmes, a \u00e9t\u00e9 convoqu\u00e9e au tribunal de Racht. Elle avait \u00e9t\u00e9 pr\u00e9c\u00e9demment d\u00e9tenue par les forces de s\u00e9curit\u00e9 dans cette ville du nord de l\u2019Iran le 4 janvier 2020.<\/p>\n","protected":false},"excerpt":{"rendered":"<p>CNRI Femmes &#8211; Nous avons re\u00e7u des informations sur des militantes civiles en Iran, concernant de nouvelles condamnations, ainsi que des convocations et des d\u00e9tentions en mai. La situation de certaines militantes civiles, dont Somayeh Ramouz, Sakineh Parvaneh, Akram Rahimpour et Zohreh Assadpour, est pr\u00e9sent\u00e9e ci-dessous. &nbsp; Nouvelles peines pour les prisonni\u00e8res politiques Sakineh Parvaneh, [&hellip;]<\/p>\n","protected":false},"author":4,"featured_media":11057,"comment_status":"open","ping_status":"open","sticky":false,"template":"","format":"standard","meta":{"jnews-multi-image_gallery":[],"jnews_single_post":{"subtitle":"","format":"standard","video":"","gallery":"","source_name":"","source_url":"","via_name":"","via_url":"","override_template":"0","override":[{"template":"1","single_blog_custom":"","parallax":"1","fullscreen":"0","layout":"right-sidebar","sidebar":"default-sidebar","second_sidebar":"default-sidebar","sticky_sidebar":"1","share_position":"top","share_float_style":"share-monocrhome","show_share_counter":"1","show_view_counter":"1","show_featured":"1","show_post_meta":"1","show_post_author":"1","show_post_author_image":"1","show_post_date":"1","post_date_format":"default","post_date_format_custom":"Y\/m\/d","show_post_category":"1","show_post_reading_time":"0","post_reading_time_wpm":"300","show_zoom_button":"0","zoom_button_out_step":"2","zoom_button_in_step":"3","show_post_tag":"1","show_prev_next_post":"1","show_popup_post":"1","number_popup_post":"1","show_author_box":"0","show_post_related":"0","show_inline_post_related":"0"}],"override_image_size":"0","image_override":[{"single_post_thumbnail_size":"crop-500","single_post_gallery_size":"crop-500"}],"trending_post":"0","trending_post_position":"meta","trending_post_label":"Trending","sponsored_post":"0","sponsored_post_label":"Sponsored by","sponsored_post_name":"","sponsored_post_url":"","sponsored_post_logo_enable":"0","sponsored_post_logo":"","sponsored_post_desc":""},"jnews_primary_category":{"id":""},"jnews_social_meta":[],"jnews_override_counter":{"override_view_counter":"0","view_counter_number":"0","override_share_counter":"0","share_counter_number":"0","override_like_counter":"0","like_counter_number":"0","override_dislike_counter":"0","dislike_counter_number":"0"},"footnotes":""},"categories":[3],"tags":[370],"class_list":["post-11001","post","type-post","status-publish","format-standard","has-post-thumbnail","hentry","category-infos-des-femmes","tag-prisonnieres","post_format-post-format-standard"],"_links":{"self":[{"href":"https:\/\/wncri.org\/fr\/wp-json\/wp\/v2\/posts\/11001","targetHints":{"allow":["GET"]}}],"collection":[{"href":"https:\/\/wncri.org\/fr\/wp-json\/wp\/v2\/posts"}],"about":[{"href":"https:\/\/wncri.org\/fr\/wp-json\/wp\/v2\/types\/post"}],"author":[{"embeddable":true,"href":"https:\/\/wncri.org\/fr\/wp-json\/wp\/v2\/users\/4"}],"replies":[{"embeddable":true,"href":"https:\/\/wncri.org\/fr\/wp-json\/wp\/v2\/comments?post=11001"}],"version-history":[{"count":0,"href":"https:\/\/wncri.org\/fr\/wp-json\/wp\/v2\/posts\/11001\/revisions"}],"wp:featuredmedia":[{"embeddable":true,"href":"https:\/\/wncri.org\/fr\/wp-json\/wp\/v2\/media\/11057"}],"wp:attachment":[{"href":"https:\/\/wncri.org\/fr\/wp-json\/wp\/v2\/media?parent=11001"}],"wp:term":[{"taxonomy":"category","embeddable":true,"href":"https:\/\/wncri.org\/fr\/wp-json\/wp\/v2\/categories?post=11001"},{"taxonomy":"post_tag","embeddable":true,"href":"https:\/\/wncri.org\/fr\/wp-json\/wp\/v2\/tags?post=11001"}],"curies":[{"name":"wp","href":"https:\/\/api.w.org\/{rel}","templated":true}]}}