{"id":10994,"date":"2020-05-25T17:49:28","date_gmt":"2020-05-25T15:49:28","guid":{"rendered":"https:\/\/wncri.org\/fr\/?p=10994"},"modified":"2020-05-27T17:56:03","modified_gmt":"2020-05-27T15:56:03","slug":"lavocate-soheila-hejab-transferee-de-force-a-la-prison-de-qarchak-en-iran","status":"publish","type":"post","link":"https:\/\/wncri.org\/fr\/2020\/05\/25\/lavocate-soheila-hejab-transferee-de-force-a-la-prison-de-qarchak-en-iran\/","title":{"rendered":"L&#8217;avocate Soheila Hejab transf\u00e9r\u00e9e de force \u00e0 la prison de Qarchak en Iran"},"content":{"rendered":"<p>CNRI Femmes &#8211; L&#8217;avocate des droits humains Soheila Hejab a \u00e9t\u00e9 emmen\u00e9e de force \u00e0 la sinistre prison de Qarchak, en banlieue de T\u00e9h\u00e9ran, apr\u00e8s son proc\u00e8s en appel le dimanche 23 mai 2020.<\/p>\n<p>Soheila Hejab a \u00e9t\u00e9 convoqu\u00e9e \u00e0 <a href=\"https:\/\/wncri.org\/fr\/2020\/03\/24\/lavocate-des-droits-humains-soheila-hejab-condamnee-a-18-ans-de-prison-en-iran\/\" target=\"_blank\" rel=\"noopener noreferrer\">la Cour d&#8217;appel<\/a> le 23 mai 2020. Elle a \u00e9t\u00e9 arr\u00eat\u00e9e et battue par des agents des services de renseignement des pasdarans apr\u00e8s l\u2019audience au tribunal, alors qu&#8217;elle quittait le b\u00e2timent du minist\u00e8re de la justice.<\/p>\n<p>Des agents de la base de Sarallah, une division de l&#8217;unit\u00e9 de renseignement des gardiens de la r\u00e9volution, l\u2019ont frapp\u00e9 \u00e0 coups de pied \u00e0 la t\u00eate, au visage et sur les c\u00f4t\u00e9s.<\/p>\n<p>Son ancien interrogateur l&#8217;a tra\u00een\u00e9e dans la rue par les cheveux, l&#8217;a forc\u00e9e \u00e0 monter dans une voiture et l&#8217;a emmen\u00e9e \u00e0 la terrible <a href=\"https:\/\/wncri.org\/fr\/2020\/04\/20\/regard-sur-la-situation-tragique-a-la-prison-pour-femmes-de-qarchak-en-iran\/\" target=\"_blank\" rel=\"noopener noreferrer\">prison de Qarchak<\/a> dans la ville de Varamine. Les agents des pasdarans l\u2019ont menac\u00e9 d&#8217;ouvrir d&#8217;autres mises en examen contre elle.<\/p>\n<p>Apr\u00e8s avoir \u00e9t\u00e9 emmen\u00e9e dans ce p\u00e9nitencier infecte, <a href=\"https:\/\/iran-hrm.com\/index.php\/2020\/05\/25\/human-rights-lawyer-violently-transferred-to-qarchak-prison\/\" target=\"_blank\" rel=\"noopener noreferrer\">Soheila Hejab<\/a> a d\u00e9clar\u00e9 non sans courage, \u00ab\u00a0selon l&#8217;article 5 de la D\u00e9claration universelle des droits de l&#8217;homme, nul ne peut \u00eatre soumis \u00e0 la torture ni \u00e0 des peines ou traitements cruels, inhumains ou d\u00e9gradants\u00a0\u00bb.<\/p>\n<p>Elle a poursuivi en d\u00e9non\u00e7ant : \u00ab\u00a0la nouvelle mise en examen qu&#8217;ils ont ouverte contre moi n&#8217;a rien \u00e0 voir avec mon cas confirm\u00e9. \u00c7a s\u2019est fait la demande de mon interrogateur. Il m&#8217;a menac\u00e9e \u00e0 plusieurs reprises de mort par l&#8217;interm\u00e9diaire de d\u00e9tenues qui ont \u00e9t\u00e9 condamn\u00e9s pour des crimes violents et qui purgent une peine \u00e0 la prison de Qarchak.\u00a0\u00bb<\/p>\n<p>\u00ab\u00a0Ils vont certainement m&#8217;emmener dans les maisons s\u00e9curis\u00e9es du Sarallah des pasdarans pour un interrogatoire \u00e0 long terme et un isolement cellulaire\u00a0\u00bb, a pr\u00e9dit Soheila Hejab lors d&#8217;un appel t\u00e9l\u00e9phonique.<\/p>\n<p>Cette avocate des droits humains, a \u00e9t\u00e9 condamn\u00e9e \u00e0 18 ans de prison le 18 mars 2020 par la 28e branche du tribunal r\u00e9volutionnaire de T\u00e9h\u00e9ran, pr\u00e9sid\u00e9 par l\u2019inf\u00e2me juge Mohammad Moghisseh.<\/p>\n<p>Le 23 mai 2020, la cour d&#8217;appel a confirm\u00e9 les accusations de \u00ab\u00a0propagande contre l&#8217;\u00c9tat\u00a0\u00bb, \u00ab\u00a0rassemblement et collusion\u00a0\u00bb, \u00ab\u00a0trouble de l&#8217;ordre public en vue de cr\u00e9er le chaos\u00a0\u00bb, \u00ab\u00a0formation d&#8217;un groupe pour d\u00e9fendre les droits des femmes\u00a0\u00bb et \u00ab\u00a0demande de r\u00e9f\u00e9rendum et de modification de la constitution\u00a0\u00bb.<\/p>\n<p>&nbsp;<\/p>\n","protected":false},"excerpt":{"rendered":"<p>CNRI Femmes &#8211; L&#8217;avocate des droits humains Soheila Hejab a \u00e9t\u00e9 emmen\u00e9e de force \u00e0 la sinistre prison de Qarchak, en banlieue de T\u00e9h\u00e9ran, apr\u00e8s son proc\u00e8s en appel le dimanche 23 mai 2020. Soheila Hejab a \u00e9t\u00e9 convoqu\u00e9e \u00e0 la Cour d&#8217;appel le 23 mai 2020. Elle a \u00e9t\u00e9 arr\u00eat\u00e9e et battue par des [&hellip;]<\/p>\n","protected":false},"author":4,"featured_media":10995,"comment_status":"open","ping_status":"open","sticky":false,"template":"","format":"standard","meta":{"jnews-multi-image_gallery":[],"jnews_single_post":{"subtitle":"","format":"standard","video":"","gallery":"","source_name":"","source_url":"","via_name":"","via_url":"","override_template":"0","override":[{"template":"1","single_blog_custom":"","parallax":"1","fullscreen":"0","layout":"right-sidebar","sidebar":"default-sidebar","second_sidebar":"default-sidebar","sticky_sidebar":"1","share_position":"top","share_float_style":"share-monocrhome","show_share_counter":"1","show_view_counter":"1","show_featured":"1","show_post_meta":"1","show_post_author":"1","show_post_author_image":"1","show_post_date":"1","post_date_format":"default","post_date_format_custom":"Y\/m\/d","show_post_category":"1","show_post_reading_time":"0","post_reading_time_wpm":"300","show_zoom_button":"0","zoom_button_out_step":"2","zoom_button_in_step":"3","show_post_tag":"1","show_prev_next_post":"1","show_popup_post":"1","number_popup_post":"1","show_author_box":"0","show_post_related":"0","show_inline_post_related":"0"}],"override_image_size":"0","image_override":[{"single_post_thumbnail_size":"crop-500","single_post_gallery_size":"crop-500"}],"trending_post":"0","trending_post_position":"meta","trending_post_label":"Trending","sponsored_post":"0","sponsored_post_label":"Sponsored by","sponsored_post_name":"","sponsored_post_url":"","sponsored_post_logo_enable":"0","sponsored_post_logo":"","sponsored_post_desc":""},"jnews_primary_category":{"id":""},"jnews_social_meta":[],"jnews_override_counter":{"override_view_counter":"0","view_counter_number":"0","override_share_counter":"0","share_counter_number":"0","override_like_counter":"0","like_counter_number":"0","override_dislike_counter":"0","dislike_counter_number":"0"},"footnotes":""},"categories":[3],"tags":[370,376],"class_list":["post-10994","post","type-post","status-publish","format-standard","has-post-thumbnail","hentry","category-infos-des-femmes","tag-prisonnieres","tag-violence-contre-les-femmes"],"_links":{"self":[{"href":"https:\/\/wncri.org\/fr\/wp-json\/wp\/v2\/posts\/10994","targetHints":{"allow":["GET"]}}],"collection":[{"href":"https:\/\/wncri.org\/fr\/wp-json\/wp\/v2\/posts"}],"about":[{"href":"https:\/\/wncri.org\/fr\/wp-json\/wp\/v2\/types\/post"}],"author":[{"embeddable":true,"href":"https:\/\/wncri.org\/fr\/wp-json\/wp\/v2\/users\/4"}],"replies":[{"embeddable":true,"href":"https:\/\/wncri.org\/fr\/wp-json\/wp\/v2\/comments?post=10994"}],"version-history":[{"count":0,"href":"https:\/\/wncri.org\/fr\/wp-json\/wp\/v2\/posts\/10994\/revisions"}],"wp:featuredmedia":[{"embeddable":true,"href":"https:\/\/wncri.org\/fr\/wp-json\/wp\/v2\/media\/10995"}],"wp:attachment":[{"href":"https:\/\/wncri.org\/fr\/wp-json\/wp\/v2\/media?parent=10994"}],"wp:term":[{"taxonomy":"category","embeddable":true,"href":"https:\/\/wncri.org\/fr\/wp-json\/wp\/v2\/categories?post=10994"},{"taxonomy":"post_tag","embeddable":true,"href":"https:\/\/wncri.org\/fr\/wp-json\/wp\/v2\/tags?post=10994"}],"curies":[{"name":"wp","href":"https:\/\/api.w.org\/{rel}","templated":true}]}}