{"id":10967,"date":"2020-05-22T15:40:31","date_gmt":"2020-05-22T13:40:31","guid":{"rendered":"https:\/\/wncri.org\/fr\/?p=10967"},"modified":"2020-05-23T15:45:08","modified_gmt":"2020-05-23T13:45:08","slug":"la-loi-sur-les-tarifs-des-soins-infirmiers-toujours-pas-appliquee-en-iran","status":"publish","type":"post","link":"https:\/\/wncri.org\/fr\/2020\/05\/22\/la-loi-sur-les-tarifs-des-soins-infirmiers-toujours-pas-appliquee-en-iran\/","title":{"rendered":"La loi sur les tarifs des soins infirmiers toujours pas appliqu\u00e9e en Iran"},"content":{"rendered":"<p>CNRI Femmes &#8211; Mettre en \u0153uvre la loi sur les tarifs des soins infirmiers en Iran, c\u2019\u00e9tait le motif pour lequel un groupe d&#8217;infirmi\u00e8res a organis\u00e9 une manifestation devant le parquet de la ville d&#8217;Ispahan le 21 mai 2020. Elles ont renouvel\u00e9 leurs demandes au gouvernement concernant cette loi sur les tarifs, adopt\u00e9e en 2007, qui limite notamment le nombre d&#8217;heures suppl\u00e9mentaires que l\u2019on peut imposer aux infirmi\u00e8res.<\/p>\n<p><img decoding=\"async\" class=\"alignnone wp-image-10969 size-full lazyload\" src=\"data:image\/gif;base64,R0lGODlhAQABAIAAAAAAAP\/\/\/yH5BAEAAAAALAAAAAABAAEAAAIBRAA7\" data-src=\"https:\/\/wncri.org\/fr\/wp-content\/uploads\/2020\/05\/\u062a\u062c\u0645\u0639-\u067e\u0631\u0633\u062a\u0627\u0631\u0627\u0646-2-750.jpg\" alt=\"Les infirmi\u00e8res brandissaient des pancartes et des banderoles sur lesquelles on pouvait lire \" width=\"750\" height=\"375\" \/><noscript><img decoding=\"async\" class=\"alignnone wp-image-10969 size-full lazyload\" src=\"https:\/\/wncri.org\/fr\/wp-content\/uploads\/2020\/05\/\u062a\u062c\u0645\u0639-\u067e\u0631\u0633\u062a\u0627\u0631\u0627\u0646-2-750.jpg\" alt=\"Les infirmi\u00e8res brandissaient des pancartes et des banderoles sur lesquelles on pouvait lire \" width=\"750\" height=\"375\" srcset=\"https:\/\/wncri.org\/fr\/wp-content\/uploads\/2020\/05\/\u062a\u062c\u0645\u0639-\u067e\u0631\u0633\u062a\u0627\u0631\u0627\u0646-2-750.jpg 750w, https:\/\/wncri.org\/fr\/wp-content\/uploads\/2020\/05\/\u062a\u062c\u0645\u0639-\u067e\u0631\u0633\u062a\u0627\u0631\u0627\u0646-2-750-300x150.jpg 300w, https:\/\/wncri.org\/fr\/wp-content\/uploads\/2020\/05\/\u062a\u062c\u0645\u0639-\u067e\u0631\u0633\u062a\u0627\u0631\u0627\u0646-2-750-360x180.jpg 360w\" sizes=\"(max-width: 750px) 100vw, 750px\" \/><\/noscript><\/p>\n<p>Les infirmi\u00e8res <a href=\"https:\/\/wncri.org\/fr\/2020\/05\/10\/les-infirmieres-de-la-province-de-guilan-manifestent-pour-un-cdi\/\" target=\"_blank\" rel=\"noopener noreferrer\">de la province de Guilan<\/a> ont organis\u00e9 un rassemblement de protestation devant le si\u00e8ge de la facult\u00e9 des sciences m\u00e9dicales locale, le 20 mai 2020, pour r\u00e9clamer un emploi officiel. Apr\u00e8s <a href=\"https:\/\/wncri.org\/fr\/2020\/04\/24\/357-soignants-a-kermanchah-est-ispahan-atteints-du-covid-19\/\" target=\"_blank\" rel=\"noopener noreferrer\">l&#8217;\u00e9pid\u00e9mie de coronavirus<\/a>, le secteur priv\u00e9 a embauch\u00e9 des infirmi\u00e8res avec des contrats de 89 jours, un CDD qui ne respecte pas les droits des infirmi\u00e8res.<\/p>\n<p>Les infirmi\u00e8res brandissaient des pancartes et des banderoles sur lesquelles on pouvait lire : \u00ab\u00a0Nous avons servi trois mois sans salaire, sans assurance ni contrat\u00a0\u00bb.<\/p>\n<p><img decoding=\"async\" class=\"alignnone wp-image-10970 size-full lazyload\" src=\"data:image\/gif;base64,R0lGODlhAQABAIAAAAAAAP\/\/\/yH5BAEAAAAALAAAAAABAAEAAAIBRAA7\" data-src=\"https:\/\/wncri.org\/fr\/wp-content\/uploads\/2020\/05\/\u0646\u0647-\u0628\u0647-\u0642\u0631\u0627\u0631\u062f\u0627\u062f-\u06f8\u06f9\u0631\u0648\u0632\u0647-750.jpg\" alt=\"Une centaine de types de services m\u00e9dicaux sont fournis directement par les infirmi\u00e8res \" width=\"750\" height=\"375\" \/><noscript><img decoding=\"async\" class=\"alignnone wp-image-10970 size-full lazyload\" src=\"https:\/\/wncri.org\/fr\/wp-content\/uploads\/2020\/05\/\u0646\u0647-\u0628\u0647-\u0642\u0631\u0627\u0631\u062f\u0627\u062f-\u06f8\u06f9\u0631\u0648\u0632\u0647-750.jpg\" alt=\"Une centaine de types de services m\u00e9dicaux sont fournis directement par les infirmi\u00e8res \" width=\"750\" height=\"375\" srcset=\"https:\/\/wncri.org\/fr\/wp-content\/uploads\/2020\/05\/\u0646\u0647-\u0628\u0647-\u0642\u0631\u0627\u0631\u062f\u0627\u062f-\u06f8\u06f9\u0631\u0648\u0632\u0647-750.jpg 750w, https:\/\/wncri.org\/fr\/wp-content\/uploads\/2020\/05\/\u0646\u0647-\u0628\u0647-\u0642\u0631\u0627\u0631\u062f\u0627\u062f-\u06f8\u06f9\u0631\u0648\u0632\u0647-750-300x150.jpg 300w, https:\/\/wncri.org\/fr\/wp-content\/uploads\/2020\/05\/\u0646\u0647-\u0628\u0647-\u0642\u0631\u0627\u0631\u062f\u0627\u062f-\u06f8\u06f9\u0631\u0648\u0632\u0647-750-360x180.jpg 360w\" sizes=\"(max-width: 750px) 100vw, 750px\" \/><\/noscript><\/p>\n<p>En 2019, Ibrahim Mohammadi, responsable des relations internationales du syst\u00e8me de soins infirmiers, a d\u00e9clar\u00e9 : \u00ab\u00a0Le projet de loi sur les tarifs des soins infirmiers a \u00e9t\u00e9 adopt\u00e9 par le Parlement il y a 11 ans, mais il n&#8217;a pas encore \u00e9t\u00e9 mis en \u0153uvre. Ce projet de loi est b\u00e9n\u00e9fique pour la soci\u00e9t\u00e9, les malades et les infirmi\u00e8res &#8211; plus les infirmi\u00e8res sont motiv\u00e9es pour travailler, plus la qualit\u00e9 des soins s&#8217;am\u00e9liore\u00a0\u00bb (Agence de presse ISNA &#8211; 14 janvier 2019).<\/p>\n<p>Avec la mise en \u0153uvre de cette loi, les infirmi\u00e8res pourront faire des factures, et les patients pourront payer les services m\u00e9dicaux qu&#8217;ils re\u00e7oivent sans avoir \u00e0 obtenir l&#8217;approbation d&#8217;un m\u00e9decin. En outre, 70 % des revenus provenant de services suppl\u00e9mentaires iraient aux infirmi\u00e8res. Pour l&#8217;essentiel, les revenus des infirmi\u00e8res doubleraient et leur efficacit\u00e9 triplerait.<\/p>\n<p>Une centaine de types de services m\u00e9dicaux sont fournis directement par les infirmi\u00e8res ; les m\u00e9decins doivent toutefois apposer leur cachet sur les factures.<\/p>\n<p>Si un patient se blesse \u00e0 la main et qu&#8217;une infirmi\u00e8re (par opposition \u00e0 un m\u00e9decin) traite et panse la main, le patient paie un tarif moins \u00e9lev\u00e9.<\/p>\n<p>Les compagnies d&#8217;assurance paieraient \u00e9galement moins cher ces traitements aux h\u00f4pitaux, et les salaires des infirmi\u00e8res augmenteraient (L&#8217;agence de presse IRNA &#8211; 22 d\u00e9cembre 2013).<\/p>\n<p>&nbsp;<\/p>\n<p>&nbsp;<\/p>\n","protected":false},"excerpt":{"rendered":"<p>CNRI Femmes &#8211; Mettre en \u0153uvre la loi sur les tarifs des soins infirmiers en Iran, c\u2019\u00e9tait le motif pour lequel un groupe d&#8217;infirmi\u00e8res a organis\u00e9 une manifestation devant le parquet de la ville d&#8217;Ispahan le 21 mai 2020. Elles ont renouvel\u00e9 leurs demandes au gouvernement concernant cette loi sur les tarifs, adopt\u00e9e en 2007, [&hellip;]<\/p>\n","protected":false},"author":4,"featured_media":10968,"comment_status":"open","ping_status":"open","sticky":false,"template":"","format":"standard","meta":{"jnews-multi-image_gallery":[],"jnews_single_post":{"subtitle":"","format":"standard","video":"","gallery":"","source_name":"","source_url":"","via_name":"","via_url":"","override_template":"0","override":[{"template":"1","single_blog_custom":"","parallax":"1","fullscreen":"0","layout":"right-sidebar","sidebar":"default-sidebar","second_sidebar":"default-sidebar","sticky_sidebar":"1","share_position":"top","share_float_style":"share-monocrhome","show_share_counter":"1","show_view_counter":"1","show_featured":"1","show_post_meta":"1","show_post_author":"1","show_post_author_image":"1","show_post_date":"1","post_date_format":"default","post_date_format_custom":"Y\/m\/d","show_post_category":"1","show_post_reading_time":"0","post_reading_time_wpm":"300","show_zoom_button":"0","zoom_button_out_step":"2","zoom_button_in_step":"3","show_post_tag":"1","show_prev_next_post":"1","show_popup_post":"1","number_popup_post":"1","show_author_box":"0","show_post_related":"0","show_inline_post_related":"0"}],"override_image_size":"0","image_override":[{"single_post_thumbnail_size":"crop-500","single_post_gallery_size":"crop-500"}],"trending_post":"0","trending_post_position":"meta","trending_post_label":"Trending","sponsored_post":"0","sponsored_post_label":"Sponsored by","sponsored_post_name":"","sponsored_post_url":"","sponsored_post_logo_enable":"0","sponsored_post_logo":"","sponsored_post_desc":""},"jnews_primary_category":{"id":""},"jnews_social_meta":[],"jnews_override_counter":{"override_view_counter":"0","view_counter_number":"0","override_share_counter":"0","share_counter_number":"0","override_like_counter":"0","like_counter_number":"0","override_dislike_counter":"0","dislike_counter_number":"0"},"footnotes":""},"categories":[3],"tags":[374,369],"class_list":["post-10967","post","type-post","status-publish","format-standard","has-post-thumbnail","hentry","category-infos-des-femmes","tag-coronavirus","tag-manifestations"],"_links":{"self":[{"href":"https:\/\/wncri.org\/fr\/wp-json\/wp\/v2\/posts\/10967","targetHints":{"allow":["GET"]}}],"collection":[{"href":"https:\/\/wncri.org\/fr\/wp-json\/wp\/v2\/posts"}],"about":[{"href":"https:\/\/wncri.org\/fr\/wp-json\/wp\/v2\/types\/post"}],"author":[{"embeddable":true,"href":"https:\/\/wncri.org\/fr\/wp-json\/wp\/v2\/users\/4"}],"replies":[{"embeddable":true,"href":"https:\/\/wncri.org\/fr\/wp-json\/wp\/v2\/comments?post=10967"}],"version-history":[{"count":0,"href":"https:\/\/wncri.org\/fr\/wp-json\/wp\/v2\/posts\/10967\/revisions"}],"wp:featuredmedia":[{"embeddable":true,"href":"https:\/\/wncri.org\/fr\/wp-json\/wp\/v2\/media\/10968"}],"wp:attachment":[{"href":"https:\/\/wncri.org\/fr\/wp-json\/wp\/v2\/media?parent=10967"}],"wp:term":[{"taxonomy":"category","embeddable":true,"href":"https:\/\/wncri.org\/fr\/wp-json\/wp\/v2\/categories?post=10967"},{"taxonomy":"post_tag","embeddable":true,"href":"https:\/\/wncri.org\/fr\/wp-json\/wp\/v2\/tags?post=10967"}],"curies":[{"name":"wp","href":"https:\/\/api.w.org\/{rel}","templated":true}]}}