{"id":10958,"date":"2020-05-20T16:07:50","date_gmt":"2020-05-20T14:07:50","guid":{"rendered":"https:\/\/wncri.org\/fr\/?p=10958"},"modified":"2020-05-21T16:09:59","modified_gmt":"2020-05-21T14:09:59","slug":"le-voile-obligatoire-en-iran-setend-a-la-vie-privee-sur-instagram","status":"publish","type":"post","link":"https:\/\/wncri.org\/fr\/2020\/05\/20\/le-voile-obligatoire-en-iran-setend-a-la-vie-privee-sur-instagram\/","title":{"rendered":"Le voile obligatoire en Iran s&#8217;\u00e9tend \u00e0 la vie priv\u00e9e sur Instagram"},"content":{"rendered":"<p>CNRI Femmes &#8211; Les femmes qui ne respectent pas le voile obligatoire sur les m\u00e9dias sociaux en Iran, en particulier Instagram, seront poursuivies et arr\u00eat\u00e9es par la cyber police FATA.<\/p>\n<p>\u00ab\u00a0En ce qui concerne le retrait du voile dans le cyberespace, il faut noter que puisqu&#8217;il fait partie de l&#8217;ensemble des infractions, cela fera certainement l\u2019objet de poursuites, et la police s\u00e9vira de mani\u00e8re d\u00e9cisive \u00e0 cet \u00e9gard\u00a0\u00bb a annonc\u00e9 Ramin Pasha\u2019i, le sous-directeur des affaires sociale de la FATA.<\/p>\n<p>Auparavant, le chef de la police FATA, Touraj Kazemi, avait d\u00e9clar\u00e9 que c\u2019\u00e9tait un d\u00e9lit de publier des images personnelles de femmes \u00ab\u00a0mal-voil\u00e9es\u00a0\u00bb dans les m\u00e9dias sociaux (site Asr-e-Pouya, 19 mai 2020).<\/p>\n<p>En r\u00e9ponse \u00e0 la question de savoir si la publication de photos personnelles avec des v\u00eatements qui ne correspondent pas au code vestimentaire dans le cyberespace est un d\u00e9lit, le chef de la police FATA \u00e0 T\u00e9h\u00e9ran a r\u00e9pondu : \u00ab\u00a0il appartient \u00e0 l&#8217;autorit\u00e9 judiciaire de d\u00e9terminer si l&#8217;acte est d\u00e9lictuel ou non. En fonction de son devoir, la police fournira des documents aux autorit\u00e9s judiciaires ; si l&#8217;acte est consid\u00e9r\u00e9 comme un d\u00e9lit, les contrevenantes seront sanctionn\u00e9es.\u00a0\u00bb.<\/p>\n<p>Redoutant un soul\u00e8vement populaire, le r\u00e9gime iranien a <a href=\"https:\/\/wncri.org\/fr\/2019\/06\/07\/2000-nouvelles-unites-pour-verbaliser-les-femmes-mal-voilees-en-iran\/\" target=\"_blank\" rel=\"noopener noreferrer\">renforc\u00e9 la r\u00e9pression<\/a> en g\u00e9n\u00e9ral, et celle des femmes sur les m\u00e9dias sociaux en particulier.<\/p>\n<p>La r\u00e9pression interne, dont celle des femmes, est l&#8217;un des principaux piliers du maintien des mollahs au pouvoir.<\/p>\n<p>Le guide supr\u00eame du r\u00e9gime, <a href=\"https:\/\/wncri.org\/fr\/2018\/03\/10\/iran-dans-son-discours-du-8-mars-khamenei-a-denonce-les-femmes-qui-s-opposent-au-voile-obligatoire\/\" target=\"_blank\" rel=\"noopener noreferrer\">Ali Khamenei<\/a>, avait d\u00e9clar\u00e9 lors d&#8217;un rassemblement \u00e0 Machad le 21 juillet 2016 : \u00ab\u00a0Tout d\u00e9bat sur le caract\u00e8re obligatoire ou volontaire du voile est une d\u00e9viation.\u00a0\u00bb<\/p>\n<p>Par ailleurs, le commandant des forces de s\u00e9curit\u00e9 de l&#8217;\u00c9tat de T\u00e9h\u00e9ran a r\u00e9it\u00e9r\u00e9 l&#8217;interdiction de d\u00e9livrer des permis moto aux femmes.<\/p>\n<p>Concernant les femmes qui cherchent \u00e0 obtenir un permis moto, Hossein Rahimi a d\u00e9clar\u00e9 : \u00ab\u00a0Nous ne d\u00e9cidons pas, et la d\u00e9livrance de permis de conduire pour motocyclette aux femmes ne rel\u00e8ve pas de l&#8217;autorit\u00e9 de la police. La loi ne le permet pas actuellement.\u00a0\u00bb (Site Asr-e-Iran &#8211; 17 mai 2020).<\/p>\n<p>Les femmes en Iran ont d\u00e9j\u00e0 \u00e9t\u00e9 interdites <a href=\"https:\/\/wncri.org\/fr\/2019\/07\/31\/70-femmes-a-velo-arretees-a-teheran-pour-effraction-aux-regles-du-voile\/\" target=\"_blank\" rel=\"noopener noreferrer\">de monter \u00e0 v\u00e9lo<\/a>.<\/p>\n<p><a href=\"https:\/\/wncri.org\/fr\/2016\/09\/13\/iran-khamenei-lance-une-fatwa-privant-les-femmes-de-velo-en-public\/\" target=\"_blank\" rel=\"noopener noreferrer\">Ali Khamenei<\/a> a \u00e9mis une fatwa ridicule en septembre 2016 qui interdisait aux femmes de faire du v\u00e9lo en public et devant des \u00e9trangers.<\/p>\n<p>Il a d\u00e9clar\u00e9 : \u00ab\u00a0faire du v\u00e9lo attire souvent l&#8217;attention des hommes et expose la soci\u00e9t\u00e9 \u00e0 la corruption, ce qui est contraire \u00e0 la chastet\u00e9 des femmes, et il faut y renoncer.\u00a0\u00bb<\/p>\n<p>En 2016, Youssef Tabataba\u2019i, le repr\u00e9sentant de Khamenei \u00e0 Ispahan, a d\u00e9clar\u00e9 que le cyclisme des femmes est consid\u00e9r\u00e9 comme une abomination, et une violation aussi grave que les d\u00e9lits li\u00e9s \u00e0 la drogue. (Site Aftab, 14 mai 2016)<\/p>\n<p>&nbsp;<\/p>\n","protected":false},"excerpt":{"rendered":"<p>CNRI Femmes &#8211; Les femmes qui ne respectent pas le voile obligatoire sur les m\u00e9dias sociaux en Iran, en particulier Instagram, seront poursuivies et arr\u00eat\u00e9es par la cyber police FATA. \u00ab\u00a0En ce qui concerne le retrait du voile dans le cyberespace, il faut noter que puisqu&#8217;il fait partie de l&#8217;ensemble des infractions, cela fera certainement [&hellip;]<\/p>\n","protected":false},"author":4,"featured_media":10959,"comment_status":"open","ping_status":"open","sticky":false,"template":"","format":"standard","meta":{"jnews-multi-image_gallery":[],"jnews_single_post":{"subtitle":"","format":"standard","video":"","gallery":"","source_name":"","source_url":"","via_name":"","via_url":"","override_template":"0","override":[{"template":"1","single_blog_custom":"","parallax":"1","fullscreen":"0","layout":"right-sidebar","sidebar":"default-sidebar","second_sidebar":"default-sidebar","sticky_sidebar":"1","share_position":"top","share_float_style":"share-monocrhome","show_share_counter":"1","show_view_counter":"1","show_featured":"1","show_post_meta":"1","show_post_author":"1","show_post_author_image":"1","show_post_date":"1","post_date_format":"default","post_date_format_custom":"Y\/m\/d","show_post_category":"1","show_post_reading_time":"0","post_reading_time_wpm":"300","show_zoom_button":"0","zoom_button_out_step":"2","zoom_button_in_step":"3","show_post_tag":"1","show_prev_next_post":"1","show_popup_post":"1","number_popup_post":"1","show_author_box":"0","show_post_related":"0","show_inline_post_related":"0"}],"override_image_size":"0","image_override":[{"single_post_thumbnail_size":"crop-500","single_post_gallery_size":"crop-500"}],"trending_post":"0","trending_post_position":"meta","trending_post_label":"Trending","sponsored_post":"0","sponsored_post_label":"Sponsored by","sponsored_post_name":"","sponsored_post_url":"","sponsored_post_logo_enable":"0","sponsored_post_logo":"","sponsored_post_desc":""},"jnews_primary_category":{"id":""},"jnews_social_meta":[],"jnews_override_counter":{"override_view_counter":"0","view_counter_number":"0","override_share_counter":"0","share_counter_number":"0","override_like_counter":"0","like_counter_number":"0","override_dislike_counter":"0","dislike_counter_number":"0"},"footnotes":""},"categories":[3],"tags":[376],"class_list":["post-10958","post","type-post","status-publish","format-standard","has-post-thumbnail","hentry","category-infos-des-femmes","tag-violence-contre-les-femmes"],"_links":{"self":[{"href":"https:\/\/wncri.org\/fr\/wp-json\/wp\/v2\/posts\/10958","targetHints":{"allow":["GET"]}}],"collection":[{"href":"https:\/\/wncri.org\/fr\/wp-json\/wp\/v2\/posts"}],"about":[{"href":"https:\/\/wncri.org\/fr\/wp-json\/wp\/v2\/types\/post"}],"author":[{"embeddable":true,"href":"https:\/\/wncri.org\/fr\/wp-json\/wp\/v2\/users\/4"}],"replies":[{"embeddable":true,"href":"https:\/\/wncri.org\/fr\/wp-json\/wp\/v2\/comments?post=10958"}],"version-history":[{"count":0,"href":"https:\/\/wncri.org\/fr\/wp-json\/wp\/v2\/posts\/10958\/revisions"}],"wp:featuredmedia":[{"embeddable":true,"href":"https:\/\/wncri.org\/fr\/wp-json\/wp\/v2\/media\/10959"}],"wp:attachment":[{"href":"https:\/\/wncri.org\/fr\/wp-json\/wp\/v2\/media?parent=10958"}],"wp:term":[{"taxonomy":"category","embeddable":true,"href":"https:\/\/wncri.org\/fr\/wp-json\/wp\/v2\/categories?post=10958"},{"taxonomy":"post_tag","embeddable":true,"href":"https:\/\/wncri.org\/fr\/wp-json\/wp\/v2\/tags?post=10958"}],"curies":[{"name":"wp","href":"https:\/\/api.w.org\/{rel}","templated":true}]}}