{"id":10953,"date":"2020-05-19T14:46:47","date_gmt":"2020-05-19T12:46:47","guid":{"rendered":"https:\/\/wncri.org\/fr\/?p=10953"},"modified":"2020-05-20T14:50:17","modified_gmt":"2020-05-20T12:50:17","slug":"des-militantes-civiles-condamnees-et-emprisonnees-malgre-la-montee-du-covid-19","status":"publish","type":"post","link":"https:\/\/wncri.org\/fr\/2020\/05\/19\/des-militantes-civiles-condamnees-et-emprisonnees-malgre-la-montee-du-covid-19\/","title":{"rendered":"Des militantes civiles condamn\u00e9es et emprisonn\u00e9es malgr\u00e9 la mont\u00e9e du COVID-19"},"content":{"rendered":"<p>CNRI Femmes &#8211; Les militantes civiles <a href=\"https:\/\/wncri.org\/fr\/2020\/05\/16\/la-pandemie-covid-19-menace-la-vie-des-prisonnieres-politiques-en-iran\/\" target=\"_blank\" rel=\"noopener noreferrer\">Mojgan Kavousi<\/a> et Shora Fekri ont \u00e9t\u00e9 convoqu\u00e9es et incarc\u00e9r\u00e9es pour purger leur peine de prison. De plus, une peine d&#8217;un an de prison a \u00e9t\u00e9 confirm\u00e9e pour la militante civile kurde Farzaneh Jalali. Les mesures visant \u00e0 emprisonner les militantes civiles arrivent \u00e0 un moment o\u00f9 le nombre de victimes du coronavirus est en forte hausse en Iran.<\/p>\n<p>Les forces de s\u00e9curit\u00e9 de la ville de Noshahr ont arr\u00eat\u00e9 Mojgan Kavousi, auteur et chercheur kurde, le 19 mai 2020, et l&#8217;ont incarc\u00e9r\u00e9e \u00e0 la prison de la ville pour y purger sa peine de trois ans.<\/p>\n<p>Mme Kavousi avait \u00e9t\u00e9 <a href=\"https:\/\/wncri.org\/fr\/2019\/11\/29\/trois-femmes-arretees-a-karadj-pour-avoir-manifeste-contre-la-hausse-de-lessence\/\" target=\"_blank\" rel=\"noopener noreferrer\">arr\u00eat\u00e9e une premi\u00e8re fois<\/a> le 18 novembre 2019 et conduite au centre de d\u00e9tention des services de renseignement des pasdarans \u00e0 Sari, capitale de la province de Mazandaran, dans le nord de l&#8217;Iran. Plus tard, le 10 d\u00e9cembre, elle avait \u00e9t\u00e9 transf\u00e9r\u00e9e \u00e0 la prison de Noshahr.<\/p>\n<p>Mojgan Kavousi est emprisonn\u00e9e \u00e0 un moment o\u00f9 toutes les prisons iraniennes sont des points chauds de l&#8217;\u00e9pid\u00e9mie de COVID-19. La province de Mazandaran compte 2640 cas affect\u00e9s \u00e0 la date du mardi 19 mai 2020.<\/p>\n<p>Par ailleurs, Shora Fekri, ancienne <a href=\"https:\/\/wncri.org\/fr\/2020\/01\/15\/shora-fekri-arretee-a-un-hommage-aux-victimes-du-crash-aerien-en-iran\/\" target=\"_blank\" rel=\"noopener noreferrer\">\u00e9tudiante militante<\/a> de l&#8217;universit\u00e9 de Mazandaran, a \u00e9t\u00e9 convoqu\u00e9e pour purger sa peine de cinq mois de prison. <a href=\"https:\/\/wncri.org\/fr\/2020\/04\/29\/des-peines-de-prison-pour-des-bougies-allumees-en-memoire-des-victimes-dun-crash-aerien\/\" target=\"_blank\" rel=\"noopener noreferrer\">Mme Fekri<\/a> avait \u00e9t\u00e9 initialement arr\u00eat\u00e9e le 12 janvier 2020, lors d&#8217;une manifestation dans la ville d&#8217;Amol contre la destruction par des pasdaran d&#8217;un avion de ligne ukrainien.<\/p>\n<p>La Cour d&#8217;appel de la province de Kermanchah a \u00e9galement confirm\u00e9 une peine d&#8217;un an de prison pour l&#8217;activiste civile kurde Farzaneh Jalali. Elle avait \u00e9t\u00e9 condamn\u00e9e en novembre 2019 pour &#8220;propagande contre l&#8217;\u00c9tat&#8221;.<\/p>\n<p><a href=\"https:\/\/wncri.org\/fr\/2017\/03\/01\/iran-farzaneh-jalali-accusee-d-atteinte-a-la-securite-nationale\/\" target=\"_blank\" rel=\"noopener noreferrer\">Farzaneh Jalali<\/a> avait \u00e9t\u00e9 arr\u00eat\u00e9e par des agents du renseignement de Kermanchah le 23 f\u00e9vrier 2017. Elle a \u00e9t\u00e9 en garde \u00e0 vue pendant 17 jours dans le centre de d\u00e9tention du D\u00e9partement du renseignement, puis incarc\u00e9r\u00e9e dans le quartier des femmes de la prison de Kermanchah. Elle avait \u00e9t\u00e9 lib\u00e9r\u00e9e sous caution de 300 millions de tomans le 12 mars 2017.<\/p>\n<p>&nbsp;<\/p>\n<p>&nbsp;<\/p>\n<p>&nbsp;<\/p>\n","protected":false},"excerpt":{"rendered":"<p>CNRI Femmes &#8211; Les militantes civiles Mojgan Kavousi et Shora Fekri ont \u00e9t\u00e9 convoqu\u00e9es et incarc\u00e9r\u00e9es pour purger leur peine de prison. De plus, une peine d&#8217;un an de prison a \u00e9t\u00e9 confirm\u00e9e pour la militante civile kurde Farzaneh Jalali. Les mesures visant \u00e0 emprisonner les militantes civiles arrivent \u00e0 un moment o\u00f9 le nombre [&hellip;]<\/p>\n","protected":false},"author":4,"featured_media":10954,"comment_status":"open","ping_status":"open","sticky":false,"template":"","format":"standard","meta":{"jnews-multi-image_gallery":[],"jnews_single_post":{"subtitle":"","format":"standard","video":"","gallery":"","source_name":"","source_url":"","via_name":"","via_url":"","override_template":"0","override":[{"template":"1","single_blog_custom":"","parallax":"1","fullscreen":"0","layout":"right-sidebar","sidebar":"default-sidebar","second_sidebar":"default-sidebar","sticky_sidebar":"1","share_position":"top","share_float_style":"share-monocrhome","show_share_counter":"1","show_view_counter":"1","show_featured":"1","show_post_meta":"1","show_post_author":"1","show_post_author_image":"1","show_post_date":"1","post_date_format":"default","post_date_format_custom":"Y\/m\/d","show_post_category":"1","show_post_reading_time":"0","post_reading_time_wpm":"300","show_zoom_button":"0","zoom_button_out_step":"2","zoom_button_in_step":"3","show_post_tag":"1","show_prev_next_post":"1","show_popup_post":"1","number_popup_post":"1","show_author_box":"0","show_post_related":"0","show_inline_post_related":"0"}],"override_image_size":"0","image_override":[{"single_post_thumbnail_size":"crop-500","single_post_gallery_size":"crop-500"}],"trending_post":"0","trending_post_position":"meta","trending_post_label":"Trending","sponsored_post":"0","sponsored_post_label":"Sponsored by","sponsored_post_name":"","sponsored_post_url":"","sponsored_post_logo_enable":"0","sponsored_post_logo":"","sponsored_post_desc":""},"jnews_primary_category":{"id":""},"jnews_social_meta":[],"jnews_override_counter":{"override_view_counter":"0","view_counter_number":"0","override_share_counter":"0","share_counter_number":"0","override_like_counter":"0","like_counter_number":"0","override_dislike_counter":"0","dislike_counter_number":"0"},"footnotes":""},"categories":[3],"tags":[374,370],"class_list":["post-10953","post","type-post","status-publish","format-standard","has-post-thumbnail","hentry","category-infos-des-femmes","tag-coronavirus","tag-prisonnieres"],"_links":{"self":[{"href":"https:\/\/wncri.org\/fr\/wp-json\/wp\/v2\/posts\/10953","targetHints":{"allow":["GET"]}}],"collection":[{"href":"https:\/\/wncri.org\/fr\/wp-json\/wp\/v2\/posts"}],"about":[{"href":"https:\/\/wncri.org\/fr\/wp-json\/wp\/v2\/types\/post"}],"author":[{"embeddable":true,"href":"https:\/\/wncri.org\/fr\/wp-json\/wp\/v2\/users\/4"}],"replies":[{"embeddable":true,"href":"https:\/\/wncri.org\/fr\/wp-json\/wp\/v2\/comments?post=10953"}],"version-history":[{"count":0,"href":"https:\/\/wncri.org\/fr\/wp-json\/wp\/v2\/posts\/10953\/revisions"}],"wp:featuredmedia":[{"embeddable":true,"href":"https:\/\/wncri.org\/fr\/wp-json\/wp\/v2\/media\/10954"}],"wp:attachment":[{"href":"https:\/\/wncri.org\/fr\/wp-json\/wp\/v2\/media?parent=10953"}],"wp:term":[{"taxonomy":"category","embeddable":true,"href":"https:\/\/wncri.org\/fr\/wp-json\/wp\/v2\/categories?post=10953"},{"taxonomy":"post_tag","embeddable":true,"href":"https:\/\/wncri.org\/fr\/wp-json\/wp\/v2\/tags?post=10953"}],"curies":[{"name":"wp","href":"https:\/\/api.w.org\/{rel}","templated":true}]}}