{"id":10936,"date":"2020-05-16T21:51:21","date_gmt":"2020-05-16T19:51:21","guid":{"rendered":"https:\/\/wncri.org\/fr\/?p=10936"},"modified":"2020-05-17T21:54:06","modified_gmt":"2020-05-17T19:54:06","slug":"la-pandemie-covid-19-menace-la-vie-des-prisonnieres-politiques-en-iran","status":"publish","type":"post","link":"https:\/\/wncri.org\/fr\/2020\/05\/16\/la-pandemie-covid-19-menace-la-vie-des-prisonnieres-politiques-en-iran\/","title":{"rendered":"La pand\u00e9mie COVID-19 menace la vie des prisonni\u00e8res politiques en Iran"},"content":{"rendered":"<p>CNRI Femmes &#8211; Plus que jamais, la pand\u00e9mie de COVID-19 menace la vie des prisonni\u00e8res politiques.<\/p>\n<p>Voici une description de la situation de plusieurs prisonni\u00e8res politiques, des <a href=\"https:\/\/wncri.org\/fr\/2020\/04\/23\/des-detenues-politiques-envoyees-a-la-prison-de-qarchak-en-pleine-crise-de-coronavirus\/\" target=\"_blank\" rel=\"noopener noreferrer\">nouvelles peines de prison<\/a> et des arrestations de ces derniers jours :<\/p>\n<p>&nbsp;<\/p>\n<h4><strong>La prisonni\u00e8re politique Golrokh Ebrahimi Iraee <\/strong><\/h4>\n<p>Golrokh Ebrahimi Iraee est d\u00e9tenue \u00e0 la prison <a href=\"https:\/\/wncri.org\/fr\/2019\/11\/12\/golrokh-iraee-detenue-a-qarchak-apres-une-journee-en-prison-a-teheran\/\" target=\"_blank\" rel=\"noopener noreferrer\">Qarchak de Varamine<\/a>, en banlieue de T\u00e9h\u00e9ran, o\u00f9 sa vie est en danger.<\/p>\n<p>Golrokh, une prisonni\u00e8re politique, est d\u00e9tenue dans un quartier avec des criminelles de droit commun, en violation de la r\u00e9glementation iranienne sur la s\u00e9paration des d\u00e9tenus. De plus, selon des informations cr\u00e9dibles, au moins 100 femmes de cette unit\u00e9 ont \u00e9t\u00e9 contamin\u00e9es par le coronavirus.<\/p>\n<p>Apr\u00e8s avoir \u00e9t\u00e9 lib\u00e9r\u00e9e de prison, Golrokh a \u00e9t\u00e9 de nouveau condamn\u00e9e, cette fois \u00e0 trois ans et sept mois. Elle est incarc\u00e9r\u00e9e \u00e0 Qarchak depuis le 9 novembre 2019, et on lui a refus\u00e9 toute permission de sortir.<\/p>\n<p>Les responsables p\u00e9nitencier n&#8217;ont pas encore pris de mesures pour prot\u00e9ger les prisonni\u00e8res du Covid-19. La prison de Qarchak prend de nouveaux d\u00e9tenues, mais n&#8217;applique pas les protocoles sp\u00e9cifiques du Covid-19, mettant en danger encore plus de vies.<\/p>\n<p>&nbsp;<\/p>\n<p>Parmi les autres prisonni\u00e8res politiques incarc\u00e9r\u00e9es lors du soul\u00e8vement de novembre et qui se trouvent \u00e9galement \u00e0 la prison de Qarchak figurent Nazanine Tusi, Guita Horr, Mojgan Eskandari, Samira Hadian, Maryam Alishahi et Raha Ahmadi.<\/p>\n<p>&nbsp;<\/p>\n<h4><strong>Nouvelles peines de prison pour des militantes civiles<\/strong><\/h4>\n<p>Autre forme de pression sur les militantes civiles, le r\u00e9gime prononce de nouvelles condamnations en pleine crise du coronavirus.<\/p>\n<p>Le 13 mai 2020, le tribunal r\u00e9volutionnaire de T\u00e9h\u00e9ran a tenu une audience par d\u00e9faut contre <a href=\"https:\/\/wncri.org\/fr\/2019\/11\/16\/raheleh-rahemipour-et-jila-karamzadeh-makvandi-arretees-en-iran\/\" target=\"_blank\" rel=\"noopener noreferrer\">Jila Makvandi<\/a>. Arr\u00eat\u00e9e \u00e0 T\u00e9h\u00e9ran le 12 novembre 2019, la militante civile a \u00e9t\u00e9 condamn\u00e9e \u00e0 six ans de prison.<\/p>\n<p>Jila Makvandi a \u00e9crit : \u00ab\u00a0J&#8217;ai \u00e9t\u00e9 condamn\u00e9e, par contumace, \u00e0 six ans &#8211; tout comme l&#8217;interrogateur du renseignement des pasdarans m\u2019en a menac\u00e9e pendant l&#8217;interrogatoire !\u00a0\u00bb<\/p>\n<p>En ao\u00fbt 2018, des agents du minist\u00e8re du Renseignement ont mis sa maison \u00e0 sac et l&#8217;ont soumise \u00e0 des pressions pour avoir protest\u00e9 contre le voile obligatoire.<\/p>\n<p>&nbsp;<\/p>\n<h4><strong>Un mandat d&#8217;arr\u00eat contre une traductrice et chercheuse<\/strong><\/h4>\n<p>La Direction de l\u2019application des peines de la ville de Nowshahr a \u00e9mis un mandat d&#8217;arr\u00eat contre <a href=\"https:\/\/wncri.org\/fr\/2020\/03\/16\/en-pleine-epidemie-de-coronavirus-greve-de-la-faim-dans-les-prisons-politiques\/\" target=\"_blank\" rel=\"noopener noreferrer\">Mojgan Kavousi<\/a>, une traductrice et chercheuse. Mojgan fait partie des d\u00e9tenues du soul\u00e8vement de novembre 2019.<\/p>\n<p>Auparavant, sa peine avait \u00e9t\u00e9 port\u00e9e \u00e0 six ans et quatre mois de prison lors de la proc\u00e9dure d&#8217;appel.<\/p>\n<p>L&#8217;\u00e9mission de mandats pour les condamn\u00e9s peut rendre particuli\u00e8rement difficile la demande de lib\u00e9ration conditionnelle ou la demande d&#8217;autorisation de sortie.<\/p>\n","protected":false},"excerpt":{"rendered":"<p>CNRI Femmes &#8211; Plus que jamais, la pand\u00e9mie de COVID-19 menace la vie des prisonni\u00e8res politiques. Voici une description de la situation de plusieurs prisonni\u00e8res politiques, des nouvelles peines de prison et des arrestations de ces derniers jours : &nbsp; La prisonni\u00e8re politique Golrokh Ebrahimi Iraee Golrokh Ebrahimi Iraee est d\u00e9tenue \u00e0 la prison Qarchak [&hellip;]<\/p>\n","protected":false},"author":4,"featured_media":10937,"comment_status":"open","ping_status":"open","sticky":false,"template":"","format":"standard","meta":{"jnews-multi-image_gallery":[],"jnews_single_post":{"subtitle":"","format":"standard","video":"","gallery":"","source_name":"","source_url":"","via_name":"","via_url":"","override_template":"0","override":[{"template":"1","single_blog_custom":"","parallax":"1","fullscreen":"0","layout":"right-sidebar","sidebar":"default-sidebar","second_sidebar":"default-sidebar","sticky_sidebar":"1","share_position":"top","share_float_style":"share-monocrhome","show_share_counter":"1","show_view_counter":"1","show_featured":"1","show_post_meta":"1","show_post_author":"1","show_post_author_image":"1","show_post_date":"1","post_date_format":"default","post_date_format_custom":"Y\/m\/d","show_post_category":"1","show_post_reading_time":"0","post_reading_time_wpm":"300","show_zoom_button":"0","zoom_button_out_step":"2","zoom_button_in_step":"3","show_post_tag":"1","show_prev_next_post":"1","show_popup_post":"1","number_popup_post":"1","show_author_box":"0","show_post_related":"0","show_inline_post_related":"0"}],"override_image_size":"0","image_override":[{"single_post_thumbnail_size":"crop-500","single_post_gallery_size":"crop-500"}],"trending_post":"0","trending_post_position":"meta","trending_post_label":"Trending","sponsored_post":"0","sponsored_post_label":"Sponsored by","sponsored_post_name":"","sponsored_post_url":"","sponsored_post_logo_enable":"0","sponsored_post_logo":"","sponsored_post_desc":""},"jnews_primary_category":{"id":""},"jnews_social_meta":[],"jnews_override_counter":{"override_view_counter":"0","view_counter_number":"0","override_share_counter":"0","share_counter_number":"0","override_like_counter":"0","like_counter_number":"0","override_dislike_counter":"0","dislike_counter_number":"0"},"footnotes":""},"categories":[3],"tags":[374,370],"class_list":["post-10936","post","type-post","status-publish","format-standard","has-post-thumbnail","hentry","category-infos-des-femmes","tag-coronavirus","tag-prisonnieres"],"_links":{"self":[{"href":"https:\/\/wncri.org\/fr\/wp-json\/wp\/v2\/posts\/10936","targetHints":{"allow":["GET"]}}],"collection":[{"href":"https:\/\/wncri.org\/fr\/wp-json\/wp\/v2\/posts"}],"about":[{"href":"https:\/\/wncri.org\/fr\/wp-json\/wp\/v2\/types\/post"}],"author":[{"embeddable":true,"href":"https:\/\/wncri.org\/fr\/wp-json\/wp\/v2\/users\/4"}],"replies":[{"embeddable":true,"href":"https:\/\/wncri.org\/fr\/wp-json\/wp\/v2\/comments?post=10936"}],"version-history":[{"count":0,"href":"https:\/\/wncri.org\/fr\/wp-json\/wp\/v2\/posts\/10936\/revisions"}],"wp:featuredmedia":[{"embeddable":true,"href":"https:\/\/wncri.org\/fr\/wp-json\/wp\/v2\/media\/10937"}],"wp:attachment":[{"href":"https:\/\/wncri.org\/fr\/wp-json\/wp\/v2\/media?parent=10936"}],"wp:term":[{"taxonomy":"category","embeddable":true,"href":"https:\/\/wncri.org\/fr\/wp-json\/wp\/v2\/categories?post=10936"},{"taxonomy":"post_tag","embeddable":true,"href":"https:\/\/wncri.org\/fr\/wp-json\/wp\/v2\/tags?post=10936"}],"curies":[{"name":"wp","href":"https:\/\/api.w.org\/{rel}","templated":true}]}}