{"id":10930,"date":"2020-05-14T03:54:24","date_gmt":"2020-05-14T01:54:24","guid":{"rendered":"https:\/\/wncri.org\/fr\/?p=10930"},"modified":"2020-05-16T04:09:27","modified_gmt":"2020-05-16T02:09:27","slug":"a-loccasion-de-la-journee-internationale-des-infirmieres-une-infirmiere-meurt-en-iran","status":"publish","type":"post","link":"https:\/\/wncri.org\/fr\/2020\/05\/14\/a-loccasion-de-la-journee-internationale-des-infirmieres-une-infirmiere-meurt-en-iran\/","title":{"rendered":"\u00c0 l&#8217;occasion de la Journ\u00e9e internationale des infirmi\u00e8res, une infirmi\u00e8re meurt en Iran"},"content":{"rendered":"<p>CNRI Femmes &#8211; Pour la Journ\u00e9e internationale des infirmi\u00e8res, une infirmi\u00e8re d\u00e9vou\u00e9e du nom de Zahra (Behnaz) Mostaedi est d\u00e9c\u00e9d\u00e9e \u00e0 l&#8217;h\u00f4pital Labafinejad de T\u00e9h\u00e9ran. Cette infirmi\u00e8re de 42 ans a \u00e9t\u00e9 foudroy\u00e9e par un arr\u00eat cardiaque d\u00fb \u00e0 la pression du travail.<\/p>\n<p>Behnaz Mostaedi travaillait dans l&#8217;unit\u00e9 de soins intensifs de l&#8217;h\u00f4pital, s&#8217;occupant des patients atteints de <a href=\"https:\/\/wncri.org\/fr\/2020\/04\/22\/les-infirmieres-de-cliniques-privees-licenciees-dans-la-crise-du-covid-19-en-iran\/\" target=\"_blank\" rel=\"noopener noreferrer\">coronavirus <\/a>24 heures sur 24. Elle est morte dans l&#8217;exercice de ses fonctions, rapporte l\u2019agence de presse Naja le 13 mai 2020.<\/p>\n<p>Dans la province du Khouzistan, une autre infirmi\u00e8re, Zahra Absalan, est tomb\u00e9e au sol apr\u00e8s s&#8217;\u00eatre \u00e9vanouie en raison d&#8217;une fatigue excessive. Elle supervisait le laboratoire \u00e0 Hamidiyeh et travaillait \u00e0 jeun en<a href=\"https:\/\/wncri.org\/fr\/2020\/04\/07\/hommage-au-travail-des-infirmieres-en-iran-pour-la-journee-mondiale-de-la-sante\/\" target=\"_blank\" rel=\"noopener noreferrer\">p\u00e9riode de Ramadan<\/a>.<\/p>\n<p>Apr\u00e8s avoir men\u00e9 des dizaines de tests de d\u00e9pistage de coronavirus, elle s&#8217;est \u00e9vanouie \u00e0 cause de la chaleur, provoqu\u00e9e par l&#8217;\u00e9paisse tenue de protection qu&#8217;elle portait.<\/p>\n<p>\u00c0 l&#8217;occasion de la Journ\u00e9e internationale des infirmi\u00e8res, Zahra Absalan a publi\u00e9 sa photo sur les m\u00e9dias sociaux et a \u00e9crit : \u00ab\u00a0Nos coll\u00e8gues passent des moments difficiles (&#8230;) Le port de v\u00eatements (de protection), de lunettes, de gants et de masques a augment\u00e9 la pression sur nos coll\u00e8gues de la sant\u00e9\u00a0\u00bb (Agence Sobh-e Sahel &#8211; 13 mai 2020).<\/p>\n<figure id=\"attachment_10932\" aria-describedby=\"caption-attachment-10932\" style=\"width: 1024px\" class=\"wp-caption alignnone\"><img decoding=\"async\" class=\"wp-image-10932 size-large lazyload\" src=\"data:image\/gif;base64,R0lGODlhAQABAIAAAAAAAP\/\/\/yH5BAEAAAAALAAAAAABAAEAAAIBRAA7\" data-src=\"https:\/\/wncri.org\/fr\/wp-content\/uploads\/2020\/05\/\u0632\u0647\u0631\u0627-\u0622\u0628\u0633\u0627\u0644\u0627\u0646-\u067e\u0631\u0633\u062a\u0627\u0631-\u0628\u06cc\u0647\u0648\u0634-\u0634\u062f\u0647-1024x1024.jpg\" alt=\"Zahra Absalan\" width=\"1024\" height=\"1024\" \/><figcaption id=\"caption-attachment-10932\" class=\"wp-caption-text\"><noscript><img decoding=\"async\" class=\"wp-image-10932 size-large lazyload\" src=\"https:\/\/wncri.org\/fr\/wp-content\/uploads\/2020\/05\/\u0632\u0647\u0631\u0627-\u0622\u0628\u0633\u0627\u0644\u0627\u0646-\u067e\u0631\u0633\u062a\u0627\u0631-\u0628\u06cc\u0647\u0648\u0634-\u0634\u062f\u0647-1024x1024.jpg\" alt=\"Zahra Absalan\" width=\"1024\" height=\"1024\" srcset=\"https:\/\/wncri.org\/fr\/wp-content\/uploads\/2020\/05\/\u0632\u0647\u0631\u0627-\u0622\u0628\u0633\u0627\u0644\u0627\u0646-\u067e\u0631\u0633\u062a\u0627\u0631-\u0628\u06cc\u0647\u0648\u0634-\u0634\u062f\u0647-1024x1024.jpg 1024w, https:\/\/wncri.org\/fr\/wp-content\/uploads\/2020\/05\/\u0632\u0647\u0631\u0627-\u0622\u0628\u0633\u0627\u0644\u0627\u0646-\u067e\u0631\u0633\u062a\u0627\u0631-\u0628\u06cc\u0647\u0648\u0634-\u0634\u062f\u0647-300x300.jpg 300w, https:\/\/wncri.org\/fr\/wp-content\/uploads\/2020\/05\/\u0632\u0647\u0631\u0627-\u0622\u0628\u0633\u0627\u0644\u0627\u0646-\u067e\u0631\u0633\u062a\u0627\u0631-\u0628\u06cc\u0647\u0648\u0634-\u0634\u062f\u0647-150x150.jpg 150w, https:\/\/wncri.org\/fr\/wp-content\/uploads\/2020\/05\/\u0632\u0647\u0631\u0627-\u0622\u0628\u0633\u0627\u0644\u0627\u0646-\u067e\u0631\u0633\u062a\u0627\u0631-\u0628\u06cc\u0647\u0648\u0634-\u0634\u062f\u0647-768x768.jpg 768w, https:\/\/wncri.org\/fr\/wp-content\/uploads\/2020\/05\/\u0632\u0647\u0631\u0627-\u0622\u0628\u0633\u0627\u0644\u0627\u0646-\u067e\u0631\u0633\u062a\u0627\u0631-\u0628\u06cc\u0647\u0648\u0634-\u0634\u062f\u0647-75x75.jpg 75w, https:\/\/wncri.org\/fr\/wp-content\/uploads\/2020\/05\/\u0632\u0647\u0631\u0627-\u0622\u0628\u0633\u0627\u0644\u0627\u0646-\u067e\u0631\u0633\u062a\u0627\u0631-\u0628\u06cc\u0647\u0648\u0634-\u0634\u062f\u0647-750x750.jpg 750w, https:\/\/wncri.org\/fr\/wp-content\/uploads\/2020\/05\/\u0632\u0647\u0631\u0627-\u0622\u0628\u0633\u0627\u0644\u0627\u0646-\u067e\u0631\u0633\u062a\u0627\u0631-\u0628\u06cc\u0647\u0648\u0634-\u0634\u062f\u0647.jpg 1080w\" sizes=\"(max-width: 1024px) 100vw, 1024px\" \/><\/noscript> Zahra Absalan<\/figcaption><\/figure>\n<p>En attendant, le nombre de patients et de victimes de coronavirus en Iran augmente apr\u00e8s la le d\u00e9confinement pr\u00e9matur\u00e9.<\/p>\n<p>Tout le personnel du centre de sant\u00e9 de Vali-e-Asr, dans le village de Maniohi \u00e0 Abadan, a contract\u00e9 le Covid-19.<\/p>\n<p>Le personnel de ce centre de sant\u00e9 comprend trois m\u00e9decins et cinq infirmi\u00e8res. Le centre de sant\u00e9 a \u00e9t\u00e9 ferm\u00e9 et les patients ont \u00e9t\u00e9 invit\u00e9s \u00e0 se rendre dans un autre centre.<\/p>\n<p>Selon un t\u00e9moin, la sc\u00e8ne a \u00e9t\u00e9 tr\u00e8s p\u00e9nible \u00e0 voir. Une jeune infirmi\u00e8re a \u00e9t\u00e9 tr\u00e8s boulevers\u00e9e lorsqu&#8217;elle a appris qu&#8217;elle avait \u00e9t\u00e9 infect\u00e9e par le coronavirus. Une autre infirmi\u00e8re a courageusement saisi un commandant des forces de s\u00e9curit\u00e9 de l&#8217;\u00c9tat qui se trouvait sur les lieux et lui a ordonn\u00e9 de partir.<\/p>\n<p>\u00ab\u00a0Tout ce personnel est en train de mourir parce que les autorit\u00e9s ont \u00e9t\u00e9 n\u00e9gligentes. J&#8217;ai trois enfants, et si je contracte le virus, soyez assur\u00e9s que je vous le transmettrai, car vous avez tourment\u00e9 les gens\u00a0\u00bb, lui a-t-elle jet\u00e9.<\/p>\n<p>Les responsables de la s\u00e9curit\u00e9 du centre de sant\u00e9 ont interdit aux gens de filmer ou de prendre des photos.<\/p>\n<p>Maniohi est un village du district d&#8217;Arvandkenar et l&#8217;un des villages les plus critiques d&#8217;Abadan.<\/p>\n<p>&nbsp;<\/p>\n","protected":false},"excerpt":{"rendered":"<p>CNRI Femmes &#8211; Pour la Journ\u00e9e internationale des infirmi\u00e8res, une infirmi\u00e8re d\u00e9vou\u00e9e du nom de Zahra (Behnaz) Mostaedi est d\u00e9c\u00e9d\u00e9e \u00e0 l&#8217;h\u00f4pital Labafinejad de T\u00e9h\u00e9ran. Cette infirmi\u00e8re de 42 ans a \u00e9t\u00e9 foudroy\u00e9e par un arr\u00eat cardiaque d\u00fb \u00e0 la pression du travail. Behnaz Mostaedi travaillait dans l&#8217;unit\u00e9 de soins intensifs de l&#8217;h\u00f4pital, s&#8217;occupant des [&hellip;]<\/p>\n","protected":false},"author":4,"featured_media":10931,"comment_status":"open","ping_status":"open","sticky":false,"template":"","format":"standard","meta":{"jnews-multi-image_gallery":[],"jnews_single_post":{"subtitle":"","format":"standard","video":"","gallery":"","source_name":"","source_url":"","via_name":"","via_url":"","override_template":"0","override":[{"template":"1","single_blog_custom":"","parallax":"1","fullscreen":"0","layout":"right-sidebar","sidebar":"default-sidebar","second_sidebar":"default-sidebar","sticky_sidebar":"1","share_position":"top","share_float_style":"share-monocrhome","show_share_counter":"1","show_view_counter":"1","show_featured":"1","show_post_meta":"1","show_post_author":"1","show_post_author_image":"1","show_post_date":"1","post_date_format":"default","post_date_format_custom":"Y\/m\/d","show_post_category":"1","show_post_reading_time":"0","post_reading_time_wpm":"300","show_zoom_button":"0","zoom_button_out_step":"2","zoom_button_in_step":"3","show_post_tag":"1","show_prev_next_post":"1","show_popup_post":"1","number_popup_post":"1","show_author_box":"0","show_post_related":"0","show_inline_post_related":"0"}],"override_image_size":"0","image_override":[{"single_post_thumbnail_size":"crop-500","single_post_gallery_size":"crop-500"}],"trending_post":"0","trending_post_position":"meta","trending_post_label":"Trending","sponsored_post":"0","sponsored_post_label":"Sponsored by","sponsored_post_name":"","sponsored_post_url":"","sponsored_post_logo_enable":"0","sponsored_post_logo":"","sponsored_post_desc":""},"jnews_primary_category":{"id":""},"jnews_social_meta":[],"jnews_override_counter":{"override_view_counter":"0","view_counter_number":"0","override_share_counter":"0","share_counter_number":"0","override_like_counter":"0","like_counter_number":"0","override_dislike_counter":"0","dislike_counter_number":"0"},"footnotes":""},"categories":[3],"tags":[374],"class_list":["post-10930","post","type-post","status-publish","format-standard","has-post-thumbnail","hentry","category-infos-des-femmes","tag-coronavirus"],"_links":{"self":[{"href":"https:\/\/wncri.org\/fr\/wp-json\/wp\/v2\/posts\/10930","targetHints":{"allow":["GET"]}}],"collection":[{"href":"https:\/\/wncri.org\/fr\/wp-json\/wp\/v2\/posts"}],"about":[{"href":"https:\/\/wncri.org\/fr\/wp-json\/wp\/v2\/types\/post"}],"author":[{"embeddable":true,"href":"https:\/\/wncri.org\/fr\/wp-json\/wp\/v2\/users\/4"}],"replies":[{"embeddable":true,"href":"https:\/\/wncri.org\/fr\/wp-json\/wp\/v2\/comments?post=10930"}],"version-history":[{"count":0,"href":"https:\/\/wncri.org\/fr\/wp-json\/wp\/v2\/posts\/10930\/revisions"}],"wp:featuredmedia":[{"embeddable":true,"href":"https:\/\/wncri.org\/fr\/wp-json\/wp\/v2\/media\/10931"}],"wp:attachment":[{"href":"https:\/\/wncri.org\/fr\/wp-json\/wp\/v2\/media?parent=10930"}],"wp:term":[{"taxonomy":"category","embeddable":true,"href":"https:\/\/wncri.org\/fr\/wp-json\/wp\/v2\/categories?post=10930"},{"taxonomy":"post_tag","embeddable":true,"href":"https:\/\/wncri.org\/fr\/wp-json\/wp\/v2\/tags?post=10930"}],"curies":[{"name":"wp","href":"https:\/\/api.w.org\/{rel}","templated":true}]}}