{"id":10878,"date":"2020-05-08T13:47:45","date_gmt":"2020-05-08T11:47:45","guid":{"rendered":"https:\/\/wncri.org\/fr\/?p=10878"},"modified":"2020-05-08T13:48:50","modified_gmt":"2020-05-08T11:48:50","slug":"la-prisonniere-politique-fatemeh-mosanna-renvoyee-en-prison-malgre-lepidemie-de-covid-19","status":"publish","type":"post","link":"https:\/\/wncri.org\/fr\/2020\/05\/08\/la-prisonniere-politique-fatemeh-mosanna-renvoyee-en-prison-malgre-lepidemie-de-covid-19\/","title":{"rendered":"La prisonni\u00e8re politique Fatemeh Mosanna renvoy\u00e9e en prison malgr\u00e9 l\u2019\u00e9pid\u00e9mie de Covid-19"},"content":{"rendered":"<p>CNRI Femmes &#8211; La prisonni\u00e8re politique <a href=\"https:\/\/wncri.org\/fr\/2019\/11\/05\/la-prisonniere-politique-fatemeh-mosanna-privee-de-visite-a-son-mari\/\" target=\"_blank\" rel=\"noopener noreferrer\">Fatemeh Mosanna<\/a> a \u00e9t\u00e9 arr\u00eat\u00e9e le 6 mai 2020 par des agents du parquet et renvoy\u00e9e \u00e0 la prison d&#8217;Evine de T\u00e9h\u00e9ran pour y purger sa peine. Elle avait \u00e9t\u00e9 lib\u00e9r\u00e9e sous caution du quartier des femmes le 31 mars 2020.<\/p>\n<p>Selon une source proche de la famille de cette prisonni\u00e8re politique, les agents se sont pr\u00e9sent\u00e9s comme des agents du parquet avant de passer les menottes \u00e0 Fatemeh Mosanna. Dans le cadre de cet acte brutal, ils ont arr\u00eat\u00e9 Mme Mosanna sans pr\u00e9avis, et devant sa fille et son fils, le 6 mai 2020.<\/p>\n<p>Le 28 janvier 2013, Fatemeh Mosanna et son mari Hassan Sadeghi ont \u00e9t\u00e9 arr\u00eat\u00e9s avec leurs deux enfants, car ils avaient organis\u00e9 un service fun\u00e9raire pour le p\u00e8re de Hassan Sadeghi, qui \u00e9tait membre de <a href=\"https:\/\/english.mojahedin.org\/i\/primer-the-history-the-peoples-mojahedin-organization-iran\" target=\"_blank\" rel=\"noopener noreferrer\">l&#8217;Organisation des Moudjahidines du peuple d&#8217;Iran<\/a> (OMPI\/MEK).<\/p>\n<p>Au moment de l&#8217;arrestation, les autorit\u00e9s ont scell\u00e9 leur domicile. Leur fille a \u00e9t\u00e9 lib\u00e9r\u00e9e de prison au bout de trois jours, et leur fils, mineur, a \u00e9t\u00e9 lib\u00e9r\u00e9 apr\u00e8s environ un mois et demi d&#8217;interrogatoire.<\/p>\n<p>Fatemeh Mosanna a \u00e9t\u00e9 maintenue \u00e0 l&#8217;isolement dans le quartier 209 de la prison d&#8217;Evine pendant environ cinq mois. Apr\u00e8s un an de d\u00e9tention et d&#8217;interrogatoire, elle a \u00e9t\u00e9 lib\u00e9r\u00e9e sous caution, en attendant son proc\u00e8s.<\/p>\n<p>Le tribunal r\u00e9volutionnaire de T\u00e9h\u00e9ran l\u2019a condamn\u00e9e avec son mari \u00e0 15 ans de prison chacun. Fatemeh Mosanna a \u00e9t\u00e9 arr\u00eat\u00e9e le 30 septembre 2015 et incarc\u00e9r\u00e9e \u00e0 Evine.<\/p>\n<p>&nbsp;<\/p>\n<p>Par ailleurs, la militante syndicale <a href=\"https:\/\/wncri.org\/fr\/2019\/08\/20\/le-fouet-et-7-ans-de-prison-pour-la-syndicaliste-nasrin-javadi-en-iran\/\" target=\"_blank\" rel=\"noopener noreferrer\">Nasrin Javadi<\/a> qui qui avait \u00e9t\u00e9 arr\u00eat\u00e9e lors d&#8217;un rassemblement \u00e0 l&#8217;occasion de la Journ\u00e9e internationale du Travail en 2018, a \u00e9t\u00e9 condamn\u00e9e par une cour d&#8217;appel \u00e0 cinq ans de prison. Nasrin Javadi est membre du Syndicat libre d&#8217;Iran. La militante syndicale avait auparavant \u00e9t\u00e9 condamn\u00e9e \u00e0 74 coups de fouet et \u00e0 sept ans de prison.<\/p>\n<p>&nbsp;<\/p>\n<p>&nbsp;<\/p>\n","protected":false},"excerpt":{"rendered":"<p>CNRI Femmes &#8211; La prisonni\u00e8re politique Fatemeh Mosanna a \u00e9t\u00e9 arr\u00eat\u00e9e le 6 mai 2020 par des agents du parquet et renvoy\u00e9e \u00e0 la prison d&#8217;Evine de T\u00e9h\u00e9ran pour y purger sa peine. Elle avait \u00e9t\u00e9 lib\u00e9r\u00e9e sous caution du quartier des femmes le 31 mars 2020. Selon une source proche de la famille de [&hellip;]<\/p>\n","protected":false},"author":4,"featured_media":10879,"comment_status":"open","ping_status":"open","sticky":false,"template":"","format":"standard","meta":{"jnews-multi-image_gallery":[],"jnews_single_post":{"subtitle":"","format":"standard","video":"","gallery":"","source_name":"","source_url":"","via_name":"","via_url":"","override_template":"0","override":[{"template":"1","single_blog_custom":"","parallax":"1","fullscreen":"0","layout":"right-sidebar","sidebar":"default-sidebar","second_sidebar":"default-sidebar","sticky_sidebar":"1","share_position":"top","share_float_style":"share-monocrhome","show_share_counter":"1","show_view_counter":"1","show_featured":"1","show_post_meta":"1","show_post_author":"1","show_post_author_image":"1","show_post_date":"1","post_date_format":"default","post_date_format_custom":"Y\/m\/d","show_post_category":"1","show_post_reading_time":"0","post_reading_time_wpm":"300","show_zoom_button":"0","zoom_button_out_step":"2","zoom_button_in_step":"3","show_post_tag":"1","show_prev_next_post":"1","show_popup_post":"1","number_popup_post":"1","show_author_box":"0","show_post_related":"0","show_inline_post_related":"0"}],"override_image_size":"0","image_override":[{"single_post_thumbnail_size":"crop-500","single_post_gallery_size":"crop-500"}],"trending_post":"0","trending_post_position":"meta","trending_post_label":"Trending","sponsored_post":"0","sponsored_post_label":"Sponsored by","sponsored_post_name":"","sponsored_post_url":"","sponsored_post_logo_enable":"0","sponsored_post_logo":"","sponsored_post_desc":""},"jnews_primary_category":{"id":""},"jnews_social_meta":[],"jnews_override_counter":{"override_view_counter":"0","view_counter_number":"0","override_share_counter":"0","share_counter_number":"0","override_like_counter":"0","like_counter_number":"0","override_dislike_counter":"0","dislike_counter_number":"0"},"footnotes":""},"categories":[3],"tags":[],"class_list":["post-10878","post","type-post","status-publish","format-standard","has-post-thumbnail","hentry","category-infos-des-femmes"],"_links":{"self":[{"href":"https:\/\/wncri.org\/fr\/wp-json\/wp\/v2\/posts\/10878","targetHints":{"allow":["GET"]}}],"collection":[{"href":"https:\/\/wncri.org\/fr\/wp-json\/wp\/v2\/posts"}],"about":[{"href":"https:\/\/wncri.org\/fr\/wp-json\/wp\/v2\/types\/post"}],"author":[{"embeddable":true,"href":"https:\/\/wncri.org\/fr\/wp-json\/wp\/v2\/users\/4"}],"replies":[{"embeddable":true,"href":"https:\/\/wncri.org\/fr\/wp-json\/wp\/v2\/comments?post=10878"}],"version-history":[{"count":0,"href":"https:\/\/wncri.org\/fr\/wp-json\/wp\/v2\/posts\/10878\/revisions"}],"wp:featuredmedia":[{"embeddable":true,"href":"https:\/\/wncri.org\/fr\/wp-json\/wp\/v2\/media\/10879"}],"wp:attachment":[{"href":"https:\/\/wncri.org\/fr\/wp-json\/wp\/v2\/media?parent=10878"}],"wp:term":[{"taxonomy":"category","embeddable":true,"href":"https:\/\/wncri.org\/fr\/wp-json\/wp\/v2\/categories?post=10878"},{"taxonomy":"post_tag","embeddable":true,"href":"https:\/\/wncri.org\/fr\/wp-json\/wp\/v2\/tags?post=10878"}],"curies":[{"name":"wp","href":"https:\/\/api.w.org\/{rel}","templated":true}]}}