{"id":10852,"date":"2020-05-04T10:04:17","date_gmt":"2020-05-04T08:04:17","guid":{"rendered":"https:\/\/wncri.org\/fr\/?p=10852"},"modified":"2020-05-05T16:06:04","modified_gmt":"2020-05-05T14:06:04","slug":"la-prisonniere-politique-fatemeh-sepehri-demande-justice-et-la-fin-des-mollahs","status":"publish","type":"post","link":"https:\/\/wncri.org\/fr\/2020\/05\/04\/la-prisonniere-politique-fatemeh-sepehri-demande-justice-et-la-fin-des-mollahs\/","title":{"rendered":"La prisonni\u00e8re politique Fatemeh Sepehri demande justice et la fin des mollahs"},"content":{"rendered":"<p>CNRI Femmes &#8211; Dans un message de la prison diffus\u00e9 le 3 mai 2020, la prisonni\u00e8re politique Fatemeh Sepehri a appel\u00e9 les Iraniens \u00e0 rejoindre et soutenir les prisonniers politiques dans leur demande de justice.<\/p>\n<p>Rejetant <a href=\"https:\/\/wncri.org\/fr\/2020\/04\/01\/fatemeh-sepehri-condamnee-a-35-ans-de-prison-pour-avoir-demande-la-demission-de-khamenei\/\" target=\"_blank\" rel=\"noopener noreferrer\">les charges qui p\u00e8sent<\/a> contre elle, Mme Sepehri a soulign\u00e9 : \u00ab\u00a0dans les prisons et les tribunaux de la R\u00e9publique islamique, ils se comportent plus mal que Staline, et plus mal que tout autre r\u00e9gime que le monde ait jamais connu, (pour ce qu&#8217;ils ont fait) avec la vie et les biens des gens. Et ils ne ressentent aucune honte. Ils ne comprennent ni l&#8217;humanit\u00e9 ni l&#8217;islam.\u00a0\u00bb<\/p>\n<p>Fatemeh Sepehri est actuellement d\u00e9tenue dans le quartier des femmes de la prison de Vakilabad \u00e0 Mashhad pour une peine de 3 ans et 6 mois. Le texte complet de son message audio suit :<\/p>\n<p>\u00ab\u00a0En tant que l&#8217;une de celles qui ont \u00e9t\u00e9 emprisonn\u00e9es, en tant que l&#8217;une de celles qui ont \u00e9t\u00e9 accus\u00e9es de d\u00e9lits que je n&#8217;ai jamais faits ni commis (\u2026) je suis l&#8217;une des plaignantes et je veux faire savoir au reste des gens et au monde que dans les prisons et les tribunaux de la R\u00e9publique islamique, ils se sont comport\u00e9s plus mal que Staline, et plus mal que tout autre r\u00e9gime que le monde ait jamais connu, (pour ce qu&#8217;ils ont fait) avec la vie et les biens des gens. Et ils ne ressentent aucune honte. Ils ne comprennent ni l&#8217;humanit\u00e9 ni l&#8217;Islam. Je suis tr\u00e8s troubl\u00e9 par cela.<\/p>\n<p>\u00ab\u00a0Les laquais de Khamenei ont \u00e9galement r\u00e9pandu des rumeurs selon lesquelles ils veulent lib\u00e9rer Fatemeh Sepehri parce qu&#8217;elle est la veuve d&#8217;un martyr. Je n&#8217;accepterais jamais chose pareille.<\/p>\n<p>\u00ab\u00a0Je suis en prison depuis plus de huit mois. J&#8217;ai \u00e9t\u00e9 d\u00e9tenu pendant 50 jours au d\u00e9partement du renseignement et en isolement. J&#8217;ai v\u00e9cu des moments difficiles, mais je suis heureuse d&#8217;avoir pu faire entendre ma voix au monde et au peuple iranien.<\/p>\n<p>&nbsp;<\/p>\n<p>\u00ab\u00a0J&#8217;appelle tout le peuple (d&#8217;Iran) \u00e0 soutenir cet appel \u00e0 la justice lanc\u00e9 par des gens comme moi, celles et ceux qui \u00e9taient avant nous et celles et ceux qui sont toujours en prison. Celles et ceux qui ont perdu la vie et que les familles n&#8217;ont pas \u00e9t\u00e9 autoris\u00e9s \u00e0 pleurer dans une c\u00e9r\u00e9monie ni m\u00eame \u00e0 voir leurs d\u00e9pouilles.<\/p>\n<p>\u00ab\u00a0Je vous appelle toutes et tous \u00e0 aider, m\u00eame si c&#8217;est pour eux-m\u00eames. Aidez-nous \u00e0 nous d\u00e9barrasser de cette situation. 41 ans, cela suffit pour toute l&#8217;histoire de l&#8217;Iran et des Iraniens qui veulent vivre (en paix).<\/p>\n<p>La prisonni\u00e8re politique Fatemeh Sepehri a \u00e9t\u00e9 <a href=\"https:\/\/wncri.org\/fr\/2019\/08\/15\/cinq-femmes-parmi-les-manifestants-arretes-a-machad-en-iran\/\" target=\"_blank\" rel=\"noopener noreferrer\">arr\u00eat\u00e9e le 11 ao\u00fbt 2019<\/a> en marge du proc\u00e8s d&#8217;un professeur d&#8217;universit\u00e9 \u00e0 Machad par la Cour d&#8217;appel. Quinze militants, dont cinq femmes, ont \u00e9t\u00e9 arr\u00eat\u00e9s lors de cet incident pour avoir sign\u00e9 une lettre adress\u00e9e au guide des mollahs, Ali Khamenei, exigeant sa d\u00e9mission.<\/p>\n<p>L&#8217;agence Fars a confirm\u00e9 la nouvelle de leur arrestation le 11 ao\u00fbt 2019 et a \u00e9crit qu&#8217;ils \u00e9taient accus\u00e9s de \u00ab\u00a0porter atteinte \u00e0 la s\u00e9curit\u00e9 du pays\u00a0\u00bb et \u00ab\u00a0d&#8217;avoir des liens avec des groupes d&#8217;insurg\u00e9s\u00a0\u00bb.<\/p>\n<p>Fatemeh Sepehri a \u00e9t\u00e9 transf\u00e9r\u00e9e de la prison de Vakilabad au D\u00e9partement du renseignement de Machad le 14 ao\u00fbt et y a \u00e9t\u00e9 d\u00e9tenue pendant 50 jours. Puis, le 29 septembre 2019, elle a \u00e9t\u00e9 transf\u00e9r\u00e9e dans le quartier des femmes de la prison de Vakilabad o\u00f9 on lui a refus\u00e9 des visites et des appels t\u00e9l\u00e9phoniques pendant 12 jours suppl\u00e9mentaires.<\/p>\n<p>Le 29 mars 2020, la 35e section de la Cour d&#8217;appel de la province de Khorassan-Razavi a condamn\u00e9 \u00e0 de lourdes peines Fatemeh Sepehri, Hachem Khastar, enseignant d\u00e9fenseur de la libert\u00e9, Mohammad Nourizad et Mohammad Hossein Sepehri. Ils ont \u00e9t\u00e9 accus\u00e9s d&#8217;\u00a0\u00ab\u00a0appartenance \u00e0 des groupes d&#8217;opposition pour perturber la s\u00e9curit\u00e9 nationale\u00a0\u00bb et d&#8217;\u00a0\u00ab\u00a0activit\u00e9s de propagande contre l&#8217;\u00c9tat\u00a0\u00bb.<\/p>\n<p>Le quartier des femmes de la prison de Vakilabad serait infect\u00e9 par le coronavirus, et les d\u00e9tenues n&#8217;ont pas de produits sanitaires ni masques ni gants pour se prot\u00e9ger. La densit\u00e9 de la population dans chaque quartier contribue \u00e0 acc\u00e9l\u00e9rer la transmission et la propagation du virus.<\/p>\n","protected":false},"excerpt":{"rendered":"<p>CNRI Femmes &#8211; Dans un message de la prison diffus\u00e9 le 3 mai 2020, la prisonni\u00e8re politique Fatemeh Sepehri a appel\u00e9 les Iraniens \u00e0 rejoindre et soutenir les prisonniers politiques dans leur demande de justice. Rejetant les charges qui p\u00e8sent contre elle, Mme Sepehri a soulign\u00e9 : \u00ab\u00a0dans les prisons et les tribunaux de la [&hellip;]<\/p>\n","protected":false},"author":4,"featured_media":10853,"comment_status":"open","ping_status":"open","sticky":false,"template":"","format":"standard","meta":{"jnews-multi-image_gallery":[],"jnews_single_post":{"subtitle":"","format":"standard","video":"","gallery":"","source_name":"","source_url":"","via_name":"","via_url":"","override_template":"0","override":[{"template":"1","single_blog_custom":"","parallax":"1","fullscreen":"0","layout":"right-sidebar","sidebar":"default-sidebar","second_sidebar":"default-sidebar","sticky_sidebar":"1","share_position":"top","share_float_style":"share-monocrhome","show_share_counter":"1","show_view_counter":"1","show_featured":"1","show_post_meta":"1","show_post_author":"1","show_post_author_image":"1","show_post_date":"1","post_date_format":"default","post_date_format_custom":"Y\/m\/d","show_post_category":"1","show_post_reading_time":"0","post_reading_time_wpm":"300","show_zoom_button":"0","zoom_button_out_step":"2","zoom_button_in_step":"3","show_post_tag":"1","show_prev_next_post":"1","show_popup_post":"1","number_popup_post":"1","show_author_box":"0","show_post_related":"0","show_inline_post_related":"0"}],"override_image_size":"0","image_override":[{"single_post_thumbnail_size":"crop-500","single_post_gallery_size":"crop-500"}],"trending_post":"0","trending_post_position":"meta","trending_post_label":"Trending","sponsored_post":"0","sponsored_post_label":"Sponsored by","sponsored_post_name":"","sponsored_post_url":"","sponsored_post_logo_enable":"0","sponsored_post_logo":"","sponsored_post_desc":""},"jnews_primary_category":{"id":""},"jnews_social_meta":[],"jnews_override_counter":{"override_view_counter":"0","view_counter_number":"0","override_share_counter":"0","share_counter_number":"0","override_like_counter":"0","like_counter_number":"0","override_dislike_counter":"0","dislike_counter_number":"0"},"footnotes":""},"categories":[3],"tags":[374,370],"class_list":["post-10852","post","type-post","status-publish","format-standard","has-post-thumbnail","hentry","category-infos-des-femmes","tag-coronavirus","tag-prisonnieres"],"_links":{"self":[{"href":"https:\/\/wncri.org\/fr\/wp-json\/wp\/v2\/posts\/10852","targetHints":{"allow":["GET"]}}],"collection":[{"href":"https:\/\/wncri.org\/fr\/wp-json\/wp\/v2\/posts"}],"about":[{"href":"https:\/\/wncri.org\/fr\/wp-json\/wp\/v2\/types\/post"}],"author":[{"embeddable":true,"href":"https:\/\/wncri.org\/fr\/wp-json\/wp\/v2\/users\/4"}],"replies":[{"embeddable":true,"href":"https:\/\/wncri.org\/fr\/wp-json\/wp\/v2\/comments?post=10852"}],"version-history":[{"count":0,"href":"https:\/\/wncri.org\/fr\/wp-json\/wp\/v2\/posts\/10852\/revisions"}],"wp:featuredmedia":[{"embeddable":true,"href":"https:\/\/wncri.org\/fr\/wp-json\/wp\/v2\/media\/10853"}],"wp:attachment":[{"href":"https:\/\/wncri.org\/fr\/wp-json\/wp\/v2\/media?parent=10852"}],"wp:term":[{"taxonomy":"category","embeddable":true,"href":"https:\/\/wncri.org\/fr\/wp-json\/wp\/v2\/categories?post=10852"},{"taxonomy":"post_tag","embeddable":true,"href":"https:\/\/wncri.org\/fr\/wp-json\/wp\/v2\/tags?post=10852"}],"curies":[{"name":"wp","href":"https:\/\/api.w.org\/{rel}","templated":true}]}}