{"id":10843,"date":"2020-05-02T14:12:16","date_gmt":"2020-05-02T12:12:16","guid":{"rendered":"https:\/\/wncri.org\/fr\/?p=10843"},"modified":"2020-05-03T14:14:49","modified_gmt":"2020-05-03T12:14:49","slug":"la-prisonniere-politique-zeinab-jalalian-transferee-a-la-prison-de-qarchak","status":"publish","type":"post","link":"https:\/\/wncri.org\/fr\/2020\/05\/02\/la-prisonniere-politique-zeinab-jalalian-transferee-a-la-prison-de-qarchak\/","title":{"rendered":"La prisonni\u00e8re politique Zeinab Jalalian transf\u00e9r\u00e9e \u00e0 la prison de Qarchak"},"content":{"rendered":"<p>CNRI &#8211; La prisonni\u00e8re politique Zeinab Jalalian a \u00e9t\u00e9 transf\u00e9r\u00e9e \u00e0 la prison de Qarchak en Iran :\u00a0 des informations datant du 2 mai 2020 indiquent que Zeinab Jalalian a \u00e9t\u00e9 transf\u00e9r\u00e9e dans le quartier de quarantaine de la prison de Qarchak \u00e0 Varamine.<\/p>\n<p>Le 27 avril, la d\u00e9tenue a \u00e9t\u00e9 <a href=\"https:\/\/wncri.org\/fr\/2020\/04\/29\/la-prisonniere-politique-kurde-zeinab-jalalian-transferee-de-la-prison-de-khoy\/\" target=\"_blank\" rel=\"noopener noreferrer\">emmen\u00e9e de force<\/a> \u00e0 la prison de Khoy vers un lieu inconnu pour des raisons non d\u00e9voil\u00e9es.<\/p>\n<p>\u00ab\u00a0Apr\u00e8s avoir quitt\u00e9 la prison de Khoy, Zeinab a d&#8217;abord \u00e9t\u00e9 transf\u00e9r\u00e9e \u00e0 la prison d\u2019Oroumieh, puis \u00e0 Kermanchah, puis \u00e0 la prison d&#8217;Evine, et enfin au quartier de quarantaine de Qarchak dans la ville de Varamine.<\/p>\n<p>\u00ab\u00a0Son transfert dans ce quartier intervient alors qu&#8217;environ 80 prisonni\u00e8res r\u00e9cemment transf\u00e9r\u00e9es \u00e0 la prison de Qarchak y sont actuellement d\u00e9tenues. En raison de l\u2019\u00e9pid\u00e9mie du coronavirus dans les prisons, sa famille est tr\u00e8s pr\u00e9occup\u00e9e par son \u00e9tat\u00a0\u00bb, a d\u00e9clar\u00e9 une source proche de la famille Jalalian.<\/p>\n<p>Zeinab Jalalian a purg\u00e9 13 ann\u00e9es de sa peine \u00e0 perp\u00e9tuit\u00e9 \u00e0 la prison de Khoy. Elle est en mauvaise condition physique et souffre d&#8217;affections telles que le pt\u00e9rygion, le muguet (candidose buccale) et d&#8217;autres infections graves. Elle souffre \u00e9galement de maladies intestinales et gastriques et d&#8217;une grave hypertension.<\/p>\n<p>Dans un appel \u00e0 une action urgente le 15 juin 2018, Amnesty International a d\u00e9clar\u00e9 qu\u2019interdire l&#8217;acc\u00e8s aux soins m\u00e9dicaux \u00e0 Zeinab Jalalian revient \u00e0 lui faire subir des tortures.<\/p>\n<p>Selon <a href=\"https:\/\/wncri.org\/fr\/2018\/06\/19\/zeinab-jalalian-victime-de-torture-en-iran-selon-amnesty-international\/\" target=\"_blank\" rel=\"noopener noreferrer\">Amnesty International<\/a>, Zeynab Jalalian souffre \u00e9galement de probl\u00e8mes cardiaques, intestinaux et r\u00e9naux, ainsi que d&#8217;un muguet buccal qui lui a caus\u00e9 des bosses blanches douloureuses sur la langue et entrave sa capacit\u00e9 \u00e0 manger et \u00e0 avaler. Elle risque de perdre la vue en prison, car on lui refuse une op\u00e9ration pour une affection oculaire qui s&#8217;aggrave, le pt\u00e9rygion, qui alt\u00e8re sa vision et lui cause un grave inconfort.<\/p>\n<p>Amnesty ajoute qu\u2019elle a demand\u00e9 \u00e0 plusieurs reprises aux autorit\u00e9s p\u00e9nitentiaires de l&#8217;emmener dans un h\u00f4pital \u00e0 l&#8217;ext\u00e9rieur de la prison pour y subir des tests sp\u00e9cialis\u00e9s et y recevoir un traitement pour ses probl\u00e8mes de sant\u00e9, mais les autorit\u00e9s ont soit rejet\u00e9 cat\u00e9goriquement ses demandes, soit les ont accept\u00e9es \u00e0 condition qu&#8217;elle fasse des \u00ab\u00a0aveux\u00a0\u00bb enregistr\u00e9s sur vid\u00e9o.<\/p>\n","protected":false},"excerpt":{"rendered":"<p>CNRI &#8211; La prisonni\u00e8re politique Zeinab Jalalian a \u00e9t\u00e9 transf\u00e9r\u00e9e \u00e0 la prison de Qarchak en Iran :\u00a0 des informations datant du 2 mai 2020 indiquent que Zeinab Jalalian a \u00e9t\u00e9 transf\u00e9r\u00e9e dans le quartier de quarantaine de la prison de Qarchak \u00e0 Varamine. Le 27 avril, la d\u00e9tenue a \u00e9t\u00e9 emmen\u00e9e de force \u00e0 [&hellip;]<\/p>\n","protected":false},"author":4,"featured_media":10844,"comment_status":"open","ping_status":"open","sticky":false,"template":"","format":"standard","meta":{"jnews-multi-image_gallery":[],"jnews_single_post":{"subtitle":"","format":"standard","video":"","gallery":"","source_name":"","source_url":"","via_name":"","via_url":"","override_template":"0","override":[{"template":"1","single_blog_custom":"","parallax":"1","fullscreen":"0","layout":"right-sidebar","sidebar":"default-sidebar","second_sidebar":"default-sidebar","sticky_sidebar":"1","share_position":"top","share_float_style":"share-monocrhome","show_share_counter":"1","show_view_counter":"1","show_featured":"1","show_post_meta":"1","show_post_author":"1","show_post_author_image":"1","show_post_date":"1","post_date_format":"default","post_date_format_custom":"Y\/m\/d","show_post_category":"1","show_post_reading_time":"0","post_reading_time_wpm":"300","show_zoom_button":"0","zoom_button_out_step":"2","zoom_button_in_step":"3","show_post_tag":"1","show_prev_next_post":"1","show_popup_post":"1","number_popup_post":"1","show_author_box":"0","show_post_related":"0","show_inline_post_related":"0"}],"override_image_size":"0","image_override":[{"single_post_thumbnail_size":"crop-500","single_post_gallery_size":"crop-500"}],"trending_post":"0","trending_post_position":"meta","trending_post_label":"Trending","sponsored_post":"0","sponsored_post_label":"Sponsored by","sponsored_post_name":"","sponsored_post_url":"","sponsored_post_logo_enable":"0","sponsored_post_logo":"","sponsored_post_desc":""},"jnews_primary_category":{"id":""},"jnews_social_meta":[],"jnews_override_counter":{"override_view_counter":"0","view_counter_number":"0","override_share_counter":"0","share_counter_number":"0","override_like_counter":"0","like_counter_number":"0","override_dislike_counter":"0","dislike_counter_number":"0"},"footnotes":""},"categories":[3],"tags":[370,375],"class_list":["post-10843","post","type-post","status-publish","format-standard","has-post-thumbnail","hentry","category-infos-des-femmes","tag-prisonnieres","tag-voile-obligatoire"],"_links":{"self":[{"href":"https:\/\/wncri.org\/fr\/wp-json\/wp\/v2\/posts\/10843","targetHints":{"allow":["GET"]}}],"collection":[{"href":"https:\/\/wncri.org\/fr\/wp-json\/wp\/v2\/posts"}],"about":[{"href":"https:\/\/wncri.org\/fr\/wp-json\/wp\/v2\/types\/post"}],"author":[{"embeddable":true,"href":"https:\/\/wncri.org\/fr\/wp-json\/wp\/v2\/users\/4"}],"replies":[{"embeddable":true,"href":"https:\/\/wncri.org\/fr\/wp-json\/wp\/v2\/comments?post=10843"}],"version-history":[{"count":0,"href":"https:\/\/wncri.org\/fr\/wp-json\/wp\/v2\/posts\/10843\/revisions"}],"wp:featuredmedia":[{"embeddable":true,"href":"https:\/\/wncri.org\/fr\/wp-json\/wp\/v2\/media\/10844"}],"wp:attachment":[{"href":"https:\/\/wncri.org\/fr\/wp-json\/wp\/v2\/media?parent=10843"}],"wp:term":[{"taxonomy":"category","embeddable":true,"href":"https:\/\/wncri.org\/fr\/wp-json\/wp\/v2\/categories?post=10843"},{"taxonomy":"post_tag","embeddable":true,"href":"https:\/\/wncri.org\/fr\/wp-json\/wp\/v2\/tags?post=10843"}],"curies":[{"name":"wp","href":"https:\/\/api.w.org\/{rel}","templated":true}]}}