{"id":10818,"date":"2020-04-29T16:08:57","date_gmt":"2020-04-29T14:08:57","guid":{"rendered":"https:\/\/wncri.org\/fr\/?p=10818"},"modified":"2020-04-30T16:12:11","modified_gmt":"2020-04-30T14:12:11","slug":"la-prisonniere-politique-kurde-zeinab-jalalian-transferee-de-la-prison-de-khoy","status":"publish","type":"post","link":"https:\/\/wncri.org\/fr\/2020\/04\/29\/la-prisonniere-politique-kurde-zeinab-jalalian-transferee-de-la-prison-de-khoy\/","title":{"rendered":"La prisonni\u00e8re politique kurde Zeinab Jalalian transf\u00e9r\u00e9e de la prison de Khoy"},"content":{"rendered":"<p>CNRI Femmes &#8211; Les forces de s\u00e9curit\u00e9 de la prison de Khoy en Iran ont brusquement transf\u00e9r\u00e9 la prisonni\u00e8re politique kurde Zeinab Jalalian vers un lieu tenu secret.<\/p>\n<p>Dans la matin\u00e9e du mardi 27 avril 2020, les forces de s\u00e9curit\u00e9 ont emmen\u00e9 Zeinab Jalalian hors de la <a href=\"https:\/\/wncri.org\/fr\/2018\/12\/02\/zeinab-jalalian-detenue-politique-victime-de-violences-en-iran\/\" target=\"_blank\" rel=\"noopener noreferrer\">maison d\u2019arr\u00eat de Khoy<\/a> sans donner de raisons pr\u00e9cises. Ses parents se sont rendus \u00e0 la prison d\u00e8s qu&#8217;ils ont appris le transfert de leur fille et ont exig\u00e9 une explication. Les responsables ont r\u00e9pondu en disant qu&#8217;ils envisageaient d&#8217;ouvrir un nouveau dossier contre la prisonni\u00e8re politique.<\/p>\n<p>&nbsp;<\/p>\n<p>On soup\u00e7onne que la prisonni\u00e8re politique Zeinab, a \u00e9t\u00e9 transf\u00e9r\u00e9 dans une prison de T\u00e9h\u00e9ran pour \u00eatre interrog\u00e9e sur de nouvelles accusations.<\/p>\n<p>Zeinab Jalalian a purg\u00e9 13 ann\u00e9es cons\u00e9cutives de sa peine \u00e0 perp\u00e9tuit\u00e9 \u00e0 la prison de Khoy. Elle est en mauvaise condition physique et souffre d&#8217;affections telles que le pt\u00e9rygion, le muguet (candidose buccale) et d&#8217;autres infections graves. Elle souffre \u00e9galement de maladies intestinales et gastriques et d&#8217;une grave hypertension.<\/p>\n<p>Les autorit\u00e9s ont refus\u00e9 \u00e0 plusieurs reprises d&#8217;autoriser la prisonni\u00e8re politique kurde \u00e0 se rendre \u00e0 l&#8217;h\u00f4pital et l&#8217;ont auparavant forc\u00e9e \u00e0 faire de faux aveux.<\/p>\n<p>En juin 2018, <a href=\"https:\/\/wncri.org\/fr\/2018\/06\/19\/zeinab-jalalian-victime-de-torture-en-iran-selon-amnesty-international\/\" target=\"_blank\" rel=\"noopener noreferrer\">Amnesty International<\/a> a publi\u00e9 une d\u00e9claration sur Zeinab Jalalian, indiquant qu&#8217;elle \u00e9tait soumise \u00e0 la torture par les autorit\u00e9s iraniennes, qui bloquent d\u00e9lib\u00e9r\u00e9ment son acc\u00e8s aux soins m\u00e9dicaux sp\u00e9cialis\u00e9s malgr\u00e9 la d\u00e9t\u00e9rioration de son \u00e9tat de sant\u00e9.<\/p>\n<p>La situation est critique avec la propagation du coronavirus dans les prisons iraniennes parmi les prisonniers politiques. Les autorit\u00e9s p\u00e9nitentiaires ne prennent pas de mesures pour mettre les prisonniers en isolement ou les soigner et refusent de les lib\u00e9rer.<\/p>\n<p>&nbsp;<\/p>\n","protected":false},"excerpt":{"rendered":"<p>CNRI Femmes &#8211; Les forces de s\u00e9curit\u00e9 de la prison de Khoy en Iran ont brusquement transf\u00e9r\u00e9 la prisonni\u00e8re politique kurde Zeinab Jalalian vers un lieu tenu secret. Dans la matin\u00e9e du mardi 27 avril 2020, les forces de s\u00e9curit\u00e9 ont emmen\u00e9 Zeinab Jalalian hors de la maison d\u2019arr\u00eat de Khoy sans donner de raisons [&hellip;]<\/p>\n","protected":false},"author":4,"featured_media":10819,"comment_status":"open","ping_status":"open","sticky":false,"template":"","format":"standard","meta":{"jnews-multi-image_gallery":[],"jnews_single_post":{"subtitle":"","format":"standard","video":"","gallery":"","source_name":"","source_url":"","via_name":"","via_url":"","override_template":"0","override":[{"template":"1","single_blog_custom":"","parallax":"1","fullscreen":"0","layout":"right-sidebar","sidebar":"default-sidebar","second_sidebar":"default-sidebar","sticky_sidebar":"1","share_position":"top","share_float_style":"share-monocrhome","show_share_counter":"1","show_view_counter":"1","show_featured":"1","show_post_meta":"1","show_post_author":"1","show_post_author_image":"1","show_post_date":"1","post_date_format":"default","post_date_format_custom":"Y\/m\/d","show_post_category":"1","show_post_reading_time":"0","post_reading_time_wpm":"300","show_zoom_button":"0","zoom_button_out_step":"2","zoom_button_in_step":"3","show_post_tag":"1","show_prev_next_post":"1","show_popup_post":"1","number_popup_post":"1","show_author_box":"0","show_post_related":"0","show_inline_post_related":"0"}],"override_image_size":"0","image_override":[{"single_post_thumbnail_size":"crop-500","single_post_gallery_size":"crop-500"}],"trending_post":"0","trending_post_position":"meta","trending_post_label":"Trending","sponsored_post":"0","sponsored_post_label":"Sponsored by","sponsored_post_name":"","sponsored_post_url":"","sponsored_post_logo_enable":"0","sponsored_post_logo":"","sponsored_post_desc":""},"jnews_primary_category":{"id":""},"jnews_social_meta":[],"jnews_override_counter":{"override_view_counter":"0","view_counter_number":"0","override_share_counter":"0","share_counter_number":"0","override_like_counter":"0","like_counter_number":"0","override_dislike_counter":"0","dislike_counter_number":"0"},"footnotes":""},"categories":[3],"tags":[370],"class_list":["post-10818","post","type-post","status-publish","format-standard","has-post-thumbnail","hentry","category-infos-des-femmes","tag-prisonnieres"],"_links":{"self":[{"href":"https:\/\/wncri.org\/fr\/wp-json\/wp\/v2\/posts\/10818","targetHints":{"allow":["GET"]}}],"collection":[{"href":"https:\/\/wncri.org\/fr\/wp-json\/wp\/v2\/posts"}],"about":[{"href":"https:\/\/wncri.org\/fr\/wp-json\/wp\/v2\/types\/post"}],"author":[{"embeddable":true,"href":"https:\/\/wncri.org\/fr\/wp-json\/wp\/v2\/users\/4"}],"replies":[{"embeddable":true,"href":"https:\/\/wncri.org\/fr\/wp-json\/wp\/v2\/comments?post=10818"}],"version-history":[{"count":0,"href":"https:\/\/wncri.org\/fr\/wp-json\/wp\/v2\/posts\/10818\/revisions"}],"wp:featuredmedia":[{"embeddable":true,"href":"https:\/\/wncri.org\/fr\/wp-json\/wp\/v2\/media\/10819"}],"wp:attachment":[{"href":"https:\/\/wncri.org\/fr\/wp-json\/wp\/v2\/media?parent=10818"}],"wp:term":[{"taxonomy":"category","embeddable":true,"href":"https:\/\/wncri.org\/fr\/wp-json\/wp\/v2\/categories?post=10818"},{"taxonomy":"post_tag","embeddable":true,"href":"https:\/\/wncri.org\/fr\/wp-json\/wp\/v2\/tags?post=10818"}],"curies":[{"name":"wp","href":"https:\/\/api.w.org\/{rel}","templated":true}]}}